{"id":234143,"date":"2026-09-05T16:49:13","date_gmt":"2026-09-05T16:49:13","guid":{"rendered":"https:\/\/www.europesays.com\/hu\/234143\/"},"modified":"2026-09-05T16:49:13","modified_gmt":"2026-09-05T16:49:13","slug":"index-kulfold-teljesen-abszurd-a-haromszoros-gyerekgyilkos-anya-tortenete-akirol-nem-tudja-eldonteni-amerika-hogy-bunos-e","status":"publish","type":"post","link":"https:\/\/www.europesays.com\/hu\/234143\/","title":{"rendered":"Index &#8211; K\u00fclf\u00f6ld &#8211; Teljesen abszurd a h\u00e1romszoros gyerekgyilkos anya t\u00f6rt\u00e9nete, akir\u0151l nem tudja eld\u00f6nteni Amerika, hogy b\u0171n\u00f6s-e"},"content":{"rendered":"<p>A 36 \u00e9ves Lindsay Clancy, aki kor\u00e1bban \u00e1pol\u00f3k\u00e9nt dolgozott, nem tagadta, hogy 2023-ban meg\u00f6lte h\u00e1rom gyermek\u00e9t, az \u00f6t\u00e9ves Cor\u00e1t, a h\u00e1rom\u00e9ves Dawsont \u00e9s a nyolc h\u00f3napos Callant a csal\u00e1d otthon\u00e1ban. A h\u00e1rom rendbeli, el\u0151re kitervelt ember\u00f6l\u00e9s v\u00e1dj\u00e1ra m\u00e9gis \u00e1rtatlannak vallotta mag\u00e1t \u2013 eml\u00e9keztetett cikk\u00e9ben a <a href=\"https:\/\/www.bbc.com\/news\/articles\/cpwlrj2je1po\" id=\"hyperlink_9cbcb173ef2c3a09a25d5ec61dba906c\" rel=\"nofollow noopener\" target=\"_blank\">BBC<\/a>.<\/p>\n<p>\u00dcgyv\u00e9dei szerint ugyanis sz\u00fcl\u00e9s ut\u00e1ni pszich\u00f3zisban szenvedett, ez\u00e9rt b\u00fcntet\u0151jogilag nem vonhat\u00f3 felel\u0151ss\u00e9gre. A gyerekek hal\u00e1la ut\u00e1n Clancy \u00f6nkez\u0171leg pr\u00f3b\u00e1lt v\u00e9get vetni az \u00e9let\u00e9nek, az\u00f3ta leb\u00e9nult, \u00e9s elmegy\u00f3gyint\u00e9zetben tartj\u00e1k fogva.<\/p>\n<p>A v\u00e1d ezzel szemben tudatos d\u00f6nt\u00e9sekr\u0151l besz\u00e9lt. Timothy Cruz, a Plymouth megyei \u00fcgy\u00e9szs\u00e9g vezet\u0151je a b\u00edr\u00f3s\u00e1g el\u0151tt \u00fagy fogalmazott: \u201eA t\u00e9nyek szerint Lindsay Clancy meg\u00f6lte a h\u00e1rom gyermek\u00e9t, \u00e9s a bizony\u00edt\u00e9kok szerint\u00fcnk arra utaltak, hogy ura volt a tetteinek, amikor elk\u00f6vette ezeket az ember\u00f6l\u00e9seket.\u201d<\/p>\n<p>A sz\u00fcl\u00e9s ut\u00e1ni pszich\u00f3zis a <a href=\"https:\/\/index.hu\/tudomany\/2026\/02\/06\/hope-posztpartum-depresszio-marton-alexandra-ordogh-csilla-tabu\/\" id=\"hyperlink_0801d671137f40f7e296eb588a709e41\" target=\"_blank\" title=\"Tabuk sz\u00f6vik \u00e1t az \u00e9desany\u00e1k szenved\u00e9seit, mert a t\u00e1rsadalomnak \u00edgy k\u00e9nyelmesebb\" data-recommendation=\"bekezdes_utan\" data-recommendation-preview=\"{\" og:title=\"\" rel=\"nofollow noopener\">sz\u00fcl\u00e9s ut\u00e1ni depresszi\u00f3<\/a> legs\u00falyosabb, ritka form\u00e1ja: az \u00e9rintett anya hallucin\u00e1lhat, t\u00e9veszm\u00e9i lehetnek, \u00e9s elvesz\u00edtheti a kapcsolatot a val\u00f3s\u00e1ggal. A magyar k\u00f6zbesz\u00e9dben is j\u00f3r\u00e9szt tabu az anyas\u00e1g \u00e1rnyoldala.<\/p>\n<p>                        A d\u00f6nt\u00e9sk\u00e9ptelens\u00e9g nem felment\u00e9s?<\/p>\n<p>Az amerikai jogrendszerben ember\u00f6l\u00e9si \u00fcgyben csak egyhang\u00fa esk\u00fcdtsz\u00e9ki d\u00f6nt\u00e9s sz\u00fclethet, m\u00e9ghozz\u00e1 minden k\u00e9ts\u00e9get kiz\u00e1r\u00f3 bizony\u00edtotts\u00e1g mellett. Ha ez nem j\u00f6n \u00f6ssze, d\u00f6nt\u00e9sk\u00e9ptelen esk\u00fcdtsz\u00e9kr\u0151l besz\u00e9l\u00fcnk, \u00e9s a b\u00edr\u00f3 \u00e9rv\u00e9nytelen\u00edtheti a pert.<\/p>\n<p>A test\u00fclet h\u00e1romszor is jelezte, hogy zs\u00e1kutc\u00e1ba jutott.<\/p>\n<p>Ezen a ponton kimondom, hogy az esk\u00fcdtsz\u00e9k d\u00f6nt\u00e9sk\u00e9ptelen, \u00e9s \u00e9rv\u00e9nytelennek nyilv\u00e1n\u00edtom az elj\u00e1r\u00e1st<\/p>\n<p>\u2013 k\u00f6z\u00f6lte Sullivan b\u00edr\u00f3, majd elbocs\u00e1totta az esk\u00fcdteket.<\/p>\n<p>Ez azonban nem jelenti azt, hogy a v\u00e1d megbukott, \u00e9s azt sem, hogy Clancy \u00e1rtatlan. A n\u0151 ellen tov\u00e1bbra is \u00e9l a v\u00e1demel\u00e9s, \u00e9s marad az int\u00e9zetben.<\/p>\n<p>Szeptember 29-\u00e9n t\u00e1rgyal\u00e1son d\u0151lhet el, mi lesz az \u00fcgy sorsa: az \u00fcgy\u00e9szs\u00e9g k\u00e9rhet \u00faj elj\u00e1r\u00e1st, v\u00e1dalkut k\u00f6thet\u00a0\u2013 vagy ejtheti a v\u00e1dat. Clancy v\u00e9d\u0151je szerint egyetlen esk\u00fcdt akad\u00e1lyozta meg a <a href=\"https:\/\/index.hu\/kulfold\/2026\/09\/04\/lindsay-clancy-gyilkossag-gyerekek-targyalas-eskudtszek\/\" id=\"hyperlink_e3f599dbc353849a34d8b7a4e52d0503\" target=\"_blank\" title=\"Nem jutottak d\u0171l\u0151re az esk\u00fcdtek, \u00fajra b\u00edr\u00f3s\u00e1g el\u00e9 ker\u00fclhet Lindsay Clancy\" rel=\"nofollow noopener\">felment\u00e9st<\/a> \u2013 ezt f\u00fcggetlen forr\u00e1s nem er\u0151s\u00edtette meg.<\/p>\n<p>Az \u00fcgy hetekre lek\u00f6t\u00f6tte az amerikai k\u00f6zv\u00e9lem\u00e9nyt. A t\u00e1rgyal\u00e1st \u00e9l\u0151ben k\u00f6zvet\u00edtett\u00e9k, naponta t\u00f6bb mint k\u00e9tsz\u00e1z \u00fajs\u00e1g\u00edr\u00f3 zs\u00fafol\u00f3dott a b\u00edr\u00f3s\u00e1gon, \u00e9s a t\u00f6rt\u00e9ntekr\u0151l m\u00e9g Donald Trump eln\u00f6k is megsz\u00f3lalt, aki sz\u00f6rny\u0171 trag\u00e9di\u00e1nak nevezte az esetet.<\/p>\n<p>A NANE Egyes\u00fclet b\u00e1ntalmazott n\u0151knek \u00e9s gyermekeknek sz\u00f3l\u00f3 seg\u00e9lyvonala ingyenesen h\u00edvhat\u00f3 a +36-80-505-101-es telefonsz\u00e1mon (h., cs., p.: 18:00\u201322:00, k.: 10:00\u201322:00, sze.: 12:00\u201316:00). Az egyes\u00fclet seg\u00e9lyvonala k\u00fclf\u00f6ldr\u0151l a +36-1-267-4900-as telefonsz\u00e1mon \u00e9rhet\u0151 el. Tov\u00e1bbi inform\u00e1ci\u00f3 az egyes\u00fclet seg\u00e9lytev\u00e9kenys\u00e9geir\u0151l a  <a href=\"http:\/\/nane.hu\/\" id=\"hyperlink_9350b9ddaeeb31b3cb28e994db2b3d03\" rel=\"noopener nofollow noreferrer\" target=\"_blank\">nane.hu<\/a> oldalon tal\u00e1lhat\u00f3.<\/p>\n<p>\n                          Az Orsz\u00e1gos Kr\u00edziskezel\u0151 \u00e9s Inform\u00e1ci\u00f3s Telefonszolg\u00e1lat a nap 24 \u00f3r\u00e1j\u00e1ban, Magyarorsz\u00e1gr\u00f3l ingyenesen el\u00e9rhet\u0151 a 06-80-20-55-20-as telefonsz\u00e1mon.\n                        <\/p>\n<p>\n                          Az \u00e1ldozatseg\u00edt\u00e9ssel kapcsolatos valamennyi k\u00e9rd\u00e9sben 0\u201324 \u00f3r\u00e1ban az orsz\u00e1g eg\u00e9sz ter\u00fclet\u00e9r\u0151l h\u00edvhat\u00f3 az \u00c1ldozatseg\u00edt\u0151 Vonal a 06-80-225-225-\u00f6s telefonsz\u00e1mon.\n                        <\/p>\n<p><a href=\"https:\/\/dex.hu\/x.php?id=googlepref_desktop&amp;url=https:\/\/google.com\/preferences\/source?q=https:\/\/index.hu\" class=\"google-pref-banner \" id=\"googlePrefBanner\" rel=\"nofollow noopener\" target=\"_blank\"><\/p>\n<p>    Itt \u00e1ll\u00edtsa be, hogy az Index az els\u0151k k\u00f6z\u00f6tt legyen a Google-tal\u00e1latokban!<\/p>\n<p><\/a><\/p>\n<p>    <img decoding=\"async\" src=\"https:\/\/index.hu\/assets\/images\/social-follow\/logo-big.svg\" alt=\"Index.hu logo\"\/><\/p>\n<p>K\u00f6vesse az Indexet Facebookon is!<\/p>\n<p>    <a href=\"https:\/\/facebook.com\/Indexhu\" target=\"_blank\" rel=\"nofollow noopener\"><\/p>\n<p>        K\u00f6vetem!<br \/>\n    <\/a><\/p>\n","protected":false},"excerpt":{"rendered":"A 36 \u00e9ves Lindsay Clancy, aki kor\u00e1bban \u00e1pol\u00f3k\u00e9nt dolgozott, nem tagadta, hogy 2023-ban meg\u00f6lte h\u00e1rom gyermek\u00e9t, az \u00f6t\u00e9ves&hellip;\n","protected":false},"author":2,"featured_media":234144,"comment_status":"","ping_status":"","sticky":false,"template":"","format":"standard","meta":{"footnotes":"","_share_on_mastodon":"0"},"categories":[8],"tags":[6669,1622,42,64,54391,43,34,9932,1623,94,93,92],"class_list":["post-234143","post","type-post","status-publish","format-standard","has-post-thumbnail","category-vilag","tag-depresszio","tag-eskudtszek","tag-hungarian","tag-kulfold","tag-lindsay-clancy","tag-magyar","tag-news","tag-szules","tag-targyalas","tag-vilag","tag-world","tag-world-news"],"share_on_mastodon":{"url":"https:\/\/pubeurope.com\/@hu\/117219463380649353","error":""},"_links":{"self":[{"href":"https:\/\/www.europesays.com\/hu\/wp-json\/wp\/v2\/posts\/234143","targetHints":{"allow":["GET"]}}],"collection":[{"href":"https:\/\/www.europesays.com\/hu\/wp-json\/wp\/v2\/posts"}],"about":[{"href":"https:\/\/www.europesays.com\/hu\/wp-json\/wp\/v2\/types\/post"}],"author":[{"embeddable":true,"href":"https:\/\/www.europesays.com\/hu\/wp-json\/wp\/v2\/users\/2"}],"replies":[{"embeddable":true,"href":"https:\/\/www.europesays.com\/hu\/wp-json\/wp\/v2\/comments?post=234143"}],"version-history":[{"count":0,"href":"https:\/\/www.europesays.com\/hu\/wp-json\/wp\/v2\/posts\/234143\/revisions"}],"wp:featuredmedia":[{"embeddable":true,"href":"https:\/\/www.europesays.com\/hu\/wp-json\/wp\/v2\/media\/234144"}],"wp:attachment":[{"href":"https:\/\/www.europesays.com\/hu\/wp-json\/wp\/v2\/media?parent=234143"}],"wp:term":[{"taxonomy":"category","embeddable":true,"href":"https:\/\/www.europesays.com\/hu\/wp-json\/wp\/v2\/categories?post=234143"},{"taxonomy":"post_tag","embeddable":true,"href":"https:\/\/www.europesays.com\/hu\/wp-json\/wp\/v2\/tags?post=234143"}],"curies":[{"name":"wp","href":"https:\/\/api.w.org\/{rel}","templated":true}]}}