{"id":234145,"date":"2026-09-05T16:50:13","date_gmt":"2026-09-05T16:50:13","guid":{"rendered":"https:\/\/www.europesays.com\/hu\/234145\/"},"modified":"2026-09-05T16:50:13","modified_gmt":"2026-09-05T16:50:13","slug":"index-belfold-elkezdodott-az-ujabb-kormanyellenes-tuntetes","status":"publish","type":"post","link":"https:\/\/www.europesays.com\/hu\/234145\/","title":{"rendered":"Index &#8211; Belf\u00f6ld &#8211; Elkezd\u0151d\u00f6tt az \u00fajabb korm\u00e1nyellenes t\u00fcntet\u00e9s"},"content":{"rendered":"<p>\n                           Cikk\u00fcnk folyamatosan friss\u00fcl\u2026\n                        <\/p>\n<p>\u201e\u00c9p\u00edt\u0151 gondolatok egy nagyszer\u0171 k\u00f6z\u00f6ss\u00e9gben, besz\u00e9dek, filmek, t\u00e1nc \u00e9s zene\u201d \u2013 a szervez\u0151k \u00edgy harangozt\u00e1k be a Kossuth t\u00e9rre szervezett t\u00fcntet\u00e9st, aminek az aprop\u00f3j\u00e1b\u00f3l csup\u00e1n annyi der\u00fclt ki el\u0151zetesen, hogy azokat v\u00e1rj\u00e1k, akinek nem tetszik a rendszer. A <a href=\"https:\/\/index.hu\/belfold\/2026\/09\/05\/tuntetes-demonstracio-megmozdulas-workshop-ellenzek-kozter-skrabski-fruzsina-huth-gergely-kurucz-daniel-renge-zsolt\/\" id=\"hyperlink_ec41d5cb2dc61bef8476d20b14ed5d0c\" target=\"_blank\" title=\"Korm\u00e1nyellenes megmozdul\u00e1s k\u00e9sz\u00fcl\u0151dik Budapesten szombaton\" data-recommendation=\"bekezdes_utan\" data-recommendation-preview=\"{&quot;og:title&quot;:&quot;Korm\u00e1nyellenes megmozdul\u00e1s k\u00e9sz\u00fcl\\u0151dik Budapesten szombaton&quot;,&quot;og:description&quot;:&quot;J\u00f6n a \u201eNe f\u00e9ljetek! 2.0\u201d.&quot;,&quot;og:image&quot;:&quot;\\\/\\\/kep.cdn.indexvas.hu\\\/1\\\/0\\\/7140\\\/71406\\\/714069\\\/71406913_5265371_439a1987564c7f00421499fe0b23d962_wm.jpg&quot;}\" data-recommendation-id=\"6272415\" rel=\"nofollow noopener\">\u201eNe f\u00e9ljetek 2.0\u201d<\/a> a Facebookon fellelhet\u0151 le\u00edr\u00e1s szerint nem klasszikus t\u00fcntet\u00e9s, hanem interakt\u00edv k\u00f6z\u00f6ss\u00e9gi workshop \u00e9s demonstr\u00e1ci\u00f3 kever\u00e9ke, ahol a meghirdetettek szerint b\u00e1rki elmondhatja a gondolat\u00e1t, ehhez csup\u00e1n k\u00e9tperces besz\u00e9det kellett vide\u00f3ra venni az illet\u0151nek \u00e9s elk\u00fcldeni az \u00e1ltaluk megadott c\u00edmre.<\/p>\n<p>\n                          Az esem\u00e9ny szervez\u0151i: a K\u00f6zT\u00e9r, Horv\u00e1th Tam\u00e1s (a Magyar Jelen f\u0151szerkeszt\u0151je), Skrabski Fruzsina (dokumentumfilmes, a H\u00e1rom Kir\u00e1lyfi, H\u00e1rom Kir\u00e1lyl\u00e1ny Alap\u00edtv\u00e1ny vezet\u0151je), Huth Gergely (a Pesti Sr\u00e1cok volt f\u0151szerkeszt\u0151je), Renge Zsolt (f\u0151v\u00e1rosi fideszes politikus), a CitizenGO, Koh\u00e1n M\u00e1ty\u00e1s (a Mandiner volt \u00fajs\u00e1g\u00edr\u00f3ja), Szab\u00f3 L\u00e1szl\u00f3 (\u00f6nkorm\u00e1nyzati k\u00e9pvisel\u0151), valamint Kurucz D\u00e1niel (a K\u00f6zT\u00e9r alap\u00edt\u00f3ja \u00e9s vezet\u0151je).\n                        <\/p>\n<p>18.00:\u00a0Valamivel t\u00f6bb mint 1300-an jelezt\u00e9k a t\u00fcntet\u00e9s facebookos esem\u00e9ny\u00e9n\u00e9l, hogy kij\u00f6nnek a Kossuth t\u00e9rre a korm\u00e1ny ellen tiltakozni, de ennek csak a t\u00f6red\u00e9ke jelent meg. Az m\u00e1r egy\u00e9rtelm\u0171, hogy nem szombat este oszlatja fel mag\u00e1t a korm\u00e1ny. Az id\u0151 kellemesen \u0151szies, a besz\u00e9deket a DJ egy kis retr\u00f3 v\u00e1logat\u00e1ssal vezeti fel. Olyan zen\u00e9kkel pr\u00f3b\u00e1lja beind\u00edtani a bulit, mint az A.D. St\u00fadi\u00f3 klasszikusa, a P\u00e1ratlan p\u00e1ros, Mr. Rickt\u0151l a Sz\u00e1llj, csak sz\u00e1llj vagy a Tankcsapda Mennyorsz\u00e1g touristja.<\/p>\n<p>                        <a href=\"https:\/\/galeria.index.hu\/belfold\/2026\/09\/05\/ne_feljetek_20\/\" class=\"image-link\" target=\"galesz71414383\" data-contentid=\"6272721\" data-js-galeria-url=\"https:\/\/galeria.index.hu\/belfold\/2026\/09\/05\/ne_feljetek_20\/\" data-js-galeria-open-with=\"\" rel=\"nofollow noopener\"><br \/>\n                            <img decoding=\"async\" id=\"kep71414383\" alt=\"\" border=\"0\" loading=\"lazy\" src=\"https:\/\/www.europesays.com\/hu\/wp-content\/uploads\/2026\/09\/71414387_6a9b2cb8446756ebb21f4ae763ebc625_wm.jpg\" width=\"640\" height=\"427\" data-image_width=\"727\" data-image_height=\"485\"\/><\/p>\n<p>                         3        <\/p>\n<p>                        <\/a><\/p>\n<p>\n                        Gal\u00e9ria: Ne f\u00e9ljetek! 2.0Fot\u00f3: N\u00e9meth Kata \/ Index<\/p>\n<p>18.18: Lehet kapni magyar \u00e9s sz\u00e9kely z\u00e1szl\u00f3kat is, ez\u00fattal Magyar P\u00e9ter arck\u00e9pe n\u00e9lk\u00fcl. A kisebb 2000, a nagyobb 6000 forint. Dics\u00e9retre m\u00e9lt\u00f3 zenei v\u00e1logat\u00e1s volt, egy random h\u00e1zibuliban hajnal 3 \u00f3ra k\u00f6rny\u00e9k\u00e9n szoktak felcsend\u00fclni ezek a dalok. Delhusa Gjon, Krisz Rudi, a Fekete vonat \u00e9s a N\u00e9lk\u00fcled ut\u00e1n l\u00e9pett a sz\u00ednpadra a h\u00e1zigazda Renge Zsolt, aki besz\u00e9d\u00e9t azzal kezdte, hogy a politikai uborkaszezon elmaradt a ny\u00e1ron, ahogy a \u201ebe\u00edg\u00e9rt szeretetorsz\u00e1g\u201d sem j\u00f6tt. Renge r\u00f6gt\u00f6n f\u00fcttykoncertre \u00e9s skand\u00e1l\u00e1sra k\u00e9sztette a t\u00fcntet\u0151ket, amikor arr\u00f3l besz\u00e9lt, hogy egy cikk megjelen\u00e9se ut\u00e1n t\u00e1vol\u00edtott\u00e1k el Guly\u00e1s Istv\u00e1nt a k\u00f6zm\u00e9di\u00e1b\u00f3l \u00e9s sz\u00fcntett\u00e9k meg a m\u0171sor\u00e1t. Ezt a t\u00fcntet\u00e9st neki is aj\u00e1nlja, hogy legyen ez egy ki\u00e1ll\u00e1s mellette \u00e9s minden \u00fajs\u00e1g\u00edr\u00f3 mellett, akit atrocit\u00e1s \u00e9r.<\/p>\n<p>Nem hagyjuk. Nem hagyjuk<\/p>\n<p>\u2013 kezdett r\u00e1 a p\u00e1rsz\u00e1z f\u0151s t\u00fcntet\u0151 t\u00f6meg.<\/p>\n<p>18.30: \u201eA minisztereln\u00f6k\u00fcnk lesz a k\u00e9t l\u00e1bon j\u00e1r\u00f3, k\u00f6zp\u00e9nzb\u0151l fizetett gy\u0171l\u00f6letpropaganda\u201d \u2013 ezt m\u00e1r Dezse-Zelenka D\u00f3ra influenszer mondta, majd arr\u00f3l besz\u00e9lt, hogy Magyar P\u00e9ter c\u00e9lja magyart a magyar ellen ford\u00edtani. Szerinte ideje magasabb fokozatba kapcsolni, \u201emeg kell fogni m\u00e9g egy magyar kez\u00e9t, terjeszteni kell a j\u00f3zan hangot\u201d, mert csak \u00edgy tudj\u00e1k visszafoglalni a haz\u00e1jukat.<\/p>\n<p>B\u00e1r p\u00e1rtpolitikamentesnek hirdett\u00e9k az esem\u00e9nyt, az \u00fajbudai Fidesz k\u00e9pvisel\u0151je, Szab\u00f3 L\u00e1szl\u00f3 is felsz\u00f3lalt, aki r\u00f6vid besz\u00e9d\u00e9ben azt mondta, hogy egy demokratikus Magyarorsz\u00e1gon szeretne \u00e9lni. K\u00f6vetkezett M\u00f3nus Benj\u00e1min, a J\u00f6v\u0151\u00e9p\u00edt\u0151 Fiatalok DPK alap\u00edt\u00f3ja, aki ehhez h\u00edven arr\u00f3l besz\u00e9lt, hisz benne, hogy fel tudnak \u00e9p\u00edteni egy szebb Magyarorsz\u00e1got, ahol mindenki meghallgatja a m\u00e1sikat, a sz\u00e9ls\u0151s\u00e9gekr\u0151l pedig \u00fagy v\u00e9lekedett, zs\u00e1kutca. K\u00f6zben befutott biciklivel \u00e9s ut\u00e1nfut\u00f3j\u00e1val a perec\u00e1rus.<\/p>\n<p>\n                          (Bor\u00edt\u00f3k\u00e9p: N\u00e9meth Kata \/ Index)\n                        <\/p>\n<p><a href=\"https:\/\/dex.hu\/x.php?id=googlepref_desktop&amp;url=https:\/\/google.com\/preferences\/source?q=https:\/\/index.hu\" class=\"google-pref-banner \" id=\"googlePrefBanner\" rel=\"nofollow noopener\" target=\"_blank\"><\/p>\n<p>    Itt \u00e1ll\u00edtsa be, hogy az Index az els\u0151k k\u00f6z\u00f6tt legyen a Google-tal\u00e1latokban!<\/p>\n<p><\/a><\/p>\n<p>    <img decoding=\"async\" src=\"https:\/\/index.hu\/assets\/images\/social-follow\/logo-big.svg\" alt=\"Index.hu logo\"\/><\/p>\n<p>K\u00f6vesse az Indexet Facebookon is!<\/p>\n<p>    <a href=\"https:\/\/facebook.com\/Indexhu\" target=\"_blank\" rel=\"nofollow noopener\"><\/p>\n<p>        K\u00f6vetem!<br \/>\n    <\/a><\/p>\n","protected":false},"excerpt":{"rendered":"Cikk\u00fcnk folyamatosan friss\u00fcl\u2026 \u201e\u00c9p\u00edt\u0151 gondolatok egy nagyszer\u0171 k\u00f6z\u00f6ss\u00e9gben, besz\u00e9dek, filmek, t\u00e1nc \u00e9s zene\u201d \u2013 a szervez\u0151k \u00edgy harangozt\u00e1k&hellip;\n","protected":false},"author":2,"featured_media":234146,"comment_status":"","ping_status":"","sticky":false,"template":"","format":"standard","meta":{"footnotes":"","_share_on_mastodon":"0"},"categories":[6],"tags":[80,152,44,42,40,6274,12711,43,944,41,61634,3485,945,603],"class_list":["post-234145","post","type-post","status-publish","format-standard","has-post-thumbnail","category-magyarorszag","tag-belfold","tag-ce-napi","tag-hu","tag-hungarian","tag-hungary","tag-kossuth-ter","tag-kurucz-daniel","tag-magyar","tag-magyar-peter","tag-magyarorszag","tag-ne-feljetek","tag-parlament","tag-tisza-part","tag-tuntetes"],"share_on_mastodon":{"url":"https:\/\/pubeurope.com\/@hu\/117219467447876992","error":""},"_links":{"self":[{"href":"https:\/\/www.europesays.com\/hu\/wp-json\/wp\/v2\/posts\/234145","targetHints":{"allow":["GET"]}}],"collection":[{"href":"https:\/\/www.europesays.com\/hu\/wp-json\/wp\/v2\/posts"}],"about":[{"href":"https:\/\/www.europesays.com\/hu\/wp-json\/wp\/v2\/types\/post"}],"author":[{"embeddable":true,"href":"https:\/\/www.europesays.com\/hu\/wp-json\/wp\/v2\/users\/2"}],"replies":[{"embeddable":true,"href":"https:\/\/www.europesays.com\/hu\/wp-json\/wp\/v2\/comments?post=234145"}],"version-history":[{"count":0,"href":"https:\/\/www.europesays.com\/hu\/wp-json\/wp\/v2\/posts\/234145\/revisions"}],"wp:featuredmedia":[{"embeddable":true,"href":"https:\/\/www.europesays.com\/hu\/wp-json\/wp\/v2\/media\/234146"}],"wp:attachment":[{"href":"https:\/\/www.europesays.com\/hu\/wp-json\/wp\/v2\/media?parent=234145"}],"wp:term":[{"taxonomy":"category","embeddable":true,"href":"https:\/\/www.europesays.com\/hu\/wp-json\/wp\/v2\/categories?post=234145"},{"taxonomy":"post_tag","embeddable":true,"href":"https:\/\/www.europesays.com\/hu\/wp-json\/wp\/v2\/tags?post=234145"}],"curies":[{"name":"wp","href":"https:\/\/api.w.org\/{rel}","templated":true}]}}