{"id":234147,"date":"2026-09-05T16:51:13","date_gmt":"2026-09-05T16:51:13","guid":{"rendered":"https:\/\/www.europesays.com\/hu\/234147\/"},"modified":"2026-09-05T16:51:13","modified_gmt":"2026-09-05T16:51:13","slug":"index-sport-oriasi-fordulatot-vesz-a-kozonsegkedvenc-teniszezo-elete","status":"publish","type":"post","link":"https:\/\/www.europesays.com\/hu\/234147\/","title":{"rendered":"Index &#8211; Sport &#8211; \u00d3ri\u00e1si fordulatot vesz a k\u00f6z\u00f6ns\u00e9gkedvenc teniszez\u0151 \u00e9lete"},"content":{"rendered":"<p>A c\u00edmv\u00e9d\u0151 Carlos Alcaraz a harmadik m\u00e9rk\u0151z\u00e9s\u00e9t is megnyerte, a k\u00ednai Wu Yibing ellen 6:3, 6:4, 6:1-re gy\u0151z\u00f6tt. \u201eAz eredm\u00e9ny alapj\u00e1n azt lehet mondani, hogy el\u00e9g k\u00f6nny\u0171 meccs volt, de sz\u00e1momra \u00e9s ahogyan a p\u00e1ly\u00e1n \u00e9reztem magam, fizikailag nagyon kem\u00e9ny \u00e9s megterhel\u0151 volt. Sz\u00f3val egy\u00e1ltal\u00e1n nem \u00e9rzem \u00fagy, hogy minden k\u00f6nnyen j\u00f6nne, vagy hogy egyszer\u0171en minden j\u00f3l alakulna sz\u00e1momra. \u00dagy \u00e9rzem, hogy minden egyes pont\u00e9rt, minden egyes j\u00e1t\u00e9k\u00e9rt meg kellett dolgoznom. Ez ugyanakkor seg\u00edt abban, hogy k\u00e9t l\u00e1bbal a f\u00f6ld\u00f6n maradjak, \u00e9s mindig pontr\u00f3l pontra gondolkodjak, minden helyzetben megpr\u00f3b\u00e1ljam a legjobbat kihozni magamb\u00f3l. Mindig ez j\u00e1r a fejemben. Egy\u00e1ltal\u00e1n nem \u00e9rzem \u00fagy, hogy minden k\u00f6nnyen j\u00f6nne \u2013 \u00e9rt\u00e9kelte a p\u00e9nteki meccs\u00e9t a h\u00e9tszeres Grand Slam-bajnok, majd kicsit b\u0151vebben is elemezte az els\u0151 h\u00e9t tapasztalatait. \u2013 N\u00e9gy h\u00f3nap kihagy\u00e1s ut\u00e1n, amikor nem versenyeztem, nem j\u00e1tszottam m\u00e9rk\u0151z\u00e9seket, azt\u00e1n \u00fajra p\u00e1ly\u00e1ra l\u00e9psz, \u00e9s idegess\u00e9ggel, mindenf\u00e9le fesz\u00fclts\u00e9ggel egy\u00fctt egy hivatalos m\u00e9rk\u0151z\u00e9sen j\u00e1tszol, akkor a meccs ut\u00e1n, ak\u00e1r k\u00f6zvetlen\u00fcl ut\u00e1na, ak\u00e1r m\u00e1snap, \u00e9rezheted \u00fagy, hogy teljesen befesz\u00fclt a tested. N\u00e1lam ez nem t\u00f6rt\u00e9nt meg, s\u0151t, \u00fagy \u00e9rzem, hogy minden egyes meccs ut\u00e1n egyre jobban vagyok. Olyan, mintha v\u00e9gig versenyeztem volna. Engem is meglepett, hogyan \u00e9rzem magam, \u00e9s milyen j\u00f3l regener\u00e1l\u00f3dom minden m\u00e9rk\u0151z\u00e9s ut\u00e1n.<\/p>\n<p>Nagyon \u00f6r\u00fcl\u00f6k annak, hogy minden meccsen k\u00e9pes vagyok a legjobbamat ny\u00fajtani. Nem sz\u00e1m\u00edt, hogy h\u00e1rom vagy n\u00e9gy szettet j\u00e1tszom. Ennek t\u00e9nyleg nagyon \u00f6r\u00fcl\u00f6k.<\/p>\n<p>Mert amikor idej\u00f6ttem, az volt az elv\u00e1r\u00e1som magammal szemben, hogy rendben, n\u00e9zz\u00fck meg, hogyan fog menni. Egy\u00e1ltal\u00e1n nem tudtam, mire sz\u00e1m\u00edtsak. \u00dagyhogy egyszer\u0171en csak \u00f6r\u00fcl\u00f6k annak, ahogy alakulnak a dolgok, \u00e9s mindennel el\u00e9gedett vagyok, ami most t\u00f6rt\u00e9nik.<\/p>\n<p>Alapvet\u0151en olyan j\u00e1t\u00e9kos vagyok, akinek nincs sz\u00fcks\u00e9ge arra, hogy rengeteg torn\u00e1n induljon. Ink\u00e1bb azt szeretem, ha ment\u00e1lisan \u00e9s fizikailag is eg\u00e9szs\u00e9gesen, megfelel\u0151 \u00e1llapotban \u00e9rkezem a versenyekre, \u00e9s megvan bennem a versenyz\u00e9s \u00e9rz\u00e9se, amikor elindulok egy torn\u00e1n, b\u00e1rmir\u0151l is legyen sz\u00f3.<\/p>\n<p>\u00dagy \u00e9rzem, sz\u00fcks\u00e9g van olyan id\u0151szakokra, amikor az ember tarthat egy kis sz\u00fcnetet, megfelel\u0151en felk\u00e9sz\u00fclhet a versenyekre, \u00e9s ment\u00e1lisan is k\u00e9szen \u00e1ll. Ha viszont nincs meg ez az id\u0151, ez az id\u0151szak, ezek a sz\u00fcnetek, akkor nem tudsz a legjobb form\u00e1dban teljes\u00edteni a torn\u00e1kon. Ez\u00e9rt d\u00f6nt\u00f6ttem \u00fagy, hogy val\u00f3sz\u00edn\u0171leg a j\u00f6v\u0151ben is tartok majd sz\u00fcneteket, mert szeretn\u00e9m \u00fagy megk\u00f6zel\u00edteni a Grand Slam-torn\u00e1kat, a Masters 1000-es versenyeket vagy b\u00e1rmilyen m\u00e1s torn\u00e1t, hogy \u00fagy \u00e9rezzem, megfelel\u0151en felk\u00e9sz\u00fcltem.<\/p>\n<p>Egyszer\u0171en csak szeretn\u00e9k kil\u00e9pni a p\u00e1ly\u00e1ra, \u00e9lvezni \u00e9s j\u00f3l \u00e9rezni magam. Mert n\u00e9ha, amikor ilyen hossz\u00fa a szezon, vagy amikor h\u00e9tr\u0151l h\u00e9tre rengeteg torn\u00e1n j\u00e1tszol, azt \u00e9rzem, hogy m\u00e1r nem \u00f6r\u00f6mmel teniszezem, \u00e9s nem \u00e9lvezem a j\u00e1t\u00e9kot\u201d \u2013 magyar\u00e1zta Alcaraz, aki vas\u00e1rnap az amerikai Tommy Paul ellen j\u00e1tszik a negyedd\u00f6nt\u0151\u00e9rt.<\/p>\n<p>                        A m\u00f3kamesternek van egy kev\u00e9sb\u00e9 ismert oldala<\/p>\n<p>Stan Wawrinka ut\u00e1n Gael Monfils is lej\u00e1tszotta p\u00e1lyafut\u00e1sa utols\u00f3 Grand Slam-m\u00e9rk\u0151z\u00e9s\u00e9t. A 40. sz\u00fclet\u00e9snapj\u00e1t a h\u00e9ten \u00fcnnepelte a k\u00f6z\u00f6ns\u00e9gkedvenc francia \u00e9s b\u00facs\u00faz\u00f3ul m\u00e9g a t\u0151le megszokott m\u00f3don sz\u00f3rakoztatta a publikumot a Louis Armstrong ar\u00e9n\u00e1ban, de Lerner Tien ellen nem volt es\u00e9lye (6:3, 6:4, 6:3).<\/p>\n<p>\u201eMindig szeretn\u00e9l m\u00e9g egy kicsit t\u00f6bbet adni, m\u00e9g tov\u00e1bb maradni a p\u00e1ly\u00e1n. Mindent beleadtam, t\u00e9nyleg az utols\u00f3 energi\u00e1imat is, s\u0151t, azt hiszem, tal\u00e1n m\u00e9g t\u00fal is mentem a hat\u00e1ron. De Learner ma este nagyon kem\u00e9ny ellenf\u00e9l volt \u2013 \u00e9rt\u00e9kelt az interj\u00faszob\u00e1ban Monfils, majd a j\u00f6v\u0151j\u00e9r\u0151l besz\u00e9lt. \u2013 \u00daj fejezet kezd\u0151dik az \u00e9letemben. A p\u00e9nz\u00fcgyi szektorban fogok dolgozni. M\u00e1r al\u00e1 is \u00edrtam a szerz\u0151d\u00e9semet egy sv\u00e1jci c\u00e9ggel, ahol vagyonkezel\u00e9ssel foglalkozom majd. \u00dagyhogy a k\u00f6vetkez\u0151 fejezetben irod\u00e1ban fogok dolgozni, a p\u00e9nz\u00fcgyi szektorban.<\/p>\n<p>Term\u00e9szetesen tov\u00e1bbra is figyelemmel k\u00eds\u00e9rem majd a teniszt, mert im\u00e1dom ezt a sportot. A feles\u00e9gem j\u00e1tszik, biztosan valamennyire jelen leszek Elina mellett is. De nem hiszem, hogy j\u00f6v\u0151re olyan sokat foglalkozom majd a tenisszel.<\/p>\n<p>Aki furcs\u00e1llja, hogy mit keresek \u00e9n a p\u00e9nz\u00fcgyi szektorban a p\u00e1ly\u00e1r\u00f3l ismert szem\u00e9lyis\u00e9gemmel, a feles\u00e9gemet kellene megk\u00e9rdeznie err\u0151l, mert nagyon meglep\u0151dne. A teniszben olyan vagyok, amilyen, de szerintem \u0151 elmondan\u00e1, hogy azt szeretn\u00e9, b\u00e1rcsak otthon is ilyen lenn\u00e9k, mert otthon kicsit szigor\u00fabb \u00e9s komolyabb vagyok, teljesen m\u00e1sk\u00e9pp viselkedem. Itt viszont ez az \u00e9n \u00f6r\u00f6mforr\u00e1som, itt ki tudom engedni az \u00e9rzelmeimet.<\/p>\n<p>Neh\u00e9z ezt megfogalmazni, de val\u00f3j\u00e1ban egy\u00e1ltal\u00e1n nem vagyok rugalmas abban az \u00e9rtelemben, hogy szeretem, ha minden azonnal el van int\u00e9zve. Egy kicsit m\u00e1ni\u00e1kus is vagyok, \u00fagyhogy ez biztosan j\u00f3l j\u00f6n majd az \u00e9letem k\u00f6vetkez\u0151 fejezet\u00e9ben\u201d \u2013 vallott mag\u00e1r\u00f3l a laza m\u00f3kamesterk\u00e9nt ismert Gael Monfils.<\/p>\n<p>Val\u00f3sz\u00edn\u0171leg nem t\u00e9vedek, amikor azt \u00e1ll\u00edtom, hogy a tenisz t\u00f6rt\u00e9net\u00e9ben m\u00e9g nem j\u00e1tszottak n\u0151i p\u00e1rost annyi n\u00e9z\u0151 el\u0151tt, mint p\u00e9ntek este. Teljesen megtelt az Arthur Ashe ar\u00e9na, a fokozott \u00e9rdekl\u0151d\u00e9s a Williams n\u0151v\u00e9reknek sz\u00f3lt, de az \u00fcnnepl\u00e9s elmaradt, mert a 14. kiemelt Chan\/Joint kett\u0151s nyerte a 3 \u00f3ra 2 percig tart\u00f3 csat\u00e1t (6:3, 6:7, 7:6) \u2013 hi\u00e1ba vezettek az amerikaiak a meccs tiebreakben 5:0-ra.<\/p>\n<p>\u201e\u00dagy \u00e9rzem, nincs igaz\u00e1n mi\u00e9rt agg\u00f3dnom, mert egyszer\u0171en csak j\u00e1tszom \u00e9s \u00e9lvezem. Ha j\u00f3l alakulnak a dolgok, akkor j\u00f3l alakulnak. Pr\u00f3b\u00e1lom magam\u00e9v\u00e1 tenni az \u00f3kori g\u00f6r\u00f6g filoz\u00f3fi\u00e1t is, miszerint fejben fel kell k\u00e9sz\u00fclni a legrosszabb forgat\u00f3k\u00f6nyvre, miel\u0151tt kil\u00e9psz a csatat\u00e9rre, miel\u0151tt bem\u00e9sz ebbe a h\u00e1bor\u00fas z\u00f3n\u00e1ba, nevezz\u00fck \u00edgy. M\u00e1r eleve elfogadtam, hogy t\u00f6rt\u00e9nhetnek nagyon rossz dolgok is. Nem mindig alakul minden \u00fagy, ahogy szeretn\u00e9m, \u00e9s ha egy ilyen gondolkod\u00e1sm\u00f3ddal megyek bele a meccsbe, az lehet\u0151v\u00e9 teszi, hogy egy kicsit m\u00e1sk\u00e9pp tekintsek arra, amit ott a p\u00e1ly\u00e1n csin\u00e1lok, mint \u00e1ltal\u00e1ban. A t\u00falzott optimizmus \u00e9s a t\u00falzott magabiztoss\u00e1g is t\u00f6nkreteheti a j\u00e1t\u00e9kodat. Ezt a p\u00e1lyafut\u00e1som sor\u00e1n k\u00fcl\u00f6nb\u00f6z\u0151 m\u00f3dokon megtanultam\u201d \u2013 filozof\u00e1lgatott Cicipasz miut\u00e1n 2:6, 6:1, 7:6, 6:1-re verte a cseh Leheck\u00e1t.<\/p>\n<p><a href=\"https:\/\/dex.hu\/x.php?id=googlepref_desktop&amp;url=https:\/\/google.com\/preferences\/source?q=https:\/\/index.hu\" class=\"google-pref-banner \" id=\"googlePrefBanner\" rel=\"nofollow noopener\" target=\"_blank\"><\/p>\n<p>    Itt \u00e1ll\u00edtsa be, hogy az Index az els\u0151k k\u00f6z\u00f6tt legyen a Google-tal\u00e1latokban!<\/p>\n<p><\/a><\/p>\n<p>    <img decoding=\"async\" src=\"https:\/\/index.hu\/assets\/images\/social-follow\/logo-big.svg\" alt=\"Index.hu logo\"\/><\/p>\n<p>K\u00f6vesse az Indexet Facebookon is!<\/p>\n<p>    <a href=\"https:\/\/facebook.com\/Indexhu\" target=\"_blank\" rel=\"nofollow noopener\"><\/p>\n<p>        K\u00f6vetem!<br \/>\n    <\/a><\/p>\n","protected":false},"excerpt":{"rendered":"A c\u00edmv\u00e9d\u0151 Carlos Alcaraz a harmadik m\u00e9rk\u0151z\u00e9s\u00e9t is megnyerte, a k\u00ednai Wu Yibing ellen 6:3, 6:4, 6:1-re gy\u0151z\u00f6tt.&hellip;\n","protected":false},"author":2,"featured_media":234148,"comment_status":"","ping_status":"","sticky":false,"template":"","format":"standard","meta":{"footnotes":"","_share_on_mastodon":"0"},"categories":[33],"tags":[13671,38,36385,3647,35,37,44,42,40,43,41,1034,34,45,36,39329,39],"class_list":["post-234147","post","type-post","status-publish","format-standard","has-post-thumbnail","category-hirek","tag-carlos-alcaraz","tag-focimek","tag-gael-monfils","tag-grand-slam","tag-headlines","tag-hirek","tag-hu","tag-hungarian","tag-hungary","tag-magyar","tag-magyarorszag","tag-new-york","tag-news","tag-sport","tag-top-stories","tag-us-open","tag-vezeto-hirek"],"share_on_mastodon":{"url":"https:\/\/pubeurope.com\/@hu\/117219471619479317","error":""},"_links":{"self":[{"href":"https:\/\/www.europesays.com\/hu\/wp-json\/wp\/v2\/posts\/234147","targetHints":{"allow":["GET"]}}],"collection":[{"href":"https:\/\/www.europesays.com\/hu\/wp-json\/wp\/v2\/posts"}],"about":[{"href":"https:\/\/www.europesays.com\/hu\/wp-json\/wp\/v2\/types\/post"}],"author":[{"embeddable":true,"href":"https:\/\/www.europesays.com\/hu\/wp-json\/wp\/v2\/users\/2"}],"replies":[{"embeddable":true,"href":"https:\/\/www.europesays.com\/hu\/wp-json\/wp\/v2\/comments?post=234147"}],"version-history":[{"count":0,"href":"https:\/\/www.europesays.com\/hu\/wp-json\/wp\/v2\/posts\/234147\/revisions"}],"wp:featuredmedia":[{"embeddable":true,"href":"https:\/\/www.europesays.com\/hu\/wp-json\/wp\/v2\/media\/234148"}],"wp:attachment":[{"href":"https:\/\/www.europesays.com\/hu\/wp-json\/wp\/v2\/media?parent=234147"}],"wp:term":[{"taxonomy":"category","embeddable":true,"href":"https:\/\/www.europesays.com\/hu\/wp-json\/wp\/v2\/categories?post=234147"},{"taxonomy":"post_tag","embeddable":true,"href":"https:\/\/www.europesays.com\/hu\/wp-json\/wp\/v2\/tags?post=234147"}],"curies":[{"name":"wp","href":"https:\/\/api.w.org\/{rel}","templated":true}]}}