{"id":234149,"date":"2026-09-05T16:52:11","date_gmt":"2026-09-05T16:52:11","guid":{"rendered":"https:\/\/www.europesays.com\/hu\/234149\/"},"modified":"2026-09-05T16:52:11","modified_gmt":"2026-09-05T16:52:11","slug":"forgalomkorlatozasok-budapesten-2026-szeptember-5-en","status":"publish","type":"post","link":"https:\/\/www.europesays.com\/hu\/234149\/","title":{"rendered":"Forgalomkorl\u00e1toz\u00e1sok Budapesten 2026. szeptember 5-\u00e9n"},"content":{"rendered":"<p><a href=\"https:\/\/www.globalhir.hu\/\" rel=\"nofollow noopener\" target=\"_blank\">F\u0151oldal<\/a>\u203a<a href=\"https:\/\/www.globalhir.hu\/kek-szirena\/\" rel=\"nofollow noopener\" target=\"_blank\">K\u00e9k szir\u00e9na<\/a>\u203aIdeiglenes forgalomkorl\u00e1toz\u00e1sok lesznek szombaton Budapest t\u00f6bb ker\u00fcle\u2026<a class=\"gh-cat gh-cat-kek-szirena\" href=\"https:\/\/www.globalhir.hu\/kek-szirena\/\" style=\"--gh-cat-color:#021375;\" rel=\"nofollow noopener\" target=\"_blank\">K\u00e9k szir\u00e9na<\/a><\/p>\n<p class=\"gh-article__lead\">2026. szeptember 5-\u00e9n gy\u0171l\u00e9s, labdar\u00fag\u00f3-m\u00e9rk\u0151z\u00e9s, \u00e9s fut\u00f3verseny miatt ideiglenes forgalomkorl\u00e1toz\u00e1s lesz Budapest V., VIII., IX., XI., \u00e9s XIII. ker\u00fclet\u00e9ben.<\/p>\n<p><img width=\"751\" height=\"500\" src=\"https:\/\/www.europesays.com\/hu\/wp-content\/uploads\/2026\/09\/rendC591rautC3B320napraforgC3B3_1-2026-09-02-15-08-2026-09-05-18-19.webp\" class=\"gh-article__featured-image gh-article__featured-image--uncropped wp-post-image\" alt=\"Ideiglenes forgalomkorl\u00e1toz\u00e1sok lesznek szombaton Budapest t\u00f6bb ker\u00fclet\u00e9ben\" loading=\"eager\" decoding=\"async\" fetchpriority=\"high\"  \/> <\/p>\n<p>A Budapesti Rend\u0151r-f\u0151kapit\u00e1nys\u00e1g t\u00e1j\u00e9koztat\u00e1sa szerint a f\u0151v\u00e1ros t\u00f6bb pontj\u00e1n is forgalmirend-v\u00e1ltoz\u00e1sokra kell sz\u00e1m\u00edtani a nap folyam\u00e1n.<\/p>\n<p>A Budapest XI. ker\u00fclet\u00e9ben 0 \u00f3r\u00e1t\u00f3l 24 \u00f3r\u00e1ig, a VIII. \u00e9s IX. ker\u00fcletben 20 \u00f3r\u00e1t\u00f3l 24 \u00f3r\u00e1ig, m\u00edg az V. \u00e9s XIII. ker\u00fcletben 8 \u00f3r\u00e1t\u00f3l 22 \u00f3r\u00e1ig lesznek \u00e9rv\u00e9nyben korl\u00e1toz\u00e1sok. A Budapesti Rend\u0151r-f\u0151kapit\u00e1nys\u00e1g k\u00e9ri a j\u00e1rm\u0171vezet\u0151ket, hogy a megv\u00e1ltozott forgalmi rend szerint, fokozott figyelemmel k\u00f6zlekedjenek.<\/p>\n<p class=\"globalhir-police-source\">Forr\u00e1s: <a href=\"https:\/\/www.police.hu\/hu\/hirek-es-informaciok\/utinfo\/forgalmirend-valtozasok\/szombati-forgalomkorlatozasok-budapesten-293\" target=\"_blank\" rel=\"noopener noreferrer nofollow\">Police.hu<\/a>.<\/p>\n<p>Maradj vel\u00fcnk, hogy ne maradj le a friss h\u00edrekr\u0151l! <\/p>\n<p class=\"stcf-follow-box__text\">K\u00f6vesd a GlobalHir.hu-t Facebookon, iratkozz fel Telegram-csatorn\u00e1nkra, vagy add hozz\u00e1 RSS-feed\u00fcnket, \u00e9s \u00e9rtes\u00fclj gyorsan az \u00faj cikkekr\u0151l.<\/p>\n","protected":false},"excerpt":{"rendered":"F\u0151oldal\u203aK\u00e9k szir\u00e9na\u203aIdeiglenes forgalomkorl\u00e1toz\u00e1sok lesznek szombaton Budapest t\u00f6bb ker\u00fcle\u2026K\u00e9k szir\u00e9na 2026. szeptember 5-\u00e9n gy\u0171l\u00e9s, labdar\u00fag\u00f3-m\u00e9rk\u0151z\u00e9s, \u00e9s fut\u00f3verseny miatt ideiglenes&hellip;\n","protected":false},"author":2,"featured_media":234150,"comment_status":"","ping_status":"","sticky":false,"template":"","format":"standard","meta":{"footnotes":"","_share_on_mastodon":"0"},"categories":[22],"tags":[73,3544,9208,15657,2003,44,42,40,274,502,43,41,14748,269],"class_list":["post-234149","post","type-post","status-publish","format-standard","has-post-thumbnail","category-budapest","tag-budapest","tag-budapesti-rendor-fokapitanysag","tag-forgalomkorlatozas","tag-futoverseny","tag-gyules","tag-hu","tag-hungarian","tag-hungary","tag-kozlekedes","tag-labdarugas","tag-magyar","tag-magyarorszag","tag-police-hu","tag-rendorseg"],"share_on_mastodon":{"url":"https:\/\/pubeurope.com\/@hu\/117219475189468063","error":""},"_links":{"self":[{"href":"https:\/\/www.europesays.com\/hu\/wp-json\/wp\/v2\/posts\/234149","targetHints":{"allow":["GET"]}}],"collection":[{"href":"https:\/\/www.europesays.com\/hu\/wp-json\/wp\/v2\/posts"}],"about":[{"href":"https:\/\/www.europesays.com\/hu\/wp-json\/wp\/v2\/types\/post"}],"author":[{"embeddable":true,"href":"https:\/\/www.europesays.com\/hu\/wp-json\/wp\/v2\/users\/2"}],"replies":[{"embeddable":true,"href":"https:\/\/www.europesays.com\/hu\/wp-json\/wp\/v2\/comments?post=234149"}],"version-history":[{"count":0,"href":"https:\/\/www.europesays.com\/hu\/wp-json\/wp\/v2\/posts\/234149\/revisions"}],"wp:featuredmedia":[{"embeddable":true,"href":"https:\/\/www.europesays.com\/hu\/wp-json\/wp\/v2\/media\/234150"}],"wp:attachment":[{"href":"https:\/\/www.europesays.com\/hu\/wp-json\/wp\/v2\/media?parent=234149"}],"wp:term":[{"taxonomy":"category","embeddable":true,"href":"https:\/\/www.europesays.com\/hu\/wp-json\/wp\/v2\/categories?post=234149"},{"taxonomy":"post_tag","embeddable":true,"href":"https:\/\/www.europesays.com\/hu\/wp-json\/wp\/v2\/tags?post=234149"}],"curies":[{"name":"wp","href":"https:\/\/api.w.org\/{rel}","templated":true}]}}