{"id":234165,"date":"2026-09-05T17:09:08","date_gmt":"2026-09-05T17:09:08","guid":{"rendered":"https:\/\/www.europesays.com\/hu\/234165\/"},"modified":"2026-09-05T17:09:08","modified_gmt":"2026-09-05T17:09:08","slug":"x-faktor-2026-mentorok-mikor-kezdodik-jovunk-a-valaszokkal","status":"publish","type":"post","link":"https:\/\/www.europesays.com\/hu\/234165\/","title":{"rendered":"X-Faktor 2026: Mentorok? Mikor kezd\u0151dik? J\u00f6v\u00fcnk a v\u00e1laszokkal"},"content":{"rendered":"<p class=\"static-page__created\">2026. szeptember 5. 18:00<\/p>\n<p>V\u00e1g\u00f3lapra m\u00e1solva Link m\u00e1sol\u00e1sa <a class=\"share-network-facebook static-page__button social-share__button\" href=\"https:\/\/rtl.hu\/x-faktor\/2026\/09\/05\/javascript:void(0)\" rel=\"nofollow noopener\" target=\"_blank\"><\/a><\/p>\n<p>Az X-Faktor 2026-ban is az \u0151szi szombat est\u00e9k elengedhetetlen r\u00e9sze lesz! Elmondjuk, milyen v\u00e1ltoz\u00e1sok vannak a zs\u0171riasztal m\u00f6g\u00f6tt, \u00e9s mikor \u00e9s hol l\u00e1that\u00f3 az \u00faj \u00e9vad.<\/p>\n<p>A mentorok id\u00e9n is pontosan tudj\u00e1k, mire van sz\u00fcks\u00e9g\u00fck a versenyz\u0151knek. Saj\u00e1t tehets\u00e9g\u00fcket \u00e9s tud\u00e1sukat megcsillogtatva \u00f6r\u00f6mmel seg\u00edtenek inspir\u00e1ci\u00f3t ny\u00fajtani nekik. Ha k\u00edv\u00e1ncsi vagy, mik\u00e9nt dolgozik egy\u00fctt Sol\u00e9re, Majka, ByeAlex \u00e9s G\u00e1sp\u00e1r Laci, semmik\u00e9pp ne hagyd ki az X-Faktor \u00faj \u00e9vad\u00e1t!<\/p>\n<p>Nemcsak a mentorasztaln\u00e1l t\u00f6rt\u00e9nt v\u00e1ltoz\u00e1s: id\u00e9n <a href=\"https:\/\/rtl.hu\/sztarok\/kollo-babett\" rel=\"nofollow noopener\" target=\"_blank\">K\u00f6ll\u0151 Babett<\/a> \u00e9s <a href=\"https:\/\/rtl.hu\/sztarok\/ember-mark\" rel=\"nofollow noopener\" target=\"_blank\">Ember M\u00e1rk<\/a> lesznek az X-Faktor m\u0171sorvezet\u0151i!<\/p>\n<p>X-Faktor 2026 mentorok<a href=\"https:\/\/rtl.hu\/sztarok\/majka\" rel=\"nofollow noopener\" target=\"_blank\">Majka<\/a><\/p>\n<p>Majoros P\u00e9ter, alias Majka 2024 \u00f3ta a m\u0171sor mentora, eddigi legjobb eredm\u00e9nye tavaly sz\u00fcletett, amikor k\u00e9t versenyz\u0151je is fel\u00e1llhatott a k\u00e9pzeletbeli dobog\u00f3ra, igaz egyik\u00fck sem a legmagasabb fokra. Minden tr\u00e9f\u00e1ban benne van.<\/p>\n<p><a href=\"https:\/\/rtl.hu\/sztarok\/gaspar-laci\" rel=\"nofollow noopener\" target=\"_blank\">G\u00e1sp\u00e1r Laci<\/a><\/p>\n<p>Eml\u00e9kszik b\u00e1rki arra, milyen volt az X-Faktor Laci n\u00e9lk\u00fcl? 2026-ban kezdi kilencedik \u00e9vad\u00e1t az \u00e9nekes-dalszerz\u0151 mentor. Ha \u00e9ppen nem Sebesty\u00e9n Bal\u00e1zs\u00e9k el\u0151l menek\u00fcl, vagy a Lamb\u00f3j\u00e1ba teszi a kilom\u00e9tereket, akkor biztosan a versenyz\u0151ivel foglalkozik. 2017-ben a Ricco &amp; Claudia form\u00e1ci\u00f3val \u00e9rt fel az X-Faktor cs\u00facs\u00e1ra.<\/p>\n<p><a href=\"https:\/\/rtl.hu\/sztarok\/solere\" rel=\"nofollow noopener\" target=\"_blank\">Sol\u00e9re<\/a><\/p>\n<p>A m\u0171sor leg\u00fajabb mentora Szigeti Zs\u00f3fi, m\u0171v\u00e9sznev\u00e9n Sol\u00e9re, \u00e9nekesn\u0151, dalszerz\u0151 \u00e9s zeneipari coach. Amellett, hogy akt\u00edv zenei p\u00e1lyafut\u00e1s\u00e1t egyengeti, mindig is fontos volt sz\u00e1m\u00e1ra, hogy m\u00e1soknak seg\u00edtsen. Volt m\u00e1r a n\u0151i egyenjog\u00fas\u00e1g a zeneiparban nemzetk\u00f6zi arca, maga m\u00f6g\u00f6tt tudhat h\u00e1rom nagylemezt, sz\u00e1mtalan kislemezt, videoklipet, r\u00e1di\u00f3sl\u00e1gert, \u00e9s nem utols\u00f3sorban h\u00e1romszor fell\u00e9pett a Pusk\u00e1s Ar\u00e9n\u00e1ban a <a target=\"_blank\" rel=\"noopener noreferrer nofollow\" href=\"https:\/\/www.coldplay.com\/\">Coldplay<\/a> vend\u00e9gek\u00e9nt.<\/p>\n<p><a href=\"https:\/\/rtl.hu\/sztarok\/byealex\" rel=\"nofollow noopener\" target=\"_blank\">ByeAlex<\/a><\/p>\n<p>A magyar X-Faktor \u00bbReal Madridja\u00ab. M\u00e1rta Alex versenyz\u0151i nyert\u00e9k meg eddig a legt\u00f6bbsz\u00f6r a m\u0171sort, zsin\u00f3rban n\u00e9gyszer (USNK, Rusz\u00f3 Tibi, Alee \u00e9s Solyom Bernadett). 2016 \u00e9s 2022 k\u00f6z\u00f6tt \u00f6sszesen hat alkalommal foglalta el a mentorsz\u00e9ket. K\u00e9t \u00e9v kihagy\u00e1s ut\u00e1n visszat\u00e9rt, nagyobb benne a versenyszellem, mint b\u00e1rmikor. Nem finomkodik \u2013 ami a sz\u00edv\u00e9n, az a sz\u00e1j\u00e1n \u2013, n\u00e9ha karcos, de mindig korrekt.<\/p>\n<p>X-Faktor 2026: mikor kezd\u0151dik?<\/p>\n<p>Az \u0151sz els\u0151 h\u00e9tv\u00e9g\u00e9j\u00e9n k\u00e9tszer is l\u00e1thatjuk a tehets\u00e9geket: szeptember 5-\u00e9n, szombaton \u00e9s szeptember 6-\u00e1n, vas\u00e1rnap 20:00-t\u00f3l \u00e9rkezik az X-Faktor az RTL-re \u00e9s az <a target=\"_blank\" rel=\"noopener noreferrer nofollow\" href=\"https:\/\/www.rtlplusz.hu\/x-faktor-p_7680?utm_source=rtlhu&amp;utm_medium=body_text_block&amp;utm_campaign=x-faktord&amp;utm_content=seo-x-faktor-2026-mentorok-mikor-kezdodik-jovunk-a-valaszokkal\">RTL+ Premiumra<\/a>.<\/p>\n<p>Szeptember 12-t\u0151l minden szombaton 20:00-t\u00f3l lesz az <a target=\"_blank\" rel=\"noopener noreferrer nofollow\" href=\"https:\/\/www.rtlplusz.hu\/x-faktor-p_7680?utm_source=rtlhu&amp;utm_medium=body_text_block&amp;utm_campaign=x-faktord&amp;utm_content=seo-x-faktor-2026-mentorok-mikor-kezdodik-jovunk-a-valaszokkal\">RTL+ Premiumon<\/a> \u00e9s a t\u00e9v\u00e9k\u00e9perny\u0151n a show.<\/p>\n<p>Te is v\u00e1rod m\u00e1r az \u00faj \u00e9vadot? \u00cdme n\u00e9mi \u00edzel\u00edt\u0151:<\/p>\n<p>Alex ott folytatja, ahol abbahagyta:<\/p>\n","protected":false},"excerpt":{"rendered":"2026. szeptember 5. 18:00 V\u00e1g\u00f3lapra m\u00e1solva Link m\u00e1sol\u00e1sa Az X-Faktor 2026-ban is az \u0151szi szombat est\u00e9k elengedhetetlen r\u00e9sze&hellip;\n","protected":false},"author":2,"featured_media":234166,"comment_status":"","ping_status":"","sticky":false,"template":"","format":"standard","meta":{"footnotes":"","_share_on_mastodon":"0"},"categories":[19],"tags":[6396,1895,61638,1618,137,23274,44,42,40,4551,43,41,2260,27387,61636,1051,4124,3236,27143,138,191,1986,29593,177,61637],"class_list":["post-234165","post","type-post","status-publish","format-standard","has-post-thumbnail","category-tv","tag-byealex","tag-dal","tag-dalverseny","tag-ember-mark","tag-entertainment","tag-gaspar-laci","tag-hu","tag-hungarian","tag-hungary","tag-kollo-babett","tag-magyar","tag-magyarorszag","tag-majka","tag-mentorok","tag-mikor-kezdodik","tag-rtl","tag-rtl-premium","tag-showmusor","tag-solere","tag-szorakozas","tag-tv","tag-x-faktor","tag-x-faktor-2026","tag-zene","tag-zenei-show"],"share_on_mastodon":{"url":"https:\/\/pubeurope.com\/@hu\/117219542040881164","error":""},"_links":{"self":[{"href":"https:\/\/www.europesays.com\/hu\/wp-json\/wp\/v2\/posts\/234165","targetHints":{"allow":["GET"]}}],"collection":[{"href":"https:\/\/www.europesays.com\/hu\/wp-json\/wp\/v2\/posts"}],"about":[{"href":"https:\/\/www.europesays.com\/hu\/wp-json\/wp\/v2\/types\/post"}],"author":[{"embeddable":true,"href":"https:\/\/www.europesays.com\/hu\/wp-json\/wp\/v2\/users\/2"}],"replies":[{"embeddable":true,"href":"https:\/\/www.europesays.com\/hu\/wp-json\/wp\/v2\/comments?post=234165"}],"version-history":[{"count":0,"href":"https:\/\/www.europesays.com\/hu\/wp-json\/wp\/v2\/posts\/234165\/revisions"}],"wp:featuredmedia":[{"embeddable":true,"href":"https:\/\/www.europesays.com\/hu\/wp-json\/wp\/v2\/media\/234166"}],"wp:attachment":[{"href":"https:\/\/www.europesays.com\/hu\/wp-json\/wp\/v2\/media?parent=234165"}],"wp:term":[{"taxonomy":"category","embeddable":true,"href":"https:\/\/www.europesays.com\/hu\/wp-json\/wp\/v2\/categories?post=234165"},{"taxonomy":"post_tag","embeddable":true,"href":"https:\/\/www.europesays.com\/hu\/wp-json\/wp\/v2\/tags?post=234165"}],"curies":[{"name":"wp","href":"https:\/\/api.w.org\/{rel}","templated":true}]}}