{"id":234190,"date":"2026-09-05T17:32:10","date_gmt":"2026-09-05T17:32:10","guid":{"rendered":"https:\/\/www.europesays.com\/hu\/234190\/"},"modified":"2026-09-05T17:32:10","modified_gmt":"2026-09-05T17:32:10","slug":"feltamasztanak-a-budapesti-planetariumot-megvan-az-elso-lepes","status":"publish","type":"post","link":"https:\/\/www.europesays.com\/hu\/234190\/","title":{"rendered":"Felt\u00e1masztan\u00e1k a budapesti Planet\u00e1riumot, megvan az els\u0151 l\u00e9p\u00e9s"},"content":{"rendered":"<p>A t\u00e1rcavezet\u0151 szerint a Planet\u00e1rium az elm\u00falt \u00e9vekben fokozatosan leromlott, mik\u00f6zben a Tudom\u00e1nyos Ismeretterjeszt\u0151 T\u00e1rsulatnak sem forr\u00e1sa, sem megfelel\u0151 kapacit\u00e1sa nem volt az \u00e9p\u00fclet fenntart\u00e1s\u00e1ra \u00e9s fejleszt\u00e9s\u00e9re.<\/p>\n<p>A javaslat elfogad\u00e1sa eset\u00e9n a vagyonkezel\u0151i jog a Magyar M\u0171szaki \u00e9s K\u00f6zleked\u00e9si M\u00fazeumhoz ker\u00fclhet, ami megnyithatja az utat az \u00e9p\u00fclet fel\u00faj\u00edt\u00e1sa \u00e9s \u00fajranyit\u00e1sa el\u0151tt.<\/p>\n<p>Vit\u00e9zy <a href=\"https:\/\/www.facebook.com\/story.php?story_fbid=1619330719548946&amp;id=100044161013021&amp;rdid=im9GnLqjHisfjZkD#\" target=\"_blank\" rel=\"noopener nofollow\">k\u00f6zl\u00e9se szerint<\/a> az elm\u00falt hetekben a Tudom\u00e1nyos \u00e9s Technol\u00f3giai Miniszt\u00e9riummal k\u00f6z\u00f6sen t\u00f6bb nemzetk\u00f6zi p\u00e9ld\u00e1t is megvizsg\u00e1ltak, \u00e9s t\u00f6bb fejleszt\u00e9si tervet dolgoztak ki. A c\u00e9l, hogy a Planet\u00e1rium \u00faj form\u00e1ban \u00e9s tartalommal, de tov\u00e1bbra is a tudom\u00e1nyos ismeretterjeszt\u00e9st szolg\u00e1lva m\u0171k\u00f6dj\u00f6n \u00fajra. A tervekben a t\u00f6bb \u00e9vtizedes Zeiss vet\u00edt\u0151berendez\u00e9s meg\u0151rz\u00e9se is szerepel.<\/p>\n<p>A miniszter szerint ezzel megtett\u00e9k az els\u0151 l\u00e9p\u00e9st a Planet\u00e1rium \u00fajra\u00e9leszt\u00e9se fel\u00e9, de a teljes fel\u00faj\u00edt\u00e1sig m\u00e9g hossz\u00fa \u00fat \u00e1ll el\u0151tt\u00fck.<\/p>\n","protected":false},"excerpt":{"rendered":"A t\u00e1rcavezet\u0151 szerint a Planet\u00e1rium az elm\u00falt \u00e9vekben fokozatosan leromlott, mik\u00f6zben a Tudom\u00e1nyos Ismeretterjeszt\u0151 T\u00e1rsulatnak sem forr\u00e1sa, sem&hellip;\n","protected":false},"author":2,"featured_media":234191,"comment_status":"","ping_status":"","sticky":false,"template":"","format":"standard","meta":{"footnotes":"","_share_on_mastodon":"0"},"categories":[6],"tags":[44,42,40,43,41,5017,52729,593],"class_list":["post-234190","post","type-post","status-publish","format-standard","has-post-thumbnail","category-magyarorszag","tag-hu","tag-hungarian","tag-hungary","tag-magyar","tag-magyarorszag","tag-nepliget","tag-planetarium","tag-vitezy-david"],"share_on_mastodon":{"url":"https:\/\/pubeurope.com\/@hu\/117219632316877384","error":""},"_links":{"self":[{"href":"https:\/\/www.europesays.com\/hu\/wp-json\/wp\/v2\/posts\/234190","targetHints":{"allow":["GET"]}}],"collection":[{"href":"https:\/\/www.europesays.com\/hu\/wp-json\/wp\/v2\/posts"}],"about":[{"href":"https:\/\/www.europesays.com\/hu\/wp-json\/wp\/v2\/types\/post"}],"author":[{"embeddable":true,"href":"https:\/\/www.europesays.com\/hu\/wp-json\/wp\/v2\/users\/2"}],"replies":[{"embeddable":true,"href":"https:\/\/www.europesays.com\/hu\/wp-json\/wp\/v2\/comments?post=234190"}],"version-history":[{"count":0,"href":"https:\/\/www.europesays.com\/hu\/wp-json\/wp\/v2\/posts\/234190\/revisions"}],"wp:featuredmedia":[{"embeddable":true,"href":"https:\/\/www.europesays.com\/hu\/wp-json\/wp\/v2\/media\/234191"}],"wp:attachment":[{"href":"https:\/\/www.europesays.com\/hu\/wp-json\/wp\/v2\/media?parent=234190"}],"wp:term":[{"taxonomy":"category","embeddable":true,"href":"https:\/\/www.europesays.com\/hu\/wp-json\/wp\/v2\/categories?post=234190"},{"taxonomy":"post_tag","embeddable":true,"href":"https:\/\/www.europesays.com\/hu\/wp-json\/wp\/v2\/tags?post=234190"}],"curies":[{"name":"wp","href":"https:\/\/api.w.org\/{rel}","templated":true}]}}