{"id":234194,"date":"2026-09-05T17:40:20","date_gmt":"2026-09-05T17:40:20","guid":{"rendered":"https:\/\/www.europesays.com\/hu\/234194\/"},"modified":"2026-09-05T17:40:20","modified_gmt":"2026-09-05T17:40:20","slug":"ashley-judd-oszulo-hajjal-es-smink-nelkul","status":"publish","type":"post","link":"https:\/\/www.europesays.com\/hu\/234194\/","title":{"rendered":"Ashley Judd \u0151sz\u00fcl\u0151 hajjal \u00e9s smink n\u00e9lk\u00fcl"},"content":{"rendered":"<p data-alignment=\"left\" class=\"text-left\" data-block-key=\"8q9vs\">Ashley Judd a &#8217;90-es \u00e9vekben az egyik legszebb sz\u00edn\u00e9szn\u0151nek sz\u00e1m\u00edtott Hollywoodban. Olyan filmek k\u00f6thet\u0151k nev\u00e9hez, mint a Szemt\u0151l szemben, a Ha \u00f6lni kell vagy a Vag\u00e1ny n\u0151k klubja, \u00e9s a sor term\u00e9szetesen itt m\u00e9g kor\u00e1ntsem \u00e9r v\u00e9get. K\u00f6zel a 60-hoz azonban ma m\u00e1r nagyon m\u00e1sk\u00e9pp n\u00e9z ki, mint ezekben az alkot\u00e1sokban.<\/p>\n<p>      Ashley Judd \u0151sz\u00fcl\u0151 hajjal \u00e9s smink n\u00e9lk\u00fcl<\/p>\n<p data-alignment=\"left\" class=\"text-left\" data-block-key=\"bt4vp\">A sz\u00edn\u00e9szn\u0151t egy id\u0151ben azzal kezdt\u00e9k b\u00edr\u00e1lni, <a href=\"https:\/\/femina.hu\/vilagsztar\/jennifer-grey-dirty-dancing-baby-most\/\" rel=\"nofollow noopener\" target=\"_blank\">hogy plasztik\u00e1ztatott<\/a>, arca ugyanis rendk\u00edv\u00fcl felpuffadt, szinte alig lehetett r\u00e1ismerni. Ashley Judd azonban saj\u00e1t maga tiszt\u00e1zta ezeket a felvet\u00e9seket, amikor elmes\u00e9lte, hogy egy s\u00falyos fert\u0151z\u00e9s miatt kapott szteroid kezel\u00e9se \u00e1ll a duzzadt megjelen\u00e9s h\u00e1tter\u00e9ben.<\/p>\n<p>                <img decoding=\"async\" alt=\"WASHINGTON, DC - MAY 09: Actress Ashley Judd holds a copy of the text of Naomi's Law during her discussion of the need for responsible and respectful reporting on suicides at a luncheon  at National Press Club on May 09, 2023 in Washington, DC. (Photo by Shannon Finney\/Getty Images)\" class=\"{{ portrait_image_classes }}\" height=\"600\" loading=\"lazy\"  src=\"https:\/\/www.europesays.com\/hu\/wp-content\/uploads\/2026\/09\/ashley_judd_1.2e16d0ba.format-jpeg.fill-400x600.jpg\"  width=\"400\"\/><\/p>\n<p>    Fot\u00f3: Shannon Finney \/ Getty Images<\/p>\n<p data-alignment=\"left\" class=\"text-left\" data-block-key=\"6qt9e\">&#8222;Amikor t\u00f6bb mint egy h\u00f3napig beteg vagyok, \u00e9s gy\u00f3gyszereket \u2013 k\u00f6zt\u00fck t\u00f6bb k\u00far\u00e1nyi szteroidot \u2013 szedek, azzal v\u00e1dolnak, hogy mivel az arcom puffadtnak t\u0171nik, biztosan plasztikai m\u0171t\u00e9ten estem \u00e1t, s\u0151t, egy\u00e9bk\u00e9nt hiteles \u00fajs\u00e1g\u00edr\u00f3k nagy magabiztoss\u00e1ggal azonos\u00edtj\u00e1k is azokat a beavatkoz\u00e1sokat, amelyeket \u00e1ll\u00edt\u00f3lag elv\u00e9geztek rajtam\u201d \u2013 v\u00e1gott vissza akkor az \u0151t \u00e9rt kritik\u00e1kra.<\/p>\n<p data-alignment=\"left\" class=\"text-left\" data-block-key=\"8p33k\">&#8211; \u00dagy v\u00e9lem, a n\u0151gy\u0171l\u00f6let v\u00e1ltja ki ezeket a kritik\u00e1kat. Szerintem a l\u00e1nyok \u00e9s n\u0151k t\u00e1rgyias\u00edt\u00e1sa, valamint t\u00e1rsadalmunk t\u00falzott szexualiz\u00e1lts\u00e1ga \u00e1ll a b\u00edr\u00e1latok h\u00e1tter\u00e9ben. Val\u00f3j\u00e1ban semmi k\u00f6ze az eg\u00e9sznek hozz\u00e1m vagy a k\u00fcls\u0151mh\u00f6z \u2013 nyilatkozta ut\u00e1na <a href=\"https:\/\/www.nbcnews.com\/nightly-news\/ashley-judd-fires-back-over-plastic-surgery-rumors-flna710115\" target=\"_blank\" rel=\" noopener noreferrer nofollow\">az NBC Newsnak.<\/a><\/p>\n<p data-alignment=\"left\" class=\"text-left\" data-block-key=\"f6g9g\">2020-ban ism\u00e9t t\u00e1madni kezdt\u00e9k a k\u00fclseje miatt, a sz\u00edn\u00e9szn\u0151 akkor egy Facebook-posztban reag\u00e1lt ezekre a v\u00e1dakra, \u00e9s azt \u00edrta, hogy a kor\u00e1bbi szteroidok mellett a s\u00falyos migr\u00e9nek elleni orvosi botoxkezel\u00e9s is hozz\u00e1j\u00e1rult a duzzanatokhoz.<\/p>\n<p>                <img decoding=\"async\" alt=\"\" class=\"w-full h-full object-cover\" height=\"278\" loading=\"lazy\"  src=\"https:\/\/www.europesays.com\/hu\/wp-content\/uploads\/2026\/09\/ashley_judd_smink_nelk.2e16d0ba.format-jpeg.fill-370x278.jpg\"  width=\"370\"\/><\/p>\n<p>    Fot\u00f3: Facebook\/Ashley Judd<\/p>\n<p data-alignment=\"left\" class=\"text-left\" data-block-key=\"pta8\">A sz\u00edn\u00e9szn\u0151 arca m\u00e1ra teljesen m\u00e1s lett, emellett azzal is ki\u00e1ll a n\u0151i term\u00e9szetes sz\u00e9ps\u00e9g mellett az\u00f3ta is, hogy rengetegszer smink n\u00e9lk\u00fcl szerepel a k\u00f6z\u00f6ss\u00e9gi oldalaira felt\u00f6lt\u00f6tt tartalmaiban. Haj\u00e1t sem festi, hanem b\u00fcszk\u00e9n viseli <a href=\"https:\/\/femina.hu\/vilagsztar\/freddie-prinze-jr-ma\/\" rel=\"nofollow noopener\" target=\"_blank\">\u0151szbe borul\u00f3 frizur\u00e1j\u00e1t.<\/a><\/p>\n<p data-alignment=\"left\" class=\"text-left\" data-block-key=\"7ik8o\">Lehets\u00e9ges, hogy els\u0151 r\u00e1n\u00e9z\u00e9sre nem ismern\u00e9d fel, hogy ugyanazt a sz\u00edn\u00e9szn\u0151t l\u00e1tod ezeken a felv\u00e9teleken, mint annak idej\u00e9n a filmkock\u00e1kon, m\u00e9gis az nyugodtan kijelenthet\u0151, hogy Ashley Judd \u00edgy is gy\u00f6ny\u00f6r\u0171, \u00e9s 58 \u00e9vesen, nat\u00far megjelen\u00e9ssel is elk\u00e9peszt\u0151 jelens\u00e9g.<\/p>\n<p>            <a href=\"https:\/\/femina.hu\/vilagsztar\/andie-macdowell-osz-haj-nagymama\/\" rel=\"nofollow noopener\" target=\"_blank\"><\/p>\n<p>              <img decoding=\"async\" src=\"https:\/\/femina.hu\/neon\/media\/images\/68253947_5038723_d44d381e7570fc.format-avif.max-600x400.avif\" alt=\"Az \u0151sz haj\u00fa Andie MacDowell gy\u00f6ny\u00f6r\u0171 nagymama: 67 \u00e9vesen is ragyog\u00f3 jelens\u00e9g\" class=\"w-full object-cover aspect-square rounded-[24px]\" loading=\"lazy\"\/><\/p>\n<p>            <\/a><\/p>\n<p>          Az \u0151sz haj\u00fa Andie MacDowell gy\u00f6ny\u00f6r\u0171 nagymama: 67 \u00e9vesen is ragyog\u00f3 jelens\u00e9g<\/p>\n<p class=\"!text-[18px] !leading-[28px] !mb-0\">\n          Andie MacDowell \u0151sz hajjal \u00e9s nagymamak\u00e9nt is csodasz\u00e9p m\u00e9g mindig.\n        <\/p>\n<p>          <a href=\"https:\/\/femina.hu\/vilagsztar\/andie-macdowell-osz-haj-nagymama\/\" target=\"_blank\" rel=\"noopener noreferrer nofollow\" class=\"!no-underline !text-black flex justify-center items-center text-[20px] h-[62px] w-fit default-rounded-button content-center px-6 py-4 font-semibold after:content-[&#039;&#039;] after:inline-block after:h-[1em] after:w-[1.5em] after:ml-[1em] after:bg-[url(&#039;\/static\/images\/femina\/arrow_link_right.svg&#039;)] after:bg-no-repeat after:bg-center after:bg-[length:100%_auto]\"><br \/>\n            Elolvasom<br \/>\n          <\/a><\/p>\n<p data-alignment=\"left\" class=\"text-left\" data-block-key=\"s66br\">Cover-fot\u00f3: Profimedia<\/p>\n<p>&#13;<br \/>\n  &#13;\n<\/p>\n<p>`, adoceanServer:&#8221;indexhu.adocean.pl&#8221;, tags:&#8221;[\\u0022szt\\u005Cu00e1r\\u0022, \\u0022ashley judd\\u0022, \\u0022\\u005Cu0151sz haj\\u0022, \\u0022smink n\\u005Cu00e9lk\\u005Cu00fcl\\u0022, \\u0022sz\\u005Cu00edn\\u005Cu00e9szn\\u005Cu0151\\u0022]&#8221;, identCodes:&#8221;{\\u0022fe30\\u0022: \\u00221\\u0022, \\u0022fe07\\u0022: \\u00221\\u0022}&#8221;})&#8221;<br \/>\n      :id=&#8221;zoneId&#8221; x-cloak<\/p>\n<p>      class=&#8221;ad-node &#8221; x-init=&#8221;load();&#8221;&gt;<\/p>\n<p>\n  hirdet\u00e9s\n<\/p>\n<p><a href=\"https:\/\/google.com\/preferences\/source?q=https%3A\/\/femina.hu\" rel=\"noopener nofollow\" referrerpolicy=\"no-referrer-when-downgrade\" class=\"!flex !items-center !gap-5 !py-2 !px-3 w-full !rounded-xl !font-bold cursor-pointer !no-underline relative !bg-white !text-[#202124] !border !border-[#858585] dark:!bg-[#323232] dark:!text-white dark:border-none my-4 \" target=\"_blank\"><br \/>\n  <img decoding=\"async\" src=\"https:\/\/femina.hu\/neon\/static\/images\/favicons\/google_favicon.svg\" alt=\"Google\" class=\"shrink-0 w-7 h-7\"\/><br \/>\n  \u00c1ll\u00edtsd be a Google keres\u0151j\u00e9t, hogy a tal\u00e1latok k\u00f6z\u00f6tt biztos ott legyen a Femina!<\/p>\n<p><\/a><\/p>\n","protected":false},"excerpt":{"rendered":"Ashley Judd a &#8217;90-es \u00e9vekben az egyik legszebb sz\u00edn\u00e9szn\u0151nek sz\u00e1m\u00edtott Hollywoodban. Olyan filmek k\u00f6thet\u0151k nev\u00e9hez, mint a Szemt\u0151l&hellip;\n","protected":false},"author":2,"featured_media":234195,"comment_status":"","ping_status":"","sticky":false,"template":"","format":"standard","meta":{"footnotes":"","_share_on_mastodon":"0"},"categories":[16],"tags":[61648,137,44,42,40,43,41,2869,1163,926,138,205],"class_list":["post-234194","post","type-post","status-publish","format-standard","has-post-thumbnail","category-szorakozas","tag-ashley-judd","tag-entertainment","tag-hu","tag-hungarian","tag-hungary","tag-magyar","tag-magyarorszag","tag-osz-haj","tag-smink-nelkul","tag-szineszno","tag-szorakozas","tag-sztar"],"share_on_mastodon":{"url":"https:\/\/pubeurope.com\/@hu\/117219664156021190","error":""},"_links":{"self":[{"href":"https:\/\/www.europesays.com\/hu\/wp-json\/wp\/v2\/posts\/234194","targetHints":{"allow":["GET"]}}],"collection":[{"href":"https:\/\/www.europesays.com\/hu\/wp-json\/wp\/v2\/posts"}],"about":[{"href":"https:\/\/www.europesays.com\/hu\/wp-json\/wp\/v2\/types\/post"}],"author":[{"embeddable":true,"href":"https:\/\/www.europesays.com\/hu\/wp-json\/wp\/v2\/users\/2"}],"replies":[{"embeddable":true,"href":"https:\/\/www.europesays.com\/hu\/wp-json\/wp\/v2\/comments?post=234194"}],"version-history":[{"count":0,"href":"https:\/\/www.europesays.com\/hu\/wp-json\/wp\/v2\/posts\/234194\/revisions"}],"wp:featuredmedia":[{"embeddable":true,"href":"https:\/\/www.europesays.com\/hu\/wp-json\/wp\/v2\/media\/234195"}],"wp:attachment":[{"href":"https:\/\/www.europesays.com\/hu\/wp-json\/wp\/v2\/media?parent=234194"}],"wp:term":[{"taxonomy":"category","embeddable":true,"href":"https:\/\/www.europesays.com\/hu\/wp-json\/wp\/v2\/categories?post=234194"},{"taxonomy":"post_tag","embeddable":true,"href":"https:\/\/www.europesays.com\/hu\/wp-json\/wp\/v2\/tags?post=234194"}],"curies":[{"name":"wp","href":"https:\/\/api.w.org\/{rel}","templated":true}]}}