{"id":234198,"date":"2026-09-05T17:45:07","date_gmt":"2026-09-05T17:45:07","guid":{"rendered":"https:\/\/www.europesays.com\/hu\/234198\/"},"modified":"2026-09-05T17:45:07","modified_gmt":"2026-09-05T17:45:07","slug":"index-kulfold-ilyenre-sem-lattunk-mostanaban-peldat-az-egyik-kontinens-megno-atrajzoljak-a-terkepen","status":"publish","type":"post","link":"https:\/\/www.europesays.com\/hu\/234198\/","title":{"rendered":"Index &#8211; K\u00fclf\u00f6ld &#8211; Ilyenre sem l\u00e1ttunk mostan\u00e1ban p\u00e9ld\u00e1t, az egyik kontinens megn\u0151, \u00e1trajzolj\u00e1k a t\u00e9rk\u00e9pen"},"content":{"rendered":"<p>A <a href=\"https:\/\/www.bbc.com\/news\/articles\/ce30vp55dnlo\" id=\"hyperlink_f65fc904cd07d5cf35ff522223d852c5\" rel=\"nofollow noopener\" target=\"_blank\">BBC<\/a> besz\u00e1mol\u00f3ja szerint a szavaz\u00e1son Franciaorsz\u00e1g \u00e9s az Egyes\u00fclt Kir\u00e1lys\u00e1g is igennel voksolt, hat orsz\u00e1g tart\u00f3zkodott, \u00e9s egyed\u00fcl az Egyes\u00fclt \u00c1llamok szavazott nemmel.<\/p>\n<p>A sz\u00e1mok maguk\u00e9rt besz\u00e9lnek: Gr\u00f6nland nagyj\u00e1b\u00f3l 2,2 milli\u00f3, Afrika pedig 30,4 milli\u00f3 n\u00e9gyzetkilom\u00e9ter. A #CorrectTheMap kamp\u00e1ny szerint Afrik\u00e1ba belef\u00e9rne az Egyes\u00fclt \u00c1llamok, K\u00edna, India, Jap\u00e1n, Mexik\u00f3 \u00e9s Eur\u00f3pa nagy r\u00e9sze \u2013 \u00e9s m\u00e9g mindig maradna hely.<\/p>\n<p>                              <a target=\"_blank\" title=\"@thenationalnews\" href=\"https:\/\/www.tiktok.com\/@thenationalnews?refer=embed\" rel=\"nofollow noopener\">@thenationalnews<\/a> <\/p>\n<p>The UN General Assembly has backed a resolution calling for a shift away from the traditional Mercator projection of the world, with the US opposing the measure. The Mercator map, developed in the 16th century, distorts the size of land masses, making Africa appear smaller relative to regions including Europe and North America.<\/p>\n<p> <a target=\"_blank\" title=\"\u266c original sound - The National News\" href=\"https:\/\/www.tiktok.com\/music\/original-sound-7681760409434606343?refer=embed\" rel=\"nofollow noopener\">\u266c original sound &#8211; The National News<\/a>   <\/p>\n<p>A torz\u00edt\u00e1s oka nem \u00f6sszeesk\u00fcv\u00e9s, hanem geometria: egy g\u00f6mb felsz\u00edn\u00e9t lehetetlen torz\u00edt\u00e1s n\u00e9lk\u00fcl kiter\u00edteni a pap\u00edrra, ez\u00e9rt minden vil\u00e1gt\u00e9rk\u00e9p kompromisszum.<\/p>\n<p>Gerardus Mercator flamand t\u00e9rk\u00e9p\u00e9sz 1569-es, az eur\u00f3pai haj\u00f3sok navig\u00e1ci\u00f3j\u00e1hoz megalkotott, vet\u00fclete \u00fagy oldja meg a probl\u00e9m\u00e1t, hogy az Egyenl\u00edt\u0151 k\u00f6zel\u00e9ben fekv\u0151 ter\u00fcleteket \u00f6sszenyomja, a sarkok fel\u00e9 es\u0151ket viszont felf\u00fajja. A vet\u00fcletek m\u0171k\u00f6d\u00e9s\u00e9r\u0151l \u00e9s a vil\u00e1g nagy t\u00e9rk\u00e9pmiz\u00e9ri\u00e1j\u00e1r\u00f3l kor\u00e1bban <a href=\"https:\/\/index.hu\/fomo\/2025\/01\/17\/terkep-terkepeszet-mercator-vetulet-authagraph-japan\/\" id=\"hyperlink_34ae06fea4d3341072e316dec0617781\" target=\"_blank\" title=\"A nagy t\u00e9rk\u00e9pmiz\u00e9ria, amely miatt sokszor Magyarorsz\u00e1got is lekicsinyelj\u00fck\" data-recommendation=\"bekezdes_utan\" data-recommendation-preview=\"{&quot;og:title&quot;:&quot;A nagy t\u00e9rk\u00e9pmiz\u00e9ria, amely miatt sokszor Magyarorsz\u00e1got is lekicsinyelj\u00fck&quot;,&quot;og:description&quot;:&quot;A k\u00fcl\u00f6nb\u00f6z\\u0151 vet\u00fcletek \u00e9s k\u00f6z\u00e9ppontok miatt a t\u00e9rk\u00e9pek \u00e1br\u00e1zol\u00e1sai nagyban form\u00e1lj\u00e1k a vil\u00e1gr\u00f3l alkotott k\u00e9p\u00fcnket.&quot;,&quot;og:image&quot;:&quot;\\\/\\\/kep.cdn.indexvas.hu\\\/1\\\/0\\\/6014\\\/60140\\\/601409\\\/60140927_4447839_cb4aedcb784b5e652bcc75d3c9e4039a_wm.jpg&quot;}\" data-recommendation-id=\"5926527\" rel=\"nofollow noopener\">r\u00e9szletesen \u00edrtunk<\/a>.<\/p>\n<p>                        Nem k\u00f6telez\u0151, m\u00e9gis \u00e1trajzolhatja az atlaszokat<\/p>\n<p>A lev\u00e1lt\u00e1sra javasolt Equal Earth-vet\u00fcletet 2018-ban dolgozta ki egy t\u00e9rk\u00e9p\u00e9szcsapat, az Afrikai Uni\u00f3 (AU) tag\u00e1llamai pedig id\u00e9n febru\u00e1rban \u00e1lltak m\u00f6g\u00e9 azzal, hogy az pontosabban adja vissza a kontinensek val\u00f3s ar\u00e1nyait. Az AU kamp\u00e1ny\u00e1r\u00f3l <a href=\"https:\/\/index.hu\/tudomany\/2025\/08\/21\/afrikai-unio-terkep-mercator-vetulet-kritika-valtoztatas\/\" id=\"hyperlink_a70bb2303a823af7fed658c0151072ce\" target=\"_blank\" title=\"Afrik\u00e1ban igenis fontos a m\u00e9ret, ezt pedig hamarosan a vil\u00e1g arc\u00e1ba is tolhatj\u00e1k\" data-recommendation=\"bekezdes_utan\" data-recommendation-preview=\"{&quot;og:title&quot;:&quot;Afrik\u00e1ban igenis fontos a m\u00e9ret, ezt pedig hamarosan a vil\u00e1g arc\u00e1ba is tolhatj\u00e1k&quot;,&quot;og:description&quot;:&quot;A t\u00e9rk\u00e9pek torz\u00edt\u00e1sa az Afrikai Uni\u00f3 szerint a kontinens meg\u00edt\u00e9l\u00e9s\u00e9re is hat\u00e1ssal van.&quot;,&quot;og:image&quot;:&quot;\\\/\\\/kep.cdn.indexvas.hu\\\/1\\\/0\\\/6395\\\/63958\\\/639580\\\/63958047_4729541_f88b86b7fa35d2131f0b1e20e8ae90ca_wm.jpg&quot;}\" data-recommendation-id=\"6056593\" rel=\"nofollow noopener\">tavaly ny\u00e1ron m\u00e1r besz\u00e1moltunk<\/a>.<\/p>\n<p>Robert Dussey tog\u00f3i k\u00fcl\u00fcgyminiszter a Reutersnek azt mondta:<\/p>\n<p>Egy igazs\u00e1gos vil\u00e1g egy igazs\u00e1gos t\u00e9rk\u00e9ppel kezd\u0151dik.<\/p>\n<p>Jean-No\u00ebl Barrot francia k\u00fcl\u00fcgyminiszter pedig bejelentette, hogy a miniszt\u00e9riuma felhagy a Mercator-t\u00e9rk\u00e9p haszn\u00e1lat\u00e1val.<\/p>\n<p>A b\u00edr\u00e1l\u00f3k szerint a torz\u00edt\u00e1s nem eszt\u00e9tikai k\u00e9rd\u00e9s: elfedi az Egyenl\u00edt\u0151 k\u00f6zel\u00e9ben fekv\u0151 orsz\u00e1gok fejleszt\u00e9si sz\u00fcks\u00e9gleteit \u00e9s befektet\u00e9si lehet\u0151s\u00e9geit. Kioko Muendo kenyai geogr\u00e1fus a BBC-nek \u00fagy fogalmazott: \u201eA t\u00e9rk\u00e9pek t\u00f6bbek utaz\u00f3knak sz\u00f3l\u00f3 \u00fatikalauzn\u00e1l \u2013 azt is alak\u00edtj\u00e1k, hogyan tekint\u00fcnk egy r\u00e9gi\u00f3ra politikailag \u00e9s gazdas\u00e1gilag.\u201d<\/p>\n<p>Az ENSZ-hat\u00e1rozat nem k\u00f6telez\u0151 \u00e9rv\u00e9ny\u0171, a r\u00e9gi t\u00e9rk\u00e9pek haszn\u00e1lata sem tilos, a d\u00f6nt\u00e9s viszont v\u00e1rhat\u00f3an hat\u00e1ssal lesz az int\u00e9zm\u00e9nyek t\u00e9rk\u00e9p\u00e9szeti gyakorlat\u00e1ra. Yaryna Ferencevych amerikai k\u00fcld\u00f6tt szerint a test\u00fclet a val\u00f3di probl\u00e9m\u00e1k helyett 16. sz\u00e1zadi t\u00e9rk\u00e9pvet\u00fcletekkel foglalkozik.<\/p>\n<p>\n                          (Bor\u00edt\u00f3k\u00e9p:\u00a0Afrika m\u0171holdk\u00e9pe. Fot\u00f3:\u00a0maps4media \/ Getty Images)\n                        <\/p>\n<p><a href=\"https:\/\/dex.hu\/x.php?id=googlepref_desktop&amp;url=https:\/\/google.com\/preferences\/source?q=https:\/\/index.hu\" class=\"google-pref-banner \" id=\"googlePrefBanner\" rel=\"nofollow noopener\" target=\"_blank\"><\/p>\n<p>    Itt \u00e1ll\u00edtsa be, hogy az Index az els\u0151k k\u00f6z\u00f6tt legyen a Google-tal\u00e1latokban!<\/p>\n<p><\/a><\/p>\n<p>    <img decoding=\"async\" src=\"https:\/\/index.hu\/assets\/images\/social-follow\/logo-big.svg\" alt=\"Index.hu logo\"\/><\/p>\n<p>K\u00f6vesse az Indexet Facebookon is!<\/p>\n<p>    <a href=\"https:\/\/facebook.com\/Indexhu\" target=\"_blank\" rel=\"nofollow noopener\"><\/p>\n<p>        K\u00f6vetem!<br \/>\n    <\/a><\/p>\n<p>                    <script async src=\"\/\/www.tiktok.com\/embed.js\"><\/script><\/p>\n","protected":false},"excerpt":{"rendered":"A BBC besz\u00e1mol\u00f3ja szerint a szavaz\u00e1son Franciaorsz\u00e1g \u00e9s az Egyes\u00fclt Kir\u00e1lys\u00e1g is igennel voksolt, hat orsz\u00e1g tart\u00f3zkodott, \u00e9s&hellip;\n","protected":false},"author":2,"featured_media":234199,"comment_status":"","ping_status":"","sticky":false,"template":"","format":"standard","meta":{"footnotes":"","_share_on_mastodon":"0"},"categories":[8],"tags":[1353,2306,42,64,43,34,6382,12718,43577,94,93,92],"class_list":["post-234198","post","type-post","status-publish","format-standard","has-post-thumbnail","category-vilag","tag-afrika","tag-ensz","tag-hungarian","tag-kulfold","tag-magyar","tag-news","tag-szavazas","tag-terkep","tag-valtoztatas","tag-vilag","tag-world","tag-world-news"],"share_on_mastodon":{"url":"https:\/\/pubeurope.com\/@hu\/117219684138361440","error":""},"_links":{"self":[{"href":"https:\/\/www.europesays.com\/hu\/wp-json\/wp\/v2\/posts\/234198","targetHints":{"allow":["GET"]}}],"collection":[{"href":"https:\/\/www.europesays.com\/hu\/wp-json\/wp\/v2\/posts"}],"about":[{"href":"https:\/\/www.europesays.com\/hu\/wp-json\/wp\/v2\/types\/post"}],"author":[{"embeddable":true,"href":"https:\/\/www.europesays.com\/hu\/wp-json\/wp\/v2\/users\/2"}],"replies":[{"embeddable":true,"href":"https:\/\/www.europesays.com\/hu\/wp-json\/wp\/v2\/comments?post=234198"}],"version-history":[{"count":0,"href":"https:\/\/www.europesays.com\/hu\/wp-json\/wp\/v2\/posts\/234198\/revisions"}],"wp:featuredmedia":[{"embeddable":true,"href":"https:\/\/www.europesays.com\/hu\/wp-json\/wp\/v2\/media\/234199"}],"wp:attachment":[{"href":"https:\/\/www.europesays.com\/hu\/wp-json\/wp\/v2\/media?parent=234198"}],"wp:term":[{"taxonomy":"category","embeddable":true,"href":"https:\/\/www.europesays.com\/hu\/wp-json\/wp\/v2\/categories?post=234198"},{"taxonomy":"post_tag","embeddable":true,"href":"https:\/\/www.europesays.com\/hu\/wp-json\/wp\/v2\/tags?post=234198"}],"curies":[{"name":"wp","href":"https:\/\/api.w.org\/{rel}","templated":true}]}}