{"id":234204,"date":"2026-09-05T17:48:07","date_gmt":"2026-09-05T17:48:07","guid":{"rendered":"https:\/\/www.europesays.com\/hu\/234204\/"},"modified":"2026-09-05T17:48:07","modified_gmt":"2026-09-05T17:48:07","slug":"keson-jott-a-hajra-a-kisvarda-ellen","status":"publish","type":"post","link":"https:\/\/www.europesays.com\/hu\/234204\/","title":{"rendered":"K\u00e9s\u0151n j\u00f6tt a hajr\u00e1 a Kisv\u00e1rda ellen"},"content":{"rendered":"<p>K\u00e9tg\u00f3los h\u00e1tr\u00e1ny ut\u00e1n csak sz\u00e9p\u00edteni tudtunk a Kisv\u00e1rda ellen.<\/p>\n<p>OTP Bank Liga, 7. fordul\u00f3<\/p>\n<p>MTK Budapest\u2013Kisv\u00e1rda Master Good 1-2 (0-0)<\/p>\n<p>Budapest, \u00daj Hidegkuti N\u00e1ndor Stadion, 2267 n\u00e9z\u0151<\/p>\n<p>Vezette: Derd\u00e1k Marcell (K\u00f3bor, Szert, Hanyecz, Antal, Garai, Dobos)<\/p>\n<p>G\u00f3lszerz\u0151: Klausz (88.), illetve Matanovic (52.), Szikszai (62.)<\/p>\n<p>S\u00e1rga lap: Zeljkovic (11.), illetve Lippai (79.)<\/p>\n<p>MTK Budapest: Demj\u00e9n &#8211; Varju (Hinora, 79.), Beriashvili, Armalas, Kov\u00e1cs P. (Klausz, 79.) &#8211; Kata, Zeljkovic (Szuhodovszki, 63.) &#8211; Jurek, Bogn\u00e1r, Kerezsi \u2013 Nyers (Kom\u00e1romi, 63.)<\/p>\n<p>Vezet\u0151edz\u0151: Pinezits M\u00e1t\u00e9<\/p>\n<p>Kisv\u00e1rda Master Good: Popovics \u2013 Nagy (Youga, 80.), Lippai, Chlumecky, Solt\u00e9sz \u2013 Matanovic (Sz\u0151r, 74.), Herc (Balogun, 61.), Mbock, \u00c9sik (Szikszai, 46.), Melnyk \u2013 Yordanob (B\u00edr\u00f3, 46.)<\/p>\n<p>Vezet\u0151edz\u0151: Supka Attila<\/p>\n<p>Az OTP Bank Lig\u00e1ban az \u00fajabb hazai meccsen a Kisv\u00e1rd\u00e1t fogadtuk: ellenfel\u00fcnk a 10. poz\u00edci\u00f3ban \u00e1llt, de a k\u00e9t csapat k\u00f6z\u00f6tt csak h\u00e1rom pont volt a k\u00fcl\u00f6nbs\u00e9g.<\/p>\n<p>A vend\u00e9gek kezdtek vesz\u00e9lyesebben: egy oldalszabadr\u00fag\u00e1s ut\u00e1n Herc ker\u00fclt szinte azonnal l\u00f6v\u0151helyzetbe, de k\u00eds\u00e9rlete elsuhant a kapu el\u0151tt. P\u00e1r perccel k\u00e9s\u0151bb Kov\u00e1cs Patrik l\u00e1gy bead\u00e1sa Kerezsit tal\u00e1lta \u00fcresen, az \u0151 fejese azonban elker\u00fclte a kaput. R\u00f6gt\u00f6n ut\u00e1na Bogn\u00e1r \u00e1tl\u00f6v\u00e9s\u00e9t \u00fct\u00f6tte ki Popovics, majd tiszt\u00e1ztak a kisv\u00e1rdai v\u00e9d\u0151k.<\/p>\n<p>B\u0151 f\u00e9l\u00f3r\u00e1t k\u00f6vet\u0151en remek akci\u00f3 futott v\u00e9gig, melynek v\u00e9g\u00e9n Jurek ugratta ki Nyers \u00c1d\u00e1mot, aki \u00e9les sz\u00f6gb\u0151l l\u0151tt is, de kev\u00e9ssel c\u00e9lt t\u00e9vesztett.\u00a0<\/p>\n<p>A 37. percben Jurek volt er\u0151szakos, l\u00f6v\u0151helyzetbe ker\u00fclt, de 18 m\u00e9teres l\u00f6kete kifel\u00e9 kanyarodott, \u00e9s \u00edgy mell\u00e9 ment a labda. A f\u00e9lid\u0151 legv\u00e9g\u00e9n Kov\u00e1cs \u00edvelt k\u00f6z\u00e9pre, de Jurek fejese j\u00f3csk\u00e1n elker\u00fclte a kaput, \u00edgy g\u00f3ln\u00e9lk\u00fcli \u00e1ll\u00e1ssal fordultak a csapatok.<\/p>\n<p>A t\u00e9rf\u00e9lcsere ut\u00e1n az 52. percben megszerezte a vezet\u00e9st a Kisv\u00e1rda: Matanovic csapott le a labd\u00e1ra a t\u00e9rfel\u00fcnk\u00f6n, majd bet\u00f6rt a tizenhatoson bel\u00fclre, \u00e9s egy csel ut\u00e1n a jobb als\u00f3ba gur\u00edtott (0-1).<\/p>\n<p>A 60. percben Jurek nagyszer\u0171 csel ut\u00e1n l\u0151tt 16-r\u00f3l, Popovics brav\u00farral kiszedte a labd\u00e1t a bal als\u00f3b\u00f3l, majd a vend\u00e9gek kapusa Kerezsi ism\u00e9tl\u00e9s\u00e9t is v\u00e9dte.\u00a0<\/p>\n<p>A 62. percben megdupl\u00e1zta el\u0151ny\u00e9t a Kisv\u00e1rda: Mbock tartotta meg j\u00f3l a labd\u00e1t a p\u00e1lya k\u00f6zep\u00e9n, majd a bal oldalra passzolt Szikszaihoz, aki a jobb l\u00e1b\u00e1ra cselezett, \u00e9s a hossz\u00fa als\u00f3ba l\u0151tt (0-2).<\/p>\n<p>A 68. percben a Kisv\u00e1rda t\u00e9rfel\u00e9n szerezt\u00fcnk labd\u00e1t, majd Bogn\u00e1r passzolt Kerezsihez, aki megfordult a tizenhatoson bel\u00fcl, \u00e9s ballal l\u0151tt, de ezt is h\u00e1r\u00edtotta Popovics.<\/p>\n<p>A 70. percben Kom\u00e1romi kapta meg Kov\u00e1cst\u00f3l a labd\u00e1t a tizenhatos bal oldal\u00e1n, majd \u0151 is l\u0151tt, de Popovics ez\u00fattal is v\u00e9dett. H\u00e1rom perccel k\u00e9s\u0151bb Szuhodovszki sz\u00e9p csele ut\u00e1n Bogn\u00e1r tal\u00e1lta meg gy\u00f6ny\u00f6r\u0171 passzal Kerezsit, aki ziccerbe ker\u00fclhetett volna, de az utols\u00f3 pillanatban szerelt\u00e9k a v\u00e9d\u0151k. A 76. percben Bogn\u00e1r passzolt k\u00f6z\u00e9pre Jurekhez, aki 18-r\u00f3l, jobbal l\u0151tt kev\u00e9ssel a jobb als\u00f3 mell\u00e9. Egy ezut\u00e1n k\u00e9s\u0151bb a m\u00e1sik oldalon Mbock l\u0151tt \u00e9les sz\u00f6gb\u0151l a kapu f\u00f6l\u00e9 a jobb oldalr\u00f3l.\u00a0<\/p>\n<p>A 88. percben Jurek kipattan\u00f3j\u00e1ra el\u0151sz\u00f6r Kerezsi \u00e9rkezett, de Popovics el\u00fct\u00f6tte a labd\u00e1t, amire Klausz \u00e9rkezett, \u00e9s a kapuba l\u0151tt (1-2).<\/p>\n<p>A hatperces hosszabb\u00edt\u00e1sban j\u00f6tt\u00fcnk el\u0151re az egyenl\u00edt\u0151 g\u00f3l\u00e9rt is, \u00e9s az utols\u00f3 m\u00e1sodpercben volt es\u00e9ly\u00fcnk az egyenl\u00edt\u00e9sre is, de Bogn\u00e1r 18 m\u00e9teres l\u00f6v\u00e9se centikkel a bal als\u00f3 mell\u00e9 ment, \u00edgy pont n\u00e9lk\u00fcl z\u00e1rtuk a fordul\u00f3t.\u00a0<\/p>\n","protected":false},"excerpt":{"rendered":"K\u00e9tg\u00f3los h\u00e1tr\u00e1ny ut\u00e1n csak sz\u00e9p\u00edteni tudtunk a Kisv\u00e1rda ellen. OTP Bank Liga, 7. fordul\u00f3 MTK Budapest\u2013Kisv\u00e1rda Master Good&hellip;\n","protected":false},"author":2,"featured_media":234205,"comment_status":"","ping_status":"","sticky":false,"template":"","format":"standard","meta":{"footnotes":"","_share_on_mastodon":"0"},"categories":[22],"tags":[2501,73,378,553,44,42,40,2497,502,2500,43,41,1071,2504,2503,2499,2502,2498],"class_list":["post-234204","post","type-post","status-publish","format-standard","has-post-thumbnail","category-budapest","tag-brull-alfred-akademia","tag-budapest","tag-foci","tag-futball","tag-hu","tag-hungarian","tag-hungary","tag-kekek","tag-labdarugas","tag-labdarugo-akademia","tag-magyar","tag-magyarorszag","tag-mtk-budapest","tag-mtk-focicsapat","tag-mtk-stadion","tag-sandor-karoly","tag-sportegyesulet","tag-uj-hidegkuti-nandor-stadion"],"share_on_mastodon":{"url":"https:\/\/pubeurope.com\/@hu\/117219695309836694","error":""},"_links":{"self":[{"href":"https:\/\/www.europesays.com\/hu\/wp-json\/wp\/v2\/posts\/234204","targetHints":{"allow":["GET"]}}],"collection":[{"href":"https:\/\/www.europesays.com\/hu\/wp-json\/wp\/v2\/posts"}],"about":[{"href":"https:\/\/www.europesays.com\/hu\/wp-json\/wp\/v2\/types\/post"}],"author":[{"embeddable":true,"href":"https:\/\/www.europesays.com\/hu\/wp-json\/wp\/v2\/users\/2"}],"replies":[{"embeddable":true,"href":"https:\/\/www.europesays.com\/hu\/wp-json\/wp\/v2\/comments?post=234204"}],"version-history":[{"count":0,"href":"https:\/\/www.europesays.com\/hu\/wp-json\/wp\/v2\/posts\/234204\/revisions"}],"wp:featuredmedia":[{"embeddable":true,"href":"https:\/\/www.europesays.com\/hu\/wp-json\/wp\/v2\/media\/234205"}],"wp:attachment":[{"href":"https:\/\/www.europesays.com\/hu\/wp-json\/wp\/v2\/media?parent=234204"}],"wp:term":[{"taxonomy":"category","embeddable":true,"href":"https:\/\/www.europesays.com\/hu\/wp-json\/wp\/v2\/categories?post=234204"},{"taxonomy":"post_tag","embeddable":true,"href":"https:\/\/www.europesays.com\/hu\/wp-json\/wp\/v2\/tags?post=234204"}],"curies":[{"name":"wp","href":"https:\/\/api.w.org\/{rel}","templated":true}]}}