{"id":234206,"date":"2026-09-05T17:49:12","date_gmt":"2026-09-05T17:49:12","guid":{"rendered":"https:\/\/www.europesays.com\/hu\/234206\/"},"modified":"2026-09-05T17:49:12","modified_gmt":"2026-09-05T17:49:12","slug":"index-fomo-megszuletett-natalie-portman-harmadik-gyermeke","status":"publish","type":"post","link":"https:\/\/www.europesays.com\/hu\/234206\/","title":{"rendered":"Index &#8211; FOMO &#8211; Megsz\u00fcletett Natalie Portman harmadik gyermeke"},"content":{"rendered":"<p>M\u00e9g \u00e1prilisban\u00a0<a href=\"https:\/\/index.hu\/fomo\/2026\/04\/18\/natalie-portman-szineszno-terhes-harmadik-gyermek\/\" id=\"hyperlink_c32f777b291ebdbd27ddb3f8993639f7\" target=\"_blank\" title=\"Harmadik gyermek\u00e9t v\u00e1rja Natalie Portman\" rel=\"nofollow noopener\">adtunk h\u00edrt<\/a>\u00a0arr\u00f3l, hogy\u00a0Natalie Portman ism\u00e9t v\u00e1rand\u00f3s, amit elk\u00e9peszt\u0151 \u00e1ld\u00e1sk\u00e9nt \u00e9l meg. Mivel \u00e9desapja medd\u0151s\u00e9gi specialista, \u00edgy a sz\u00edn\u00e9szn\u0151 gyermekkora \u00f3ta pontosan tudja, milyen sokan szenvednek att\u00f3l, hogy nem sz\u00fclethet gyermek\u00fck.\u00a0Natalie Portman\u00a0\u00fagy v\u00e9li, nagyon szerencs\u00e9s, hogy 44 \u00e9vesen is megadatott neki ez a csoda.<\/p>\n<p>Van egyfajta h\u00e1la, amit fiatalon nem felt\u00e9tlen\u00fcl \u00e9rtesz vagy \u00e9lsz meg. Van ez a b\u00e9ke \u00e9s \u00f6nbizalom bennem, hogy pontosan tudom, kivel akarok id\u0151t t\u00f6lteni, \u00e9s milyen energi\u00e1t akarok magam k\u00f6r\u00fcl \u2013 ett\u0151l olyan sz\u00e9p ez az \u00e9lm\u00e9ny minden egyes nap.<\/p>\n<p>Arr\u00f3l is besz\u00e1molt, p\u00e1rj\u00e1val rendk\u00edv\u00fcl izgatottak els\u0151 k\u00f6z\u00f6s gyermek\u00fck \u00e9rkez\u00e9se miatt. Portman \u00e9s Destable 2025 janu\u00e1rja \u00f3ta vannak egy\u00fctt, miut\u00e1n a sz\u00edn\u00e9szn\u0151 v\u00e9get vetett kor\u00e1bbi h\u00e1zass\u00e1g\u00e1nak f\u00e9rje h\u0171tlens\u00e9ge miatt.<\/p>\n<p>Portman az\u00f3ta bet\u00f6lt\u00f6tte 45. \u00e9let\u00e9v\u00e9t, a <a href=\"https:\/\/people.com\/natalie-portman-welcomes-baby-no-3-her-first-with-partner-tanguy-destable-11986813\" id=\"hyperlink_5584d442e0f41afab861ea5462ecd515\" rel=\"nofollow noopener\" target=\"_blank\">People magazin<\/a> inform\u00e1ci\u00f3i szerint pedig egy h\u00f3nappal ezel\u0151tt hivatalosan is h\u00e1romgyermekes \u00e9desany\u00e1v\u00e1 v\u00e1lt. Els\u0151 k\u00e9t gyermeke, a 15 \u00e9ves Aleph \u00e9s a kilenc\u00e9ves Amalia m\u00e9g el\u0151z\u0151 h\u00e1zass\u00e1g\u00e1ban sz\u00fcletett, \u00e1m ett\u0151l nem kev\u00e9sb\u00e9 voltak izgatottak kistestv\u00e9r\u00fck \u00e9rkez\u00e9s\u00e9t illet\u0151en. A cs\u00f6pps\u00e9g Portman m\u00e1sodik f\u00e9rj\u00e9nek, a rendez\u0151-koreogr\u00e1fus\u00a0Tanguy Destable-nek els\u0151 gyermeke.<\/p>\n<p>\n                          (Bor\u00edt\u00f3k\u00e9p:\u00a0Natalie Portman r\u00e9szt vesz a Fekete hatty\u00fa vet\u00edt\u00e9s\u00e9n a 17. Lumi\u00e8re Filmfesztiv\u00e1lon 2025. okt\u00f3ber 13-\u00e1n. Fot\u00f3:\u00a0Dominique Charriau \/ Getty Images)\n                        <\/p>\n<p><a href=\"https:\/\/dex.hu\/x.php?id=googlepref_desktop&amp;url=https:\/\/google.com\/preferences\/source?q=https:\/\/index.hu\" class=\"google-pref-banner \" id=\"googlePrefBanner\" rel=\"nofollow noopener\" target=\"_blank\"><\/p>\n<p>    Itt \u00e1ll\u00edtsa be, hogy az Index az els\u0151k k\u00f6z\u00f6tt legyen a Google-tal\u00e1latokban!<\/p>\n<p><\/a><\/p>\n<p>    <img decoding=\"async\" src=\"https:\/\/index.hu\/assets\/images\/social-follow\/logo-big.svg\" alt=\"Index.hu logo\"\/><\/p>\n<p>K\u00f6vesse az Indexet Facebookon is!<\/p>\n<p>    <a href=\"https:\/\/facebook.com\/Indexhu\" target=\"_blank\" rel=\"nofollow noopener\"><\/p>\n<p>        K\u00f6vetem!<br \/>\n    <\/a><\/p>\n","protected":false},"excerpt":{"rendered":"M\u00e9g \u00e1prilisban\u00a0adtunk h\u00edrt\u00a0arr\u00f3l, hogy\u00a0Natalie Portman ism\u00e9t v\u00e1rand\u00f3s, amit elk\u00e9peszt\u0151 \u00e1ld\u00e1sk\u00e9nt \u00e9l meg. Mivel \u00e9desapja medd\u0151s\u00e9gi specialista, \u00edgy a&hellip;\n","protected":false},"author":2,"featured_media":234207,"comment_status":"","ping_status":"","sticky":false,"template":"","format":"standard","meta":{"footnotes":"","_share_on_mastodon":"0"},"categories":[21],"tags":[198,137,185,199,409,44,42,40,43,41,9824,926,138,9932,6376],"class_list":["post-234206","post","type-post","status-publish","format-standard","has-post-thumbnail","category-hiressegek","tag-celebrities","tag-entertainment","tag-fomo","tag-hiressegek","tag-hollywood","tag-hu","tag-hungarian","tag-hungary","tag-magyar","tag-magyarorszag","tag-natalie-portman","tag-szineszno","tag-szorakozas","tag-szules","tag-varandossag"],"share_on_mastodon":{"url":"https:\/\/pubeurope.com\/@hu\/117219699442370376","error":""},"_links":{"self":[{"href":"https:\/\/www.europesays.com\/hu\/wp-json\/wp\/v2\/posts\/234206","targetHints":{"allow":["GET"]}}],"collection":[{"href":"https:\/\/www.europesays.com\/hu\/wp-json\/wp\/v2\/posts"}],"about":[{"href":"https:\/\/www.europesays.com\/hu\/wp-json\/wp\/v2\/types\/post"}],"author":[{"embeddable":true,"href":"https:\/\/www.europesays.com\/hu\/wp-json\/wp\/v2\/users\/2"}],"replies":[{"embeddable":true,"href":"https:\/\/www.europesays.com\/hu\/wp-json\/wp\/v2\/comments?post=234206"}],"version-history":[{"count":0,"href":"https:\/\/www.europesays.com\/hu\/wp-json\/wp\/v2\/posts\/234206\/revisions"}],"wp:featuredmedia":[{"embeddable":true,"href":"https:\/\/www.europesays.com\/hu\/wp-json\/wp\/v2\/media\/234207"}],"wp:attachment":[{"href":"https:\/\/www.europesays.com\/hu\/wp-json\/wp\/v2\/media?parent=234206"}],"wp:term":[{"taxonomy":"category","embeddable":true,"href":"https:\/\/www.europesays.com\/hu\/wp-json\/wp\/v2\/categories?post=234206"},{"taxonomy":"post_tag","embeddable":true,"href":"https:\/\/www.europesays.com\/hu\/wp-json\/wp\/v2\/tags?post=234206"}],"curies":[{"name":"wp","href":"https:\/\/api.w.org\/{rel}","templated":true}]}}