{"id":234261,"date":"2026-09-05T19:05:11","date_gmt":"2026-09-05T19:05:11","guid":{"rendered":"https:\/\/www.europesays.com\/hu\/234261\/"},"modified":"2026-09-05T19:05:11","modified_gmt":"2026-09-05T19:05:11","slug":"megbuntettek-az-olasz-idomero-egyik-legjobbjat","status":"publish","type":"post","link":"https:\/\/www.europesays.com\/hu\/234261\/","title":{"rendered":"Megb\u00fcntett\u00e9k az olasz id\u0151m\u00e9r\u0151 egyik legjobbj\u00e1t"},"content":{"rendered":"<p class=\"main-pic -mainPct&#10;&#9;&#9;&#9;&#9;responsive-img-container\" style=\"padding-bottom: 66.714285714286%\">\n\t\t\t\t\t<img decoding=\"async\" class=\"img-blur\" src=\"https:\/\/www.europesays.com\/hu\/wp-content\/uploads\/2026\/09\/gettyimages-2293661990-700x467.jpg\" alt=\"Megb\u00fcntett\u00e9k az olasz id\u0151m\u00e9r\u0151 egyik legjobbj\u00e1t\"\/>\n\t\t\t\t<\/p>\n<p>Azt m\u00e1r a <a href=\"https:\/\/www.vezess.hu\/forma-1\/2026\/09\/05\/2026-forma-1-olasz-nagydij-idomero-edzes\/\" rel=\"nofollow noopener\" target=\"_blank\">Forma-1-es Olasz Nagyd\u00edj id\u0151m\u00e9r\u0151j\u00e9nek<\/a> v\u00e9g\u00e9n lehetett tudni, hogy az el\u0151zetes eredm\u00e9nyeket h\u00e1rom b\u00fcntet\u00e9s miatt m\u00f3dos\u00edtani kell:<\/p>\n<p>a mercedeses Andrea Kimi Antonelli 30,<br \/>\na williamses Alexander Albon 20,<br \/>\na Red Bull-lal Liam Lawson pedig 35<\/p>\n<p>rajthelyes b\u00fcntet\u00e9st kap k\u00fcl\u00f6nf\u00e9le motorelemek cser\u00e9je miatt. Lawson b\u00fcntet\u00e9se csak a kvalifik\u00e1ci\u00f3 el\u0151tt v\u00e1lt hivataloss\u00e1, h\u00e1rmuk egym\u00e1shoz viszony\u00edtott rajtsorrendj\u00e9t pedig az d\u00f6nt\u00f6tte el, hogy a val\u00f3di id\u0151m\u00e9r\u0151s helyez\u00e9s\u00fckh\u00f6z hozz\u00e1adott b\u00fcntet\u00e9s hova rakn\u00e1 \u0151ket a rajtr\u00e1cson. \u00cdgy a mez\u0151ny v\u00e9g\u00e9re cs\u00fasz\u00f3 tri\u00f3 legjobbja Antonelli lett, \u00f6v\u00e9 a 20. rajthely, m\u00f6g\u00f6tte Albon, Lawson sorrendben \u00e1llhatnak fel a pil\u00f3t\u00e1k a 11. sorba.<\/p>\n<p>Az id\u0151m\u00e9r\u0151 ut\u00e1n k\u00e9rd\u00e9ses volt, hogy b\u0151v\u00fcl-e a b\u00fcntetett pil\u00f3t\u00e1k sora. Oscar Piastri ker\u00fclt vesz\u00e9lybe, aki McLarenj\u00e9vel szemmel l\u00e1that\u00f3an is massz\u00edvan feltartotta a Q2 v\u00e9g\u00e9n a gyorsk\u00f6rre indul\u00f3 Lawsont.<\/p>\n<p lang=\"en\" dir=\"ltr\">Piastri finished Q2 in P2 but it looks likely he&#8217;ll be penalised for this incident involving Lawson<a href=\"https:\/\/x.com\/hashtag\/F1?src=hash&amp;ref_src=twsrc%5Etfw\" rel=\"nofollow\">#F1<\/a> <a href=\"https:\/\/x.com\/hashtag\/ItalianGP?src=hash&amp;ref_src=twsrc%5Etfw\" rel=\"nofollow\">#ItalianGP<\/a> <a href=\"https:\/\/t.co\/RGzzEeqyql\" rel=\"nofollow\">pic.twitter.com\/RGzzEeqyql<\/a><\/p>\n<p>\u2014 Formula 1 (@F1) <a href=\"https:\/\/x.com\/F1\/status\/2096248744987472129?ref_src=twsrc%5Etfw\" rel=\"nofollow\">September 5, 2026<\/a>  <\/p>\n<p>Az eset miatt a stewardok a v\u00e1rakoz\u00e1soknak megfelel\u0151en b\u00fcntettek,<\/p>\n<p>Piastri 3 helyes rajtb\u00fcntet\u00e9ssel gazdagodott.<\/p>\n<p>A 2026-os Forma-1-es Olasz Nagyd\u00edj rajtsorrendje az ismert b\u00fcntet\u00e9sekkel:<\/p>\n<p>Pierre Gasly (Alpine)<br \/>\nGeorge Russell (Mercedes)<br \/>\nCharles Leclerc (Ferrari)<br \/>\nLewis Hamilton (Ferrari)<br \/>\nMax Verstappen (Red Bull)<br \/>\nOscar Piastri (McLaren)<br \/>\nFranco Colapinto (Alpine)<br \/>\nLando Norris (McLaren)<br \/>\nArvid Lindblad (Racing Bulls)<br \/>\nGabriel Bortoleto (Audi)<br \/>\nOliver Bearman (Haas)<br \/>\nNico H\u0081lkenberg (Audi)<br \/>\nCarlos Sainz (Williams)<br \/>\nEsteban Ocon (Haas)<br \/>\nCunoda Juki (Racing Bulls)<br \/>\nValtteri Bottas (Cadillac)<br \/>\nSergio Perez (Cadillac)<br \/>\nFernando Alonso (Aston Martin)<br \/>\nLance Stroll (Aston Martin)<br \/>\nAndrea Kimi Antonelli (Mercedes)<br \/>\nAlexander Albon (Williams)<br \/>\nLiam Lawson (Red Bull)<\/p>\n<p><a class=\"mobilbanner\" href=\"https:\/\/www.tixa.hu\/zsts-garage-supercarfest-20261006-vezesshu\" rel=\"nofollow noopener\" target=\"_blank\"><img decoding=\"async\" src=\"https:\/\/www.europesays.com\/hu\/wp-content\/uploads\/2026\/09\/1788635110_883_300x250-supercarfest.jpg\" alt=\"\"\/><\/a>&#13;<br \/>\n<a class=\"desktopbanner\" href=\"https:\/\/www.tixa.hu\/zsts-garage-supercarfest-20261006-vezesshu\" rel=\"nofollow noopener\" target=\"_blank\"><img decoding=\"async\" src=\"https:\/\/www.europesays.com\/hu\/wp-content\/uploads\/2026\/09\/1788635111_975_970x250-copy.jpg\" alt=\"\"\/><\/a>&#13;<\/p>\n<p>\n\t\t\t\t\tK\u00e9p(ek) forr\u00e1sa: Nyit\u00f3k\u00e9p: Rudy Carezzevoli\/Getty Images\t\t\t\t<\/p>\n<p>\t\t\t\t\t<script async src=\"https:\/\/platform.twitter.com\/widgets.js\" charset=\"utf-8\"><\/script><\/p>\n","protected":false},"excerpt":{"rendered":"Azt m\u00e1r a Forma-1-es Olasz Nagyd\u00edj id\u0151m\u00e9r\u0151j\u00e9nek v\u00e9g\u00e9n lehetett tudni, hogy az el\u0151zetes eredm\u00e9nyeket h\u00e1rom b\u00fcntet\u00e9s miatt m\u00f3dos\u00edtani&hellip;\n","protected":false},"author":2,"featured_media":234262,"comment_status":"","ping_status":"","sticky":false,"template":"","format":"standard","meta":{"footnotes":"","_share_on_mastodon":"0"},"categories":[14],"tags":[637,1326,58411,44,42,40,9960,6575,11115,43,41,1310,1327,3056,45,131],"class_list":["post-234261","post","type-post","status-publish","format-standard","has-post-thumbnail","category-sport","tag-f1","tag-forma-1","tag-forma-1-olasz-nagydij","tag-hu","tag-hungarian","tag-hungary","tag-idomero","tag-idomero-edzes","tag-liam-lawson","tag-magyar","tag-magyarorszag","tag-mclaren","tag-oscar-piastri","tag-red-bull","tag-sport","tag-sports"],"share_on_mastodon":{"url":"https:\/\/pubeurope.com\/@hu\/117219998167384454","error":""},"_links":{"self":[{"href":"https:\/\/www.europesays.com\/hu\/wp-json\/wp\/v2\/posts\/234261","targetHints":{"allow":["GET"]}}],"collection":[{"href":"https:\/\/www.europesays.com\/hu\/wp-json\/wp\/v2\/posts"}],"about":[{"href":"https:\/\/www.europesays.com\/hu\/wp-json\/wp\/v2\/types\/post"}],"author":[{"embeddable":true,"href":"https:\/\/www.europesays.com\/hu\/wp-json\/wp\/v2\/users\/2"}],"replies":[{"embeddable":true,"href":"https:\/\/www.europesays.com\/hu\/wp-json\/wp\/v2\/comments?post=234261"}],"version-history":[{"count":0,"href":"https:\/\/www.europesays.com\/hu\/wp-json\/wp\/v2\/posts\/234261\/revisions"}],"wp:featuredmedia":[{"embeddable":true,"href":"https:\/\/www.europesays.com\/hu\/wp-json\/wp\/v2\/media\/234262"}],"wp:attachment":[{"href":"https:\/\/www.europesays.com\/hu\/wp-json\/wp\/v2\/media?parent=234261"}],"wp:term":[{"taxonomy":"category","embeddable":true,"href":"https:\/\/www.europesays.com\/hu\/wp-json\/wp\/v2\/categories?post=234261"},{"taxonomy":"post_tag","embeddable":true,"href":"https:\/\/www.europesays.com\/hu\/wp-json\/wp\/v2\/tags?post=234261"}],"curies":[{"name":"wp","href":"https:\/\/api.w.org\/{rel}","templated":true}]}}