{"id":234291,"date":"2026-09-05T19:47:11","date_gmt":"2026-09-05T19:47:11","guid":{"rendered":"https:\/\/www.europesays.com\/hu\/234291\/"},"modified":"2026-09-05T19:47:11","modified_gmt":"2026-09-05T19:47:11","slug":"sakk-mattra-kijatszott-akcio-vegen-szuletett-meg-varga-barnabas-golja-video","status":"publish","type":"post","link":"https:\/\/www.europesays.com\/hu\/234291\/","title":{"rendered":"Sakk-mattra kij\u00e1tszott akci\u00f3 v\u00e9g\u00e9n sz\u00fcletett meg Varga Barnab\u00e1s g\u00f3lja &#8211; vide\u00f3"},"content":{"rendered":"<p>                    <img loading=\"lazy\" decoding=\"async\" src=\"https:\/\/www.europesays.com\/hu\/wp-content\/uploads\/2026\/09\/varga-barnabas-1-1024x576.jpg\" width=\"1024\" height=\"576\" alt=\"\"\/><\/p>\n<p>Fot\u00f3: facebook.com\/AEK.FC.OFFICIAL<\/p>\n<p>A g\u00f6r\u00f6g bajnoks\u00e1g 3. fordul\u00f3j\u00e1ban az AEK Ath\u00e9n m\u00e1r a 11. percben megszerezte a vezet\u00e9st az Arisz ellen. Jovic, Gacinovic, Majer \u00e9s Varga Barnab\u00e1s pazar, tetszet\u0151s \u00f6sszj\u00e1t\u00e9ka ut\u00e1n a magyar v\u00e1logatott csat\u00e1r juttatta a labd\u00e1t a h\u00e1l\u00f3ba, korai 1-0-s el\u0151nyh\u00f6z juttatva a f\u0151v\u00e1rosi egy\u00fcttest.<\/p>\n<p>\n                    Csakfoci.hu<br \/>\n                    2026. szeptember 5., szombat 20:33\n                <\/p>\n","protected":false},"excerpt":{"rendered":"Fot\u00f3: facebook.com\/AEK.FC.OFFICIAL A g\u00f6r\u00f6g bajnoks\u00e1g 3. fordul\u00f3j\u00e1ban az AEK Ath\u00e9n m\u00e1r a 11. percben megszerezte a vezet\u00e9st az&hellip;\n","protected":false},"author":2,"featured_media":234292,"comment_status":"","ping_status":"","sticky":false,"template":"","format":"standard","meta":{"footnotes":"","_share_on_mastodon":"0"},"categories":[14],"tags":[4247,44,42,40,3209,43,1067,41,45,131,4248],"class_list":["post-234291","post","type-post","status-publish","format-standard","has-post-thumbnail","category-sport","tag-aek-athen","tag-hu","tag-hungarian","tag-hungary","tag-legiosok","tag-magyar","tag-magyar-foci","tag-magyarorszag","tag-sport","tag-sports","tag-varga-barnabas"],"share_on_mastodon":{"url":"https:\/\/pubeurope.com\/@hu\/117220163412568897","error":""},"_links":{"self":[{"href":"https:\/\/www.europesays.com\/hu\/wp-json\/wp\/v2\/posts\/234291","targetHints":{"allow":["GET"]}}],"collection":[{"href":"https:\/\/www.europesays.com\/hu\/wp-json\/wp\/v2\/posts"}],"about":[{"href":"https:\/\/www.europesays.com\/hu\/wp-json\/wp\/v2\/types\/post"}],"author":[{"embeddable":true,"href":"https:\/\/www.europesays.com\/hu\/wp-json\/wp\/v2\/users\/2"}],"replies":[{"embeddable":true,"href":"https:\/\/www.europesays.com\/hu\/wp-json\/wp\/v2\/comments?post=234291"}],"version-history":[{"count":0,"href":"https:\/\/www.europesays.com\/hu\/wp-json\/wp\/v2\/posts\/234291\/revisions"}],"wp:featuredmedia":[{"embeddable":true,"href":"https:\/\/www.europesays.com\/hu\/wp-json\/wp\/v2\/media\/234292"}],"wp:attachment":[{"href":"https:\/\/www.europesays.com\/hu\/wp-json\/wp\/v2\/media?parent=234291"}],"wp:term":[{"taxonomy":"category","embeddable":true,"href":"https:\/\/www.europesays.com\/hu\/wp-json\/wp\/v2\/categories?post=234291"},{"taxonomy":"post_tag","embeddable":true,"href":"https:\/\/www.europesays.com\/hu\/wp-json\/wp\/v2\/tags?post=234291"}],"curies":[{"name":"wp","href":"https:\/\/api.w.org\/{rel}","templated":true}]}}