{"id":234312,"date":"2026-09-05T20:08:16","date_gmt":"2026-09-05T20:08:16","guid":{"rendered":"https:\/\/www.europesays.com\/hu\/234312\/"},"modified":"2026-09-05T20:08:16","modified_gmt":"2026-09-05T20:08:16","slug":"varatlan-bejelentes-ujra-megnyithatja-kapuit-a-fovaros-elfeledett-csodaja-amire-mar-sokan-keresztet-vetettek","status":"publish","type":"post","link":"https:\/\/www.europesays.com\/hu\/234312\/","title":{"rendered":"V\u00e1ratlan bejelent\u00e9s: \u00dajra megnyithatja kapuit a f\u0151v\u00e1ros elfeledett csod\u00e1ja, amire m\u00e1r sokan keresztet vetettek"},"content":{"rendered":"<p>2026. szeptember 5. 16:58<\/p>\n<p>\u00daj fejezet kezd\u0151dhet a n\u00e9pligeti Planet\u00e1rium t\u00f6rt\u00e9net\u00e9ben: Vit\u00e9zy D\u00e1vid Facebook-posztj\u00e1ban arr\u00f3l \u00edrt, hogy t\u00f6rv\u00e9nyjavaslat teremtheti meg az \u00e9p\u00fclet fel\u00faj\u00edt\u00e1s\u00e1nak \u00e9s \u00fajranyit\u00e1s\u00e1nak lehet\u0151s\u00e9g\u00e9t.<\/p>\n<p>\u00dajra megny\u00edlhat a n\u00e9pligeti Planet\u00e1rium, amely \u00e9vtizedeken \u00e1t a hazai tudom\u00e1nyos ismeretterjeszt\u00e9s egyik fontos helysz\u00edne volt. Vit\u00e9zy D\u00e1vid Facebook-bejegyz\u00e9s\u00e9ben azt \u00edrta, a 23 m\u00e9teres kupol\u00e1j\u00e1r\u00f3l \u00e9s k\u00fcl\u00f6nleges Zeiss optik\u00e1j\u00e1r\u00f3l ismert \u00e9p\u00fclet sokakban keltette fel az \u00e9rdekl\u0151d\u00e9st a csillag\u00e1szat ir\u00e1nt, az elm\u00falt \u00e9vekben azonban az \u00e1llapota folyamatosan romlott.<\/p>\n<p>\t\t\t\t<a href=\"https:\/\/www.penzcentrum.hu\/frisshirek\" rel=\"nofollow noopener\" target=\"_blank\">A legfrissebb h\u00edrek, id\u0151rendben ITT!<\/a><\/p>\n<p>\t\t\t\t<a href=\"https:\/\/news.google.com\/publications\/CAAiECtCpL84n14N1lGAd73KUFMqFAgKIhArQqS_OJ9eDdZRgHe9ylBT?hl=hu&amp;gl=HU&amp;ceid=HU%3Ahu\" rel=\"nofollow noopener\" target=\"_blank\">K\u00f6vess minket a Google H\u00edrek-ben is!<\/a><\/p>\n<p>\t\t\t&#13;<\/p>\n<p>A poszt szerint a K\u00f6zleked\u00e9si \u00e9s Beruh\u00e1z\u00e1si Miniszt\u00e9rium \u00e1ltal beny\u00fajtott t\u00f6rv\u00e9nyjavaslat rendezheti az \u00e9p\u00fclet sors\u00e1t. Amennyiben az Orsz\u00e1ggy\u0171l\u00e9s elfogadja a javaslatot, a vagyonkezel\u0151i jog a Magyar M\u0171szaki \u00e9s K\u00f6zleked\u00e9si M\u00fazeumhoz ker\u00fclhet, ami megnyitn\u00e1 az utat a Planet\u00e1rium fel\u00faj\u00edt\u00e1sa \u00e9s k\u00e9s\u0151bbi \u00fajranyit\u00e1sa el\u0151tt.<\/p>\n<p>&#13;<\/p>\n<p>Vit\u00e9zy arr\u00f3l is besz\u00e1molt, hogy az elm\u00falt hetekben nemzetk\u00f6zi p\u00e9ld\u00e1kat vizsg\u00e1ltak, \u00e9s t\u00f6bb terv is k\u00e9sz\u00fclt arra, mik\u00e9nt lehetne az \u00e9p\u00fcletet \u00faj form\u00e1ban, korszer\u0171 tartalommal, de az eredeti c\u00e9lj\u00e1t meg\u0151rizve \u00fajra m\u0171k\u00f6d\u00e9sbe hozni. Mint \u00edrta, hossz\u00fa \u00fat \u00e1ll m\u00e9g el\u0151tt\u00fck, de szerinte v\u00e9gre megkezd\u0151dtek az els\u0151 l\u00e9p\u00e9sek ahhoz, hogy a Planet\u00e1rium visszanyerje r\u00e9gi f\u00e9ny\u00e9t.<\/p>\n<p>&#13;<\/p>\n","protected":false},"excerpt":{"rendered":"2026. szeptember 5. 16:58 \u00daj fejezet kezd\u0151dhet a n\u00e9pligeti Planet\u00e1rium t\u00f6rt\u00e9net\u00e9ben: Vit\u00e9zy D\u00e1vid Facebook-posztj\u00e1ban arr\u00f3l \u00edrt, hogy t\u00f6rv\u00e9nyjavaslat&hellip;\n","protected":false},"author":2,"featured_media":234313,"comment_status":"","ping_status":"","sticky":false,"template":"","format":"standard","meta":{"footnotes":"","_share_on_mastodon":"0"},"categories":[22],"tags":[393,73,44,42,40,672,43,41,669,671,670,674,111,673],"class_list":["post-234312","post","type-post","status-publish","format-standard","has-post-thumbnail","category-budapest","tag-biztositas","tag-budapest","tag-hu","tag-hungarian","tag-hungary","tag-karrier","tag-magyar","tag-magyarorszag","tag-megtakaritas","tag-nyugdij","tag-otthon","tag-utazas","tag-vallalkozas","tag-vasarlas"],"share_on_mastodon":{"url":"https:\/\/pubeurope.com\/@hu\/117220245609606984","error":""},"_links":{"self":[{"href":"https:\/\/www.europesays.com\/hu\/wp-json\/wp\/v2\/posts\/234312","targetHints":{"allow":["GET"]}}],"collection":[{"href":"https:\/\/www.europesays.com\/hu\/wp-json\/wp\/v2\/posts"}],"about":[{"href":"https:\/\/www.europesays.com\/hu\/wp-json\/wp\/v2\/types\/post"}],"author":[{"embeddable":true,"href":"https:\/\/www.europesays.com\/hu\/wp-json\/wp\/v2\/users\/2"}],"replies":[{"embeddable":true,"href":"https:\/\/www.europesays.com\/hu\/wp-json\/wp\/v2\/comments?post=234312"}],"version-history":[{"count":0,"href":"https:\/\/www.europesays.com\/hu\/wp-json\/wp\/v2\/posts\/234312\/revisions"}],"wp:featuredmedia":[{"embeddable":true,"href":"https:\/\/www.europesays.com\/hu\/wp-json\/wp\/v2\/media\/234313"}],"wp:attachment":[{"href":"https:\/\/www.europesays.com\/hu\/wp-json\/wp\/v2\/media?parent=234312"}],"wp:term":[{"taxonomy":"category","embeddable":true,"href":"https:\/\/www.europesays.com\/hu\/wp-json\/wp\/v2\/categories?post=234312"},{"taxonomy":"post_tag","embeddable":true,"href":"https:\/\/www.europesays.com\/hu\/wp-json\/wp\/v2\/tags?post=234312"}],"curies":[{"name":"wp","href":"https:\/\/api.w.org\/{rel}","templated":true}]}}