{"id":234314,"date":"2026-09-05T20:14:09","date_gmt":"2026-09-05T20:14:09","guid":{"rendered":"https:\/\/www.europesays.com\/hu\/234314\/"},"modified":"2026-09-05T20:14:09","modified_gmt":"2026-09-05T20:14:09","slug":"index-kultur-szex-meztelen-nok-celebek-a-trainspotting-rendezoje-elmeseli-miert-lett-ilyen-a-vilag","status":"publish","type":"post","link":"https:\/\/www.europesays.com\/hu\/234314\/","title":{"rendered":"Index &#8211; Kult\u00far &#8211; Szex, meztelen n\u0151k, celebek: a Trainspotting rendez\u0151je elmes\u00e9li, mi\u00e9rt lett ilyen a vil\u00e1g"},"content":{"rendered":"<p>\n                          A Velencei Filmfesztiv\u00e1lon l\u00e1thattuk Danny Boyle, a Trainspotting rendez\u0151j\u00e9nek leg\u00fajabb filmj\u00e9t, az Ink\u00a0(magyarul v\u00e1rhat\u00f3an Tinta) c\u00edm\u0171 alkot\u00e1st. Az Oscar-d\u00edjas rendez\u0151 filmj\u00e9nek forgat\u00f3k\u00f6nyv\u00e9t James Graham \u00edrta, \u00e9s abba az id\u0151szakba kalauzolja a n\u00e9z\u0151t, amikor Rupert Murdoch m\u00e9diam\u00e1gn\u00e1s 1969-ben megv\u00e1s\u00e1rolta a The Sun brit napilapot, \u00e9s f\u0151szerkeszt\u0151nek Sir Larry Lambet nevezte ki. Egy\u00fcttm\u0171k\u00f6d\u00e9s\u00fck alapjaiban v\u00e1ltoztatta meg a brit bulv\u00e1rsajt\u00f3 m\u0171k\u00f6d\u00e9s\u00e9t, \u00e9s kit\u00f6r\u00f6lhetetlen nyomot hagyott a m\u00e9diat\u00f6rt\u00e9netben. A The Sun \u00fajraind\u00edt\u00e1s\u00e1val Murdoch \u00e9s Lamb olyan agressz\u00edv, szenz\u00e1ci\u00f3k\u00f6zpont\u00fa \u00e9s sz\u00f3rakoztat\u00f3 \u00fajs\u00e1g\u00edr\u00e1st honos\u00edtott meg, amely k\u00e9s\u0151bb vil\u00e1gszerte mint\u00e1v\u00e1 v\u00e1lt \u00e9s jelent\u0151s befoly\u00e1st gyakorolt az emberek \u00e9let\u00e9re.\n                        <\/p>\n<p>Boyle a filmben a szinte p\u00e9ld\u00e1tlan siker t\u00f6rt\u00e9net\u00e9nek \u00e1rnyoldalait is megmutatja: azt, hogyan szorultak egyre ink\u00e1bb h\u00e1tt\u00e9rbe a hagyom\u00e1nyos \u00fajs\u00e1g\u00edr\u00f3i norm\u00e1k a p\u00e9ld\u00e1nysz\u00e1m\u00e9rt \u00e9s a figyelem\u00e9rt folytatott szinte m\u00e1ni\u00e1kus k\u00fczdelemben. Az Oscar-d\u00edjas direktor a film\u00a0utols\u00f3 pillanataiban m\u00e1r nem csup\u00e1n a The Sun t\u00f6rt\u00e9net\u00e9t mes\u00e9li el, hanem \u00edt\u00e9letet is mond arr\u00f3l a m\u00e9diamodellr\u0151l, amelynek hat\u00e1sa m\u00e1ig \u00e9rezhet\u0151.<\/p>\n<p>                        Szex, n\u0151k, celebek \u00e9s Donald Trump<\/p>\n<p>Az biztos, hogy az alkot\u00e1s nem fest t\u00fal r\u00f3zs\u00e1s k\u00e9pet Larry Lambr\u0151l (Jack O\u2019Connell) \u00e9s Rupert Murdochr\u00f3l (Guy Pearce). K\u00e9t rendk\u00edv\u00fcl tehets\u00e9ges, elhivatott, a c\u00e9ljaik\u00e9rt szinte b\u00e1rmire k\u00e9pes embert l\u00e1tunk, akik ezzel p\u00e1rhuzamosan elk\u00e9peszt\u0151en ellenszenvesek is. Nyilv\u00e1nval\u00f3, hogy Boyle (tudatosan) \u00f6sszetett karaktereket jelen\u00edt meg filmj\u00e9ben, hiszen nem sablonos szerepl\u0151k\u00f6n kereszt\u00fcl akarta elmes\u00e9lni a bulv\u00e1rsajt\u00f3 radik\u00e1lis meg\u00fajul\u00e1s\u00e1nak t\u00f6rt\u00e9net\u00e9t, utalva annak hat\u00e1st\u00f6rt\u00e9net\u00e9re is. Szomor\u00fa, hogy ez a meg\u00fajul\u00e1s \u2013 a t\u00f6rt\u00e9net szerint \u2013 nem az olvas\u00f3k\u00e9rt, hanem csup\u00e1n az elad\u00e1sok n\u00f6vel\u00e9s\u00e9nek \u00e9rdek\u00e9ben, s\u00e9relmek orvosl\u00e1sa \u00e9s az \u00e9des bossz\u00fa miatt t\u00f6rt\u00e9nt. Lamb \u00f6n\u00e9rzete miatt.\n                        <\/p>\n<p>Larry Lamb arra kereste a v\u00e1laszt, hogy mi \u00e9rdekli igaz\u00e1n az embereket. Csapat\u00e1val, v\u00e1logatott kis szerkeszt\u0151s\u00e9g\u00e9vel arra jutott, hogy az olvas\u00f3kat a szex, a meztelen n\u0151k \u00e9s a celebek \u00e9rdeklik. Megel\u00e9gedett az egyszer\u0171 \u00e9s k\u00f6nnyed\u00e9n olvashat\u00f3 nyelvezettel \u00e9s a hangzatos, sokszor szinte \u00e9rtelmetlen szalagc\u00edmekkel. Boyle a film v\u00e9g\u00e9n Diana hercegn\u0151t, modern kori botr\u00e1nyokat, h\u00e1bor\u00fas helyzeteket, a bulv\u00e1r \u00e1ltal\u00e1nos t\u00e9rh\u00f3d\u00edt\u00e1s\u00e1t \u00e9s Donald Trumpot mutatja a n\u00e9z\u0151nek, mondv\u00e1n, k\u00f6sz\u00f6nj\u00fck, Larry Lamb \u00e9s Rupert Murdoch.<\/p>\n<p>A rendez\u0151 egy\u00e9rtelm\u0171en arra utal, hogy a m\u00e9dia olyan hatalmi \u00e1g, amely a k\u00f6z\u00f6ss\u00e9gi m\u00e9dia megjelen\u00e9s\u00e9ig szinte mindent \u00e1thatott \u00e9s befoly\u00e1solt, de nem biztos, hogy a helyes ir\u00e1nyba.<\/p>\n<p>\u00c9s \u00e9pp a m\u00e9dia bulv\u00e1rosod\u00e1s\u00e1nak k\u00f6sz\u00f6nhetj\u00fck a t\u00e1rsadalom erk\u00f6lcsi norm\u00e1inak gyeng\u00fcl\u00e9s\u00e9t. A film \u00edt\u00e9letet mond a vadkapitalista szellemis\u00e9gr\u0151l, ami nem ismer se Istent, se embert.\u00a0De nem \u00edt\u00e9lkezik Murdoch \u00e9s Lamb felett. Nem d\u00e9moniz\u00e1lja \u0151ket. Ink\u00e1bb csak jelzi, hogy hova vezetett a t\u00e9nyked\u00e9s\u00fck.<\/p>\n<p>                        Halov\u00e1ny Foy<\/p>\n<p>A film csaknem k\u00e9t\u00f3r\u00e1s, \u00e9s olykor vesz\u00edt a lend\u00fclet\u00e9b\u0151l, mik\u00f6zben Boyle az \u00f6sszes mesterfog\u00e1s\u00e1t \u00e9s t\u00f6rt\u00e9netmes\u00e9l\u00e9si praktik\u00e1j\u00e1t beveti az alkot\u00e1s sikere \u00e9rdek\u00e9ben. A l\u00e1tv\u00e1nyvil\u00e1g m\u00e9g a Gett\u00f3milliomos c\u00edm\u0171 filmj\u00e9t is megid\u00e9zi. A sz\u00edn\u00e9szek eg\u00e9szen kiv\u00e1l\u00f3an j\u00e1tszanak, a mez\u0151nyb\u0151l egy\u00e9rtelm\u0171en kiemelkedik a Lambet alak\u00edt\u00f3 Jack O\u2019Connell. Guy Pearce is nagyon meggy\u0151z\u0151 Murdoch szerep\u00e9ben, egyed\u00fcl Claire Foy j\u00e1t\u00e9ka t\u0171nik halov\u00e1nynak a szerepl\u0151k k\u00f6z\u00fcl. J\u00e1t\u00e9k\u00e1t l\u00e1tva olyan \u00e9rz\u00e9se t\u00e1mad az embernek, mintha csak a k\u00f6telez\u0151t akarta volna hozni, \u00e9s nem tudta igaz\u00e1n mag\u00e1\u00e9v\u00e1 tenni az \u00fajs\u00e1g\u00edr\u00f3n\u0151 szerep\u00e9t. De ennek ellen\u00e9re Claire Foyt tov\u00e1bbra is kiv\u00e1l\u00f3 sz\u00edn\u00e9szn\u0151nek tartom.<\/p>\n<p>A d\u00edszletek, a ruh\u00e1k \u00e9s sminkek a legapr\u00f3bb r\u00e9szletekig korh\u0171ek. Apr\u00f3l\u00e9kos, profi munk\u00e1t v\u00e9geztek a st\u00e1b tagjai. Az Ink egy t\u00f6k\u00e9letes film lehetne, de valami\u00e9rt m\u00e9gsem az. Az embernek az az \u00e9rz\u00e9se, hogy Boyle sokkal t\u00f6bbet akart markolni, mint amennyire egy ilyen t\u00f6rt\u00e9nettel k\u00e9pes. Remek munk\u00e1t v\u00e9gzett, de m\u00e9gsem az a mesterm\u0171, amit t\u0151le nyugodt sz\u00edvvel, szinte b\u00e1rmikor v\u00e1rhatunk. Akit az \u00e9rdekel, hogy hogyan jutottunk id\u00e1ig, tal\u00e1l v\u00e1laszokat, igen, ebben a filmben is.<\/p>\n<p>                           7\/10 <\/p>\n<p><a href=\"https:\/\/dex.hu\/x.php?id=googlepref_desktop&amp;url=https:\/\/google.com\/preferences\/source?q=https:\/\/index.hu\" class=\"google-pref-banner \" id=\"googlePrefBanner\" rel=\"nofollow noopener\" target=\"_blank\"><\/p>\n<p>    Itt \u00e1ll\u00edtsa be, hogy az Index az els\u0151k k\u00f6z\u00f6tt legyen a Google-tal\u00e1latokban!<\/p>\n<p><\/a><\/p>\n<p>    <img decoding=\"async\" src=\"https:\/\/index.hu\/assets\/images\/social-follow\/logo-big.svg\" alt=\"Index.hu logo\"\/><\/p>\n<p>K\u00f6vesse az Indexet Facebookon is!<\/p>\n<p>    <a href=\"https:\/\/facebook.com\/Indexhu\" target=\"_blank\" rel=\"nofollow noopener\"><\/p>\n<p>        K\u00f6vetem!<br \/>\n    <\/a><\/p>\n","protected":false},"excerpt":{"rendered":"A Velencei Filmfesztiv\u00e1lon l\u00e1thattuk Danny Boyle, a Trainspotting rendez\u0151j\u00e9nek leg\u00fajabb filmj\u00e9t, az Ink\u00a0(magyarul v\u00e1rhat\u00f3an Tinta) c\u00edm\u0171 alkot\u00e1st. Az&hellip;\n","protected":false},"author":2,"featured_media":234315,"comment_status":"","ping_status":"","sticky":false,"template":"","format":"standard","meta":{"footnotes":"","_share_on_mastodon":"0"},"categories":[16],"tags":[151,152,60518,137,44,42,40,61660,150,43,41,2071,138,61662,61661,9652],"class_list":["post-234314","post","type-post","status-publish","format-standard","has-post-thumbnail","category-szorakozas","tag-ce-femina","tag-ce-napi","tag-danny-boyle","tag-entertainment","tag-hu","tag-hungarian","tag-hungary","tag-ink","tag-kultur","tag-magyar","tag-magyarorszag","tag-rupert-murdoch","tag-szorakozas","tag-the-sun","tag-tinta","tag-velencei-filmfesztival"],"share_on_mastodon":{"url":"https:\/\/pubeurope.com\/@hu\/117220269670365756","error":""},"_links":{"self":[{"href":"https:\/\/www.europesays.com\/hu\/wp-json\/wp\/v2\/posts\/234314","targetHints":{"allow":["GET"]}}],"collection":[{"href":"https:\/\/www.europesays.com\/hu\/wp-json\/wp\/v2\/posts"}],"about":[{"href":"https:\/\/www.europesays.com\/hu\/wp-json\/wp\/v2\/types\/post"}],"author":[{"embeddable":true,"href":"https:\/\/www.europesays.com\/hu\/wp-json\/wp\/v2\/users\/2"}],"replies":[{"embeddable":true,"href":"https:\/\/www.europesays.com\/hu\/wp-json\/wp\/v2\/comments?post=234314"}],"version-history":[{"count":0,"href":"https:\/\/www.europesays.com\/hu\/wp-json\/wp\/v2\/posts\/234314\/revisions"}],"wp:featuredmedia":[{"embeddable":true,"href":"https:\/\/www.europesays.com\/hu\/wp-json\/wp\/v2\/media\/234315"}],"wp:attachment":[{"href":"https:\/\/www.europesays.com\/hu\/wp-json\/wp\/v2\/media?parent=234314"}],"wp:term":[{"taxonomy":"category","embeddable":true,"href":"https:\/\/www.europesays.com\/hu\/wp-json\/wp\/v2\/categories?post=234314"},{"taxonomy":"post_tag","embeddable":true,"href":"https:\/\/www.europesays.com\/hu\/wp-json\/wp\/v2\/tags?post=234314"}],"curies":[{"name":"wp","href":"https:\/\/api.w.org\/{rel}","templated":true}]}}