{"id":234322,"date":"2026-09-05T20:19:07","date_gmt":"2026-09-05T20:19:07","guid":{"rendered":"https:\/\/www.europesays.com\/hu\/234322\/"},"modified":"2026-09-05T20:19:07","modified_gmt":"2026-09-05T20:19:07","slug":"kina-bekemenyitett-megtorlassal-fenyeget-a-shein-es-a-temu-miatt","status":"publish","type":"post","link":"https:\/\/www.europesays.com\/hu\/234322\/","title":{"rendered":"K\u00edna bekem\u00e9ny\u00edtett: megtorl\u00e1ssal fenyeget a Shein \u00e9s a Temu miatt"},"content":{"rendered":"<p data-alignment=\"left\" class=\"text-left\" data-block-key=\"zxmla\">K\u00edna fenyeget\u0151zni kezdett, miut\u00e1n Franciaorsz\u00e1gban bevezett\u00e9k az \u00fagynevezett \u201eultra-fast-fashion\u201d t\u00f6rv\u00e9nyt.<\/p>\n<p data-alignment=\"left\" class=\"text-left\" data-block-key=\"b7qv3\">Ennek l\u00e9nyege, hogy szeptember 1-j\u00e9t\u0151l az olyan c\u00e9geknek, mint a <a href=\"https:\/\/www.economx.hu\/magyar-gazdasag\/2026\/06\/27\/juliustol-uj-dij-jon-a-temu-es-shein-rendelesekre-igy-valtozik-az-online-vasarlas\/\" target=\"_blank\" rel=\" noopener noreferrer nofollow\">Shein<\/a> vagy Temu, k\u00f6rnyezetv\u00e9delmi hozz\u00e1j\u00e1rul\u00e1st kell fizetni\u00fck a term\u00e9keik ut\u00e1n \u2013 <a href=\"https:\/\/www.euronews.com\/business\/2026\/09\/03\/china-demands-france-scrap-fast-fashion-law-targeting-shein-and-temu\" target=\"_blank\" rel=\" noopener noreferrer nofollow\">\u00edrja<\/a> az Euronews. A besorol\u00e1st\u00f3l f\u00fcgg\u0151en ez lehet 0,25 vagy ak\u00e1r 20 eur\u00f3 is.<\/p>\n<p>  <a rel=\"noopener nofollow\" href=\"https:\/\/indamediasales.hu\/2019\/06\/25\/quality_placement_minosegbiztositasi_tajekoztato_728\" target=\"_blank\" class=\"flex items-center\"><\/p>\n<p>      <img loading=\"lazy\" decoding=\"async\" src=\"https:\/\/www.economx.hu\/neon\/static\/images\/brand\/quality_placement_logo.svg\" alt=\"Quality Placement\" width=\"150\" height=\"15\"\/><\/p>\n<p>  <\/a><\/p>\n<p>\n  hirdet\u00e9s<\/p>\n<p>    X<\/p>\n<p data-alignment=\"left\" class=\"text-left\" data-block-key=\"936sl\">A k\u00ednai korm\u00e1ny \u201erendk\u00edv\u00fcl el\u00e9gedetlen\u201d a d\u00f6nt\u00e9ssel, Peking szerint ez egyenesen diszkrimin\u00e1ci\u00f3. Azt is hangs\u00falyozt\u00e1k, hogy az \u00faj t\u00f6rv\u00e9ny s\u00e9rti a WTO megk\u00fcl\u00f6nb\u00f6ztet\u00e9smentess\u00e9gre vonatkoz\u00f3 alapelveit.<\/p>\n<p data-alignment=\"left\" class=\"text-left\" data-block-key=\"itous\">K\u00edna v\u00e1laszul megtorl\u00f3 int\u00e9zked\u00e9sekr\u0151l besz\u00e9lt, hogy megv\u00e9dje a k\u00ednai v\u00e1llalatokat.<\/p>\n<p data-alignment=\"left\" class=\"text-left\" data-block-key=\"8ttap\">A hozz\u00e1j\u00e1rul\u00e1st a gy\u00e1rt\u00f3knak kell megfizetni\u00fck, azonban ezt v\u00e9g\u00fcl a v\u00e1s\u00e1rl\u00f3kra fogj\u00e1k h\u00e1r\u00edtani magasabb \u00e1rak form\u00e1j\u00e1ban.<\/p>\n<p>      T\u0151zsd\u00e9re l\u00e9pett a Shein, de azonnal akkor\u00e1t zuhant, hogy a fal adta a m\u00e1sikat<\/p>\n<p data-alignment=\"left\" class=\"text-left\" data-block-key=\"fjb5l\">Hossz\u00fa v\u00e1rakoz\u00e1s ut\u00e1n kedden a hongkongi t\u0151zsd\u00e9re l\u00e9pett a Shein, \u00e1m a gyorsdivat-\u00f3ri\u00e1s r\u00e9szv\u00e9nyei az indul\u00e1s ut\u00e1n azonnal t\u00f6bb mint 10 sz\u00e1zal\u00e9kot estek, majd 3,5 sz\u00e1zal\u00e9kos m\u00ednuszban \u00e1llapodtak meg. A v\u00e1llalat piaci \u00e9rt\u00e9ke drasztikusan zsugorodott: a kor\u00e1bbi, k\u00f6zel 100 milli\u00e1rd doll\u00e1ros becsl\u00e9sekkel szemben a c\u00e9g most csup\u00e1n 26,3 milli\u00e1rd doll\u00e1rt \u00e9r. <a href=\"https:\/\/www.economx.hu\/tozsde\/2026\/09\/01\/hatalmas-csalodas-debutalas-tozsde-shein-hongkong-kenyszermunka\/\" target=\"_blank\" rel=\" noopener noreferrer nofollow\">B\u0151vebben<\/a>&gt;&gt;<\/p>\n<p><a href=\"https:\/\/google.com\/preferences\/source?q=https%3A\/\/www.economx.hu\" rel=\"noopener nofollow\" referrerpolicy=\"no-referrer-when-downgrade\" class=\"!flex !items-center !gap-5 !py-2 !px-3 w-full !rounded-xl !font-bold cursor-pointer !no-underline relative !bg-white !text-[#202124] !border !border-[#858585] dark:!bg-[#323232] dark:!text-white dark:border-none my-4 \" target=\"_blank\"><br \/>\n  <img decoding=\"async\" src=\"https:\/\/www.economx.hu\/neon\/static\/images\/favicons\/google_favicon.svg\" alt=\"Google\" class=\"shrink-0 w-7 h-7\"\/><br \/>\n  \u00c1ll\u00edtsd be, hogy az Economx az els\u0151k k\u00f6z\u00f6tt legyen a Google-tal\u00e1latokban!<\/p>\n<p><\/a><\/p>\n","protected":false},"excerpt":{"rendered":"K\u00edna fenyeget\u0151zni kezdett, miut\u00e1n Franciaorsz\u00e1gban bevezett\u00e9k az \u00fagynevezett \u201eultra-fast-fashion\u201d t\u00f6rv\u00e9nyt. Ennek l\u00e9nyege, hogy szeptember 1-j\u00e9t\u0151l az olyan c\u00e9geknek,&hellip;\n","protected":false},"author":2,"featured_media":234323,"comment_status":"","ping_status":"","sticky":false,"template":"","format":"standard","meta":{"footnotes":"","_share_on_mastodon":"0"},"categories":[8],"tags":[1399,42,104,43,34,18054,13833,94,93,92],"class_list":["post-234322","post","type-post","status-publish","format-standard","has-post-thumbnail","category-vilag","tag-franciaorszag","tag-hungarian","tag-kina","tag-magyar","tag-news","tag-shein","tag-temu","tag-vilag","tag-world","tag-world-news"],"share_on_mastodon":{"url":"https:\/\/pubeurope.com\/@hu\/117220289309807482","error":""},"_links":{"self":[{"href":"https:\/\/www.europesays.com\/hu\/wp-json\/wp\/v2\/posts\/234322","targetHints":{"allow":["GET"]}}],"collection":[{"href":"https:\/\/www.europesays.com\/hu\/wp-json\/wp\/v2\/posts"}],"about":[{"href":"https:\/\/www.europesays.com\/hu\/wp-json\/wp\/v2\/types\/post"}],"author":[{"embeddable":true,"href":"https:\/\/www.europesays.com\/hu\/wp-json\/wp\/v2\/users\/2"}],"replies":[{"embeddable":true,"href":"https:\/\/www.europesays.com\/hu\/wp-json\/wp\/v2\/comments?post=234322"}],"version-history":[{"count":0,"href":"https:\/\/www.europesays.com\/hu\/wp-json\/wp\/v2\/posts\/234322\/revisions"}],"wp:featuredmedia":[{"embeddable":true,"href":"https:\/\/www.europesays.com\/hu\/wp-json\/wp\/v2\/media\/234323"}],"wp:attachment":[{"href":"https:\/\/www.europesays.com\/hu\/wp-json\/wp\/v2\/media?parent=234322"}],"wp:term":[{"taxonomy":"category","embeddable":true,"href":"https:\/\/www.europesays.com\/hu\/wp-json\/wp\/v2\/categories?post=234322"},{"taxonomy":"post_tag","embeddable":true,"href":"https:\/\/www.europesays.com\/hu\/wp-json\/wp\/v2\/tags?post=234322"}],"curies":[{"name":"wp","href":"https:\/\/api.w.org\/{rel}","templated":true}]}}