{"id":234338,"date":"2026-09-05T20:43:18","date_gmt":"2026-09-05T20:43:18","guid":{"rendered":"https:\/\/www.europesays.com\/hu\/234338\/"},"modified":"2026-09-05T20:43:18","modified_gmt":"2026-09-05T20:43:18","slug":"index-futball-futball-1179","status":"publish","type":"post","link":"https:\/\/www.europesays.com\/hu\/234338\/","title":{"rendered":"Index &#8211; Futball &#8211; Futball"},"content":{"rendered":"<p>                <a href=\"https:\/\/index.hu\/szerzo\/kiss_marton_balazs\" rel=\"nofollow noopener\" target=\"_blank\"><br \/>\n                        <img decoding=\"async\" class=\"szerzo-kep\" src=\"https:\/\/www.europesays.com\/hu\/wp-content\/uploads\/2026\/09\/1788640994_276_43975988_3355510_bf5f94541d410d2d32f635f108ff0c4d_wm.jpg\" alt=\"Kiss M\u00e1rton Bal\u00e1zs\"\/><br \/>\n                <\/a><\/p>\n<p>\n                A Bayern M\u00fcnchen meglepet\u00e9sre nem tudott nyerni az \u00e9lvonalbeli n\u00e9met labdar\u00fag\u00f3-bajnoks\u00e1g (Bundesliga) m\u00e1sodik fordul\u00f3j\u00e1ban, a h\u0151siesen v\u00e9dekez\u0151 Schalke g\u00f3l n\u00e9lk\u00fcli d\u00f6ntetlent j\u00e1tszott a bajorokkal Gelsenkirchenben. A meccs egyik legjobbja Loris Karius kapus volt, aki a m\u00e9rk\u0151z\u00e9s hajr\u00e1j\u00e1ban hatalmas brav\u00farral szedte ki a l\u00e9c al\u00f3l Harry Kane \u00e9leter\u0151s l\u00f6v\u00e9s\u00e9t.            <\/p>\n<p>Az el\u0151z\u0151 id\u00e9ny g\u00f3lkir\u00e1lya, Harry Kane csak a sz\u00fcnetben \u00e1llt be, de az angol v\u00e1logatott csat\u00e1r sem seg\u00edtett, \u00edgy az \u00e9lvonalba h\u00e1rom \u00e9v ut\u00e1n visszat\u00e9r\u0151 Schalke otthon tudott tartani egy pontot.<\/p>\n<p>Kane a 87. percben nagyon k\u00f6zel j\u00e1rt a g\u00f3lhoz, de Karius a leveg\u0151ben \u00faszva valahogy kiszedte a l\u00e9c al\u00e1 tart\u00f3 labd\u00e1t, elk\u00e9peszt\u0151en nagy brav\u00far volt ez t\u0151le. A klasszis t\u00e1mad\u00f3 nem akart hinni a szem\u00e9nek, a visszaj\u00e1tsz\u00e1son l\u00e1tszott, ahogy ki\u00fcl a d\u00f6bbenet az arc\u00e1ra.<\/p>\n<p>\n                          A m\u00e9rk\u0151z\u00e9s teljes \u00f6sszefoglal\u00f3ja al\u00e1bb tekinthet\u0151 meg:\n                        <\/p>\n<p>                        Labdar\u00fag\u00e1s<\/p>\n<p>\n                          Bundesliga\n                        <\/p>\n<p>\n                          2. fordul\u00f3\n                        <\/p>\n<p>                        Schalke 04\u2013Bayern M\u00fcnchen 0\u20130<\/p>\n<p>\n                          Kor\u00e1bban j\u00e1tszott\u00e1k:\n                        <\/p>\n<p>                        Hoffenheim\u2013Borussia Dortmund 2\u20133<br \/>\n                        Bayer Leverkusen\u2013Union Berlin 4\u20130<br \/>\n                        Borussia M\u00f6nchengladbach\u2013Elversberg 3\u20134<br \/>\n                        Paderborn\u2013SC Freiburg 0\u20131<br \/>\n                        Werder Bremen\u2013RB Leipzig 3\u20131<\/p>\n<p>\n                          P\u00e9nteken j\u00e1tszott\u00e1k:\n                        <\/p>\n<p>                        VfB Stuttgart\u20131. FC K\u00f6ln 4\u20131<\/p>\n<p>\n                          Vas\u00e1rnap:\n                        <\/p>\n<p>                        Hamburger SV\u2013FSV Mainz 15.30<br \/>\n                        Eintracht Frankfurt\u2013Augsburg 17.30<\/p>\n<p><a href=\"https:\/\/dex.hu\/x.php?id=googlepref_desktop&amp;url=https:\/\/google.com\/preferences\/source?q=https:\/\/index.hu\" class=\"google-pref-banner \" id=\"googlePrefBanner\" rel=\"nofollow noopener\" target=\"_blank\"><\/p>\n<p>    Itt \u00e1ll\u00edtsa be, hogy az Index az els\u0151k k\u00f6z\u00f6tt legyen a Google-tal\u00e1latokban!<\/p>\n<p><\/a><\/p>\n<p>                <a href=\"https:\/\/konyvek.index.hu\/\" target=\"_blank\" rel=\"nofollow noopener\"><br \/>\n                <img decoding=\"async\" src=\"https:\/\/index.hu\/assets\/images\/konyvajanlo\/book_indapress\/book_indapress_logo.svg\" loading=\"lazy\" alt=\"Inda Press Kiad\u00f3\"\/><br \/>\n                <\/a><\/p>\n<p>                <img decoding=\"async\" src=\"https:\/\/www.europesays.com\/hu\/wp-content\/uploads\/2026\/09\/1788640996_34_rossi.png\" loading=\"lazy\" alt=\"Rossi\"\/><\/p>\n<p>Ismerd meg a magyar labdar\u00fag\u00e1s h\u0151s\u00e9nek eml\u00e9kezetes pillanatait!<br \/>Folytassa, Mister!<\/p>\n<p>                <a class=\"book_index_btn\" href=\"https:\/\/indexadhu.hit.gemius.pl\/hitredir\/id=nSCbubuYpDWJZLZs0TssLrbt33Lk5kbipuiZrkg89G3.g7\/stparam=uciklwjurk\/fastid=efdamtuhsxcjschvtzobuxredglq\/nc=0\/url=https:\/\/www.indapresskiado.hu\/products\/marco-rossi?_pos=1&amp;_psq=rossi&amp;_ss=e&amp;_v=1.0\" target=\"_blank\" rel=\"nofollow noopener\">MEGVESZEM<\/a><\/p>\n<p>    <img loading=\"lazy\" decoding=\"async\" src=\"https:\/\/www.europesays.com\/hu\/wp-content\/uploads\/2026\/09\/1788640998_525_nc=0.gif\" border=\"0\" height=\"0\" width=\"0\"\/><\/p>\n<p>    <img decoding=\"async\" src=\"https:\/\/index.hu\/assets\/images\/social-follow\/logo-big.svg\" alt=\"Index.hu logo\"\/><\/p>\n<p>K\u00f6vesse az Indexet Facebookon is!<\/p>\n<p>    <a href=\"https:\/\/facebook.com\/Indexhu\" target=\"_blank\" rel=\"nofollow noopener\"><\/p>\n<p>        K\u00f6vetem!<br \/>\n    <\/a><\/p>\n","protected":false},"excerpt":{"rendered":"A Bayern M\u00fcnchen meglepet\u00e9sre nem tudott nyerni az \u00e9lvonalbeli n\u00e9met labdar\u00fag\u00f3-bajnoks\u00e1g (Bundesliga) m\u00e1sodik fordul\u00f3j\u00e1ban, a h\u0151siesen v\u00e9dekez\u0151 Schalke&hellip;\n","protected":false},"author":2,"featured_media":234339,"comment_status":"","ping_status":"","sticky":false,"template":"","format":"standard","meta":{"footnotes":"","_share_on_mastodon":"0"},"categories":[14],"tags":[5078,6935,22360,44,42,40,34966,43,41,271,18256,45,131],"class_list":["post-234338","post","type-post","status-publish","format-standard","has-post-thumbnail","category-sport","tag-bayern-munchen","tag-bundesliga","tag-harry-kane","tag-hu","tag-hungarian","tag-hungary","tag-loris-karius","tag-magyar","tag-magyarorszag","tag-nemetorszag","tag-schalke","tag-sport","tag-sports"],"share_on_mastodon":{"url":"https:\/\/pubeurope.com\/@hu\/117220384074600807","error":""},"_links":{"self":[{"href":"https:\/\/www.europesays.com\/hu\/wp-json\/wp\/v2\/posts\/234338","targetHints":{"allow":["GET"]}}],"collection":[{"href":"https:\/\/www.europesays.com\/hu\/wp-json\/wp\/v2\/posts"}],"about":[{"href":"https:\/\/www.europesays.com\/hu\/wp-json\/wp\/v2\/types\/post"}],"author":[{"embeddable":true,"href":"https:\/\/www.europesays.com\/hu\/wp-json\/wp\/v2\/users\/2"}],"replies":[{"embeddable":true,"href":"https:\/\/www.europesays.com\/hu\/wp-json\/wp\/v2\/comments?post=234338"}],"version-history":[{"count":0,"href":"https:\/\/www.europesays.com\/hu\/wp-json\/wp\/v2\/posts\/234338\/revisions"}],"wp:featuredmedia":[{"embeddable":true,"href":"https:\/\/www.europesays.com\/hu\/wp-json\/wp\/v2\/media\/234339"}],"wp:attachment":[{"href":"https:\/\/www.europesays.com\/hu\/wp-json\/wp\/v2\/media?parent=234338"}],"wp:term":[{"taxonomy":"category","embeddable":true,"href":"https:\/\/www.europesays.com\/hu\/wp-json\/wp\/v2\/categories?post=234338"},{"taxonomy":"post_tag","embeddable":true,"href":"https:\/\/www.europesays.com\/hu\/wp-json\/wp\/v2\/tags?post=234338"}],"curies":[{"name":"wp","href":"https:\/\/api.w.org\/{rel}","templated":true}]}}