{"id":234354,"date":"2026-09-05T21:07:07","date_gmt":"2026-09-05T21:07:07","guid":{"rendered":"https:\/\/www.europesays.com\/hu\/234354\/"},"modified":"2026-09-05T21:07:07","modified_gmt":"2026-09-05T21:07:07","slug":"x-faktor-2026-ez-tortent-az-elso-reszben","status":"publish","type":"post","link":"https:\/\/www.europesays.com\/hu\/234354\/","title":{"rendered":"X-Faktor 2026: ez t\u00f6rt\u00e9nt az els\u0151 r\u00e9szben"},"content":{"rendered":"<p>Ez az els\u0151 pillanat\u00f3l kezdve egy reality volt, sosem volt m\u00e1s<\/p>\n<p>\u2013 <a href=\"https:\/\/24.hu\/szorakozas\/2024\/11\/25\/x-faktor-reality-egykori-producer-schiwert-takacs-laszlo-puskas-peti\/\" target=\"_blank\" rel=\"noopener nofollow\">sz\u00f6gezte le 2024-ben<\/a> az X-Faktor kapcs\u00e1n a m\u0171sor egyik volt producere, Schiwert-Tak\u00e1cs L\u00e1szl\u00f3.<\/p>\n<p>Balga d\u00f6nt\u00e9s teh\u00e1t aszerint meg\u00edt\u00e9lni az idei X-Faktort, mintha a tematik\u00e1t lesz\u00e1m\u00edtva b\u00e1rmilyen aspektusb\u00f3l a tehets\u00e9gek felkutat\u00e1sa lenne a priorit\u00e1s. K\u00e9ts\u00e9g sem f\u00e9r hozz\u00e1, hogy a szt\u00e1rcsin\u00e1l\u00f3 funkci\u00f3ja nagyon is \u00e9rv\u00e9nyes, m\u00e1r ha t\u00e9nyleg felbukkan a v\u00e1logat\u00f3n egy-egy kiv\u00e9teles ember.<\/p>\n<p>Csak k\u00f6zben azt sem tagadhatjuk el, hogy a m\u0171sor t\u00f6bb \u2013 az\u00f3ta \u00f6nmagukat t\u00f6bbnyire TikTok-szt\u00e1rk\u00e9nt aposztrof\u00e1l\u00f3 \u2013 trashcelebet termelt ki mag\u00e1b\u00f3l az \u00e9vek sor\u00e1n, mint tehets\u00e9g\u00fck\u00e9rt elismert m\u0171v\u00e9szeket.<\/p>\n<p>Err\u0151l viszont k\u00ednosan pr\u00f3b\u00e1lja elterelni a figyelmet a zs\u0171ri az \u00faj \u00e9vadban, mikor nagy el\u00e1nnal bizonygatj\u00e1k, hogy \u0151ket \u201enem lehet csak \u00fagy leny\u0171g\u00f6zni\u201d. Po\u00e9nb\u00f3l m\u00e9gis igennel szavaznak egy\u00e9rtelm\u0171en m\u00e9diahacknek sz\u00e1nt fell\u00e9p\u00e9sekre \u2013 teh\u00e1t pontosan tudj\u00e1k ezek a j\u00f3lf\u00e9s\u00fclt, f\u0151n\u00f6ki sz\u00e9kbe \u00fcltetett zen\u00e9szek, mifajta kre\u00e1lt folyamatok r\u00e9szesei.<\/p>\n<p>K\u00e9pes m\u00e9g b\u00e1rmi \u00fajdons\u00e1got produk\u00e1lni a m\u0171sor? Pontosabban: tud m\u00e9g olyat felmutatni, amit m\u00e9g a realityken nevelkedett n\u00e9z\u0151k sem l\u00e1ttak?<\/p>\n<p>Az els\u0151 r\u00e9sz alapj\u00e1n arra jutottunk, hogy alig van m\u00e1r t\u00e9tje b\u00e1rminek. S\u0151t, a m\u0171sor eddigi fenn\u00e1ll\u00e1sa sor\u00e1n alaposan megismert szerepl\u0151t\u00edpusok arca az egyetlen v\u00e1ltoz\u00f3 t\u00e9nyez\u0151; az \u00e1ltaluk bej\u00e1rt \u00fat m\u00e1r-m\u00e1r kiv\u00e9tel n\u00e9lk\u00fcl toposzok ment\u00e9n val\u00f3sul meg.<\/p>\n","protected":false},"excerpt":{"rendered":"Ez az els\u0151 pillanat\u00f3l kezdve egy reality volt, sosem volt m\u00e1s \u2013 sz\u00f6gezte le 2024-ben az X-Faktor kapcs\u00e1n&hellip;\n","protected":false},"author":2,"featured_media":234355,"comment_status":"","ping_status":"","sticky":false,"template":"","format":"standard","meta":{"footnotes":"","_share_on_mastodon":"0"},"categories":[19],"tags":[6396,1618,137,23274,44,42,40,4551,43,41,2260,1051,27143,138,18918,191,3734,1986,29593],"class_list":["post-234354","post","type-post","status-publish","format-standard","has-post-thumbnail","category-tv","tag-byealex","tag-ember-mark","tag-entertainment","tag-gaspar-laci","tag-hu","tag-hungarian","tag-hungary","tag-kollo-babett","tag-magyar","tag-magyarorszag","tag-majka","tag-rtl","tag-solere","tag-szorakozas","tag-tehetsegkutato","tag-tv","tag-valosagshow","tag-x-faktor","tag-x-faktor-2026"],"share_on_mastodon":{"url":"https:\/\/pubeurope.com\/@hu\/117220477743881327","error":""},"_links":{"self":[{"href":"https:\/\/www.europesays.com\/hu\/wp-json\/wp\/v2\/posts\/234354","targetHints":{"allow":["GET"]}}],"collection":[{"href":"https:\/\/www.europesays.com\/hu\/wp-json\/wp\/v2\/posts"}],"about":[{"href":"https:\/\/www.europesays.com\/hu\/wp-json\/wp\/v2\/types\/post"}],"author":[{"embeddable":true,"href":"https:\/\/www.europesays.com\/hu\/wp-json\/wp\/v2\/users\/2"}],"replies":[{"embeddable":true,"href":"https:\/\/www.europesays.com\/hu\/wp-json\/wp\/v2\/comments?post=234354"}],"version-history":[{"count":0,"href":"https:\/\/www.europesays.com\/hu\/wp-json\/wp\/v2\/posts\/234354\/revisions"}],"wp:featuredmedia":[{"embeddable":true,"href":"https:\/\/www.europesays.com\/hu\/wp-json\/wp\/v2\/media\/234355"}],"wp:attachment":[{"href":"https:\/\/www.europesays.com\/hu\/wp-json\/wp\/v2\/media?parent=234354"}],"wp:term":[{"taxonomy":"category","embeddable":true,"href":"https:\/\/www.europesays.com\/hu\/wp-json\/wp\/v2\/categories?post=234354"},{"taxonomy":"post_tag","embeddable":true,"href":"https:\/\/www.europesays.com\/hu\/wp-json\/wp\/v2\/tags?post=234354"}],"curies":[{"name":"wp","href":"https:\/\/api.w.org\/{rel}","templated":true}]}}