{"id":234376,"date":"2026-09-05T21:39:13","date_gmt":"2026-09-05T21:39:13","guid":{"rendered":"https:\/\/www.europesays.com\/hu\/234376\/"},"modified":"2026-09-05T21:39:13","modified_gmt":"2026-09-05T21:39:13","slug":"index-futball-futball-1181","status":"publish","type":"post","link":"https:\/\/www.europesays.com\/hu\/234376\/","title":{"rendered":"Index &#8211; Futball &#8211; Futball"},"content":{"rendered":"<p>A Kisv\u00e1rda 2\u20131-re nyert az MTK Budapest vend\u00e9gek\u00e9nt a labdar\u00fag\u00f3 OTP Bank Liga hetedik fordul\u00f3j\u00e1nak els\u0151 szombati m\u00e9rk\u0151z\u00e9s\u00e9n.<\/p>\n<p>A k\u00e9k-feh\u00e9rek t\u00f6bb mint \u00f6t \u00e9v, k\u00e9t d\u00f6ntetlen \u00e9s h\u00e1rom gy\u0151zelem ut\u00e1n kaptak ki otthon a szabolcsi egy\u00fcttest\u0151l, amely n\u00e9gy nyeretlen bajnoki tal\u00e1lkoz\u00f3t k\u00f6vet\u0151en gy\u0151z\u00f6tt \u00fajra az \u00e9lvonalban.<\/p>\n<p>A Paks-Debrecen-m\u00e9rk\u0151z\u00e9s el\u0151tt teljes\u00fclt egy \u00e1lom: Simon J\u00f3zsefn\u00e9 Moln\u00e1r Ter\u00e9zia v\u00e9gezte el az \u00fcnnep\u00e9lyes kezd\u0151r\u00fag\u00e1st, az id\u0151s asszony (aki kiskora \u00f3ta nagy futballrajong\u00f3) a 85. sz\u00fclet\u00e9snapj\u00e1ra kapta aj\u00e1nd\u00e9kba ezt a lehet\u0151s\u00e9get a csal\u00e1dj\u00e1t\u00f3l. A szurkol\u00f3k vastapssal k\u00f6sz\u00f6nt\u00f6tt\u00e9k Ter\u00e9zke n\u00e9nit, akivel m\u00e9g Dzsudzs\u00e1k Bal\u00e1zs is kezet fogott a tisztelet jelek\u00e9nt.<\/p>\n<p>A m\u00e9rk\u0151z\u00e9st v\u00e9g\u00fcl a DVSC nyerte meg 4\u20132 ar\u00e1nyban, Szendrei \u00c1kos k\u00e9t g\u00f3llal j\u00e1rult hozz\u00e1 a hajd\u00fas\u00e1giak gy\u0151zelm\u00e9hez.<\/p>\n<p>A hazaiak eddig m\u00e9g veretlenek voltak hazai k\u00f6rnyezetben, m\u00edg a Debrecen, amely ezt megel\u0151z\u0151en sorozatban h\u00e1rom d\u00f6ntetlent j\u00e1tszott, idegenben az els\u0151 siker\u00e9t aratta, \u00edrja az MTI.<\/p>\n<p>                        Labdar\u00fag\u00e1s<\/p>\n<p>\n                          NB I\n                        <\/p>\n<p>\n                          7. fordul\u00f3\n                        <\/p>\n<p>                        MTK Budapest\u2013Kisv\u00e1rda Master Godd 1\u20132<br \/>\n                        Paks\u2013Debreceni VSC 2\u20134<\/p>\n<p>\n                          P\u00e9nteken j\u00e1tszott\u00e1k:\n                        <\/p>\n<p>\n                          Vas\u00e1rnap j\u00e1tssz\u00e1k:\n                        <\/p>\n<p>                        Zalaegerszegi TE FC\u2013Pusk\u00e1s Akad\u00e9mia FC 15.30<br \/>\n                        Ferencv\u00e1rosi TC\u2013\u00dajpest FC 17.45<br \/>\n                        ETO FC\u2013Kispest-Honv\u00e9d FC 20.00<\/p>\n<p><a href=\"https:\/\/dex.hu\/x.php?id=googlepref_desktop&amp;url=https:\/\/google.com\/preferences\/source?q=https:\/\/index.hu\" class=\"google-pref-banner \" id=\"googlePrefBanner\" rel=\"nofollow noopener\" target=\"_blank\"><\/p>\n<p>    Itt \u00e1ll\u00edtsa be, hogy az Index az els\u0151k k\u00f6z\u00f6tt legyen a Google-tal\u00e1latokban!<\/p>\n<p><\/a><\/p>\n<p>                <a href=\"https:\/\/konyvek.index.hu\/\" target=\"_blank\" rel=\"nofollow noopener\"><br \/>\n                <img decoding=\"async\" src=\"https:\/\/index.hu\/assets\/images\/konyvajanlo\/book_indapress\/book_indapress_logo.svg\" loading=\"lazy\" alt=\"Inda Press Kiad\u00f3\"\/><br \/>\n                <\/a><\/p>\n<p>                <img decoding=\"async\" src=\"https:\/\/www.europesays.com\/hu\/wp-content\/uploads\/2026\/09\/1788644351_245_rossi.png\" loading=\"lazy\" alt=\"Rossi\"\/><\/p>\n<p>Ismerd meg a magyar labdar\u00fag\u00e1s h\u0151s\u00e9nek eml\u00e9kezetes pillanatait!<br \/>Folytassa, Mister!<\/p>\n<p>                <a class=\"book_index_btn\" href=\"https:\/\/indexadhu.hit.gemius.pl\/hitredir\/id=nSCbubuYpDWJZLZs0TssLrbt33Lk5kbipuiZrkg89G3.g7\/stparam=uciklwjurk\/fastid=efdamtuhsxcjschvtzobuxredglq\/nc=0\/url=https:\/\/www.indapresskiado.hu\/products\/marco-rossi?_pos=1&amp;_psq=rossi&amp;_ss=e&amp;_v=1.0\" target=\"_blank\" rel=\"nofollow noopener\">MEGVESZEM<\/a><\/p>\n<p>    <img loading=\"lazy\" decoding=\"async\" src=\"https:\/\/www.europesays.com\/hu\/wp-content\/uploads\/2026\/09\/1788644353_886_nc=0.gif\" border=\"0\" height=\"0\" width=\"0\"\/><\/p>\n<p>    <img decoding=\"async\" src=\"https:\/\/index.hu\/assets\/images\/social-follow\/logo-big.svg\" alt=\"Index.hu logo\"\/><\/p>\n<p>K\u00f6vesse az Indexet Facebookon is!<\/p>\n<p>    <a href=\"https:\/\/facebook.com\/Indexhu\" target=\"_blank\" rel=\"nofollow noopener\"><\/p>\n<p>        K\u00f6vetem!<br \/>\n    <\/a><\/p>\n","protected":false},"excerpt":{"rendered":"A Kisv\u00e1rda 2\u20131-re nyert az MTK Budapest vend\u00e9gek\u00e9nt a labdar\u00fag\u00f3 OTP Bank Liga hetedik fordul\u00f3j\u00e1nak els\u0151 szombati m\u00e9rk\u0151z\u00e9s\u00e9n.&hellip;\n","protected":false},"author":2,"featured_media":234377,"comment_status":"","ping_status":"","sticky":false,"template":"","format":"standard","meta":{"footnotes":"","_share_on_mastodon":"0"},"categories":[14],"tags":[940,2008,44,42,40,6888,43,41,1071,1068,3169,45,131],"class_list":["post-234376","post","type-post","status-publish","format-standard","has-post-thumbnail","category-sport","tag-debrecen","tag-dvsc","tag-hu","tag-hungarian","tag-hungary","tag-kisvarda","tag-magyar","tag-magyarorszag","tag-mtk-budapest","tag-nb-i","tag-paks","tag-sport","tag-sports"],"share_on_mastodon":{"url":"https:\/\/pubeurope.com\/@hu\/117220604042810112","error":""},"_links":{"self":[{"href":"https:\/\/www.europesays.com\/hu\/wp-json\/wp\/v2\/posts\/234376","targetHints":{"allow":["GET"]}}],"collection":[{"href":"https:\/\/www.europesays.com\/hu\/wp-json\/wp\/v2\/posts"}],"about":[{"href":"https:\/\/www.europesays.com\/hu\/wp-json\/wp\/v2\/types\/post"}],"author":[{"embeddable":true,"href":"https:\/\/www.europesays.com\/hu\/wp-json\/wp\/v2\/users\/2"}],"replies":[{"embeddable":true,"href":"https:\/\/www.europesays.com\/hu\/wp-json\/wp\/v2\/comments?post=234376"}],"version-history":[{"count":0,"href":"https:\/\/www.europesays.com\/hu\/wp-json\/wp\/v2\/posts\/234376\/revisions"}],"wp:featuredmedia":[{"embeddable":true,"href":"https:\/\/www.europesays.com\/hu\/wp-json\/wp\/v2\/media\/234377"}],"wp:attachment":[{"href":"https:\/\/www.europesays.com\/hu\/wp-json\/wp\/v2\/media?parent=234376"}],"wp:term":[{"taxonomy":"category","embeddable":true,"href":"https:\/\/www.europesays.com\/hu\/wp-json\/wp\/v2\/categories?post=234376"},{"taxonomy":"post_tag","embeddable":true,"href":"https:\/\/www.europesays.com\/hu\/wp-json\/wp\/v2\/tags?post=234376"}],"curies":[{"name":"wp","href":"https:\/\/api.w.org\/{rel}","templated":true}]}}