{"id":234422,"date":"2026-09-05T22:53:06","date_gmt":"2026-09-05T22:53:06","guid":{"rendered":"https:\/\/www.europesays.com\/hu\/234422\/"},"modified":"2026-09-05T22:53:06","modified_gmt":"2026-09-05T22:53:06","slug":"vilag-tobb-brit-szelsojobbos-megmondoember-dicsoiti-a-doveri-maszkosokat-farage-elitelte-oket","status":"publish","type":"post","link":"https:\/\/www.europesays.com\/hu\/234422\/","title":{"rendered":"Vil\u00e1g: T\u00f6bb brit sz\u00e9ls\u0151jobbos megmond\u00f3ember dics\u0151\u00edti a doveri maszkosokat, Farage el\u00edt\u00e9lte \u0151ket"},"content":{"rendered":"<p>Sz\u00e9ls\u0151jobbos brit megmond\u00f3emberek \u00e1lltak ki a doveri kik\u00f6t\u0151 forgalm\u00e1t \u00f3r\u00e1kra megb\u00e9n\u00edt\u00f3 feket\u00e9be \u00f6lt\u00f6z\u00f6tt, maszkos t\u00fcntet\u0151k mellett, \u00edrja a <a href=\"https:\/\/www.bbc.com\/news\/live\/cmwyzxlzxpzgt\" target=\"_blank\" rel=\"nofollow noopener\">BBC<\/a>.<\/p>\n<p>K\u00f6zt\u00fck a legismertebb Tommy Robinson (a val\u00f3di neve Stephen Yaxley-Lennon), a sz\u00e9ls\u0151jobboldali aktivista a nap folyam\u00e1n t\u00f6bb vide\u00f3t is megosztott az X-\u00e9n, az egyikben <a href=\"https:\/\/x.com\/TRobinsonNewEra\/status\/2096181051970265344\" target=\"_blank\" rel=\"nofollow\">&#8222;Nagy-Britannia csat\u00e1jak\u00e9nt&#8221; emlegette a t\u00fcntet\u00e9st,<\/a> ahol az \u0151 megfogalmaz\u00e1s\u00e1ban &#8222;kereszt\u00e9ny, patri\u00f3ta f\u00e9rfiak&#8221; sorakoztak fel. Robinson arra buzd\u00edtotta k\u00f6vet\u0151it az X-en, hogy csatlakozzanak a kik\u00f6t\u0151i blok\u00e1dhoz.<\/p>\n<p>Robinson megosztott egy olyan vide\u00f3t is, melyen egy migr\u00e1nsfogad\u00f3 l\u00e9tes\u00edtm\u00e9ny l\u00e1that\u00f3, el\u0151tte a beton v\u00f6r\u00f6s fest\u00e9kkel le\u00f6ntve, illetve a padl\u00f3n egy nagy &#8222;a v\u00e9r a ti kezetekhez tapad&#8221; felirat is l\u00e1that\u00f3. Ezt Daniel Thomas, a Danny Tommo n\u00e9ven ismert sz\u00e9ls\u0151jobboldali aktivista, a Patriot Platform h\u00e1l\u00f3zat v\u00e9lt alap\u00edt\u00f3ja Robinsont\u00f3l \u00e1tv\u00e9ve<a href=\"https:\/\/x.com\/RealDannyTommo\/status\/2096174755267133555\" target=\"_blank\" rel=\"nofollow\"> szint\u00e9n megosztotta.<\/a><\/p>\n<p>A Hope Not Hate gy\u0171l\u00f6letellenes szervezet azt \u00e1ll\u00edtja, hogy a Patriot Platform szervezte a doveri t\u00fcntet\u00e9st. Szerint\u00fck a csoport j\u00faliusban kezdett szervezkedni, \u00e9s az orsz\u00e1g minden t\u00e1j\u00e1r\u00f3l h\u00edvott migr\u00e1nsellenes csoportokat. Danny Tommo augusztus 22-\u00e9n posztolt egy olyan vide\u00f3t, melyen t\u00falnyom\u00f3r\u00e9szt feket\u00e9be \u00f6lt\u00f6z\u00f6tt f\u00e9rfiak \u00e9s n\u0151k gy\u00fclekeznek egy dombon, \u00e9s azt \u00edrta hozz\u00e1:<a href=\"https:\/\/x.com\/RealDannyTommo\/status\/2091211741833118073\" target=\"_blank\" rel=\"nofollow\"> &#8222;az els\u0151 patri\u00f3ta hadoszt\u00e1lyunk k\u00e9szen \u00e1ll, most munk\u00e1ba \u00e1llunk! Nagyon hamarosan tal\u00e1lkozunk!&#8221;<\/a><\/p>\n<p>A rend\u0151rs\u00e9g egyel\u0151re nem k\u00f6z\u00f6lte, hogy ki szervezte a t\u00fcntet\u00e9seket, \u00edgy nem tudni, hogy a Patriot Platform kapcsolatban \u00e1ll-e a doveri t\u00fcntet\u0151kkel.<\/p>\n<p>Ek\u00f6zben Nigel Farage, az angol sz\u00e9ls\u0151jobboldali, euroszkeptikus Reform UK p\u00e1rt vezet\u0151je el\u00edt\u00e9lte a doveri t\u00fcntet\u0151ket az arcuk eltakar\u00e1sa miatt. \u201eNem szabad megengedni, hogy valaki maszkot vagy s\u00edmaszkot viselve menjen ki az utc\u00e1ra t\u00fcntetni. Ez minden szinten helytelen. Ez\u00e9rt el\u00edt\u00e9lem azt, ami ma Doverben t\u00f6rt\u00e9nik\u201d \u2013 nyilatkozta.<\/p>\n<p> <a href=\"https:\/\/hvg.hu\/vilag\/20260905_nagy-britannia-doveri-kikoto-maszkos-tuntetes-illegalis-migracio\" target=\"_self\" rel=\"nofollow noopener\"> <\/p>\n<p>https:\/\/hvg.hu\/vilag\/20260905_nagy-britannia-doveri-kikoto-maszkos-tuntetes-illegalis-migracio<\/p>\n<p>Mint a HVG is meg\u00edrta, szombat d\u00e9lel\u0151tt\u0151l kora d\u00e9lut\u00e1nig feket\u00e9be \u00f6lt\u00f6z\u00f6tt, arc\u00e1t maszkkal takar\u00f3 emberek sz\u00e1zai b\u00e9n\u00edtott\u00e1k meg a forgalmat a doveri kik\u00f6t\u0151 k\u00f6rny\u00e9k\u00e9n. Az illeg\u00e1lis migr\u00e1ci\u00f3 ellen t\u00fcntettek, &#8222;\u00c1ll\u00edts\u00e1tok meg a haj\u00f3kat&#8221; &#8211; skand\u00e1lt\u00e1k.<\/p>\n<p>A t\u00fcntet\u0151k v\u00e9g\u00fcl d\u00e9lut\u00e1n kett\u0151 fel\u00e9 elkezdtek elsziv\u00e1rogni, csoportosan vonatra sz\u00e1llva hagyt\u00e1k el a kik\u00f6t\u0151 k\u00f6rny\u00e9k\u00e9t. A forgalmi dug\u00f3k erre fel is old\u00f3dtak. A helyi rend\u0151rs\u00e9g a demonstr\u00e1ci\u00f3 sor\u00e1n t\u00e1rgyalni pr\u00f3b\u00e1lt a t\u00fcntet\u0151kkel. V\u00e9g\u00fcl senkit sem tart\u00f3ztattak le.<\/p>\n<p>Nyit\u00f3k\u00e9p: Nigel Farage. Times Now World \/ Youtube<\/p>\n","protected":false},"excerpt":{"rendered":"Sz\u00e9ls\u0151jobbos brit megmond\u00f3emberek \u00e1lltak ki a doveri kik\u00f6t\u0151 forgalm\u00e1t \u00f3r\u00e1kra megb\u00e9n\u00edt\u00f3 feket\u00e9be \u00f6lt\u00f6z\u00f6tt, maszkos t\u00fcntet\u0151k mellett, \u00edrja a&hellip;\n","protected":false},"author":2,"featured_media":234423,"comment_status":"","ping_status":"","sticky":false,"template":"","format":"standard","meta":{"footnotes":"","_share_on_mastodon":"0"},"categories":[8],"tags":[35888,42,43,1356,3633,34,14754,9128,42713,603,94,93,92],"class_list":["post-234422","post","type-post","status-publish","format-standard","has-post-thumbnail","category-vilag","tag-dover","tag-hungarian","tag-magyar","tag-migracio","tag-nagy-britannia","tag-news","tag-nigel-farage","tag-tarsadalom","tag-tommy-robinson","tag-tuntetes","tag-vilag","tag-world","tag-world-news"],"share_on_mastodon":{"url":"https:\/\/pubeurope.com\/@hu\/117220894703554132","error":""},"_links":{"self":[{"href":"https:\/\/www.europesays.com\/hu\/wp-json\/wp\/v2\/posts\/234422","targetHints":{"allow":["GET"]}}],"collection":[{"href":"https:\/\/www.europesays.com\/hu\/wp-json\/wp\/v2\/posts"}],"about":[{"href":"https:\/\/www.europesays.com\/hu\/wp-json\/wp\/v2\/types\/post"}],"author":[{"embeddable":true,"href":"https:\/\/www.europesays.com\/hu\/wp-json\/wp\/v2\/users\/2"}],"replies":[{"embeddable":true,"href":"https:\/\/www.europesays.com\/hu\/wp-json\/wp\/v2\/comments?post=234422"}],"version-history":[{"count":0,"href":"https:\/\/www.europesays.com\/hu\/wp-json\/wp\/v2\/posts\/234422\/revisions"}],"wp:featuredmedia":[{"embeddable":true,"href":"https:\/\/www.europesays.com\/hu\/wp-json\/wp\/v2\/media\/234423"}],"wp:attachment":[{"href":"https:\/\/www.europesays.com\/hu\/wp-json\/wp\/v2\/media?parent=234422"}],"wp:term":[{"taxonomy":"category","embeddable":true,"href":"https:\/\/www.europesays.com\/hu\/wp-json\/wp\/v2\/categories?post=234422"},{"taxonomy":"post_tag","embeddable":true,"href":"https:\/\/www.europesays.com\/hu\/wp-json\/wp\/v2\/tags?post=234422"}],"curies":[{"name":"wp","href":"https:\/\/api.w.org\/{rel}","templated":true}]}}