{"id":234441,"date":"2026-09-05T23:22:09","date_gmt":"2026-09-05T23:22:09","guid":{"rendered":"https:\/\/www.europesays.com\/hu\/234441\/"},"modified":"2026-09-05T23:22:09","modified_gmt":"2026-09-05T23:22:09","slug":"vitezy-uj-tram-train-rendszer-johet-miskolc-korul","status":"publish","type":"post","link":"https:\/\/www.europesays.com\/hu\/234441\/","title":{"rendered":"Vit\u00e9zy: \u00daj tram-train rendszer j\u00f6het Miskolc k\u00f6r\u00fcl"},"content":{"rendered":"<p>\u201eMegkezdj\u00fck egy \u00faj, Borsod-Aba\u00faj-Zempl\u00e9n megyei region\u00e1lis villamos-vas\u00fati rendszer el\u0151k\u00e9sz\u00edt\u00e9s\u00e9t. A c\u00e9l egy olyan, a megl\u00e9v\u0151 vas\u00fati infrastrukt\u00far\u00e1ra \u00e9p\u00fcl\u0151 h\u00e1l\u00f3zat kialak\u00edt\u00e1sa, amely Tisza\u00fajv\u00e1ros, Miskolc, Kazincbarcika \u00e9s ak\u00e1r \u00d3zd t\u00e9rs\u00e9g\u00e9t is \u00f6sszekapcsolhatja, mik\u00f6zben a k\u00f6t\u00f6ttp\u00e1ly\u00e1s k\u00f6zleked\u00e9st k\u00f6zelebb viszi a telep\u00fcl\u00e9sek k\u00f6zpontjaihoz \u00e9s az utasok val\u00f3di c\u00e9lpontjaihoz\u201d \u2013 <a target=\"_blank\" href=\"https:\/\/www.facebook.com\/reel\/1393851136197218\" rel=\"nofollow noopener\">jelentette be<\/a> Vit\u00e9zy D\u00e1vid k\u00f6zleked\u00e9si miniszter, hozz\u00e1t\u00e9ve, hogy a tervez\u00e9s most indul, a megval\u00f3s\u00edt\u00e1s hosszabb t\u00e1v\u00fa feladat.<\/p>\n<p>A tram-train l\u00e9nyege, hogy a vas\u00fatvonalat kapcsolja \u00f6ssze a villamosvonallal, \u00edgy a meg\u00e1ll\u00f3k sokkal t\u00f6bb ember sz\u00e1m\u00e1ra lesznek k\u00f6nny\u0171szerrel el\u00e9rhet\u0151ek. Ilyen rendszer m\u0171k\u00f6dik <a target=\"_blank\" href=\"https:\/\/24.hu\/fn\/gazdasag\/2021\/11\/29\/tram-train-lazar-janos-hodmezovasarhely-szeged\/\" rel=\"nofollow noopener\">Szeged \u00e9s H\u00f3dmez\u0151v\u00e1s\u00e1rhely k\u00f6z\u00f6tt<\/a>.<\/p>\n<p>A t\u00e9rs\u00e9g egy\u00e9bk\u00e9nt a h\u00e9ten kapta vissza a p\u00e1r \u00e9ve, <a target=\"_blank\" href=\"https:\/\/24.hu\/fn\/gazdasag\/2026\/09\/01\/vitezy-david-tiszaujvaros-miskolc-vasut-ujraindulas\/\" rel=\"nofollow noopener\">az el\u0151z\u0151 korm\u00e1ny \u00e1ltal bez\u00e1rt vas\u00fatvonal\u00e1t<\/a>: a Miskolc-Tisza\u00fajv\u00e1ros vas\u00fatvonalat szeptember 1-j\u00e9n nyitott\u00e1k \u00fajra.<\/p>\n","protected":false},"excerpt":{"rendered":"\u201eMegkezdj\u00fck egy \u00faj, Borsod-Aba\u00faj-Zempl\u00e9n megyei region\u00e1lis villamos-vas\u00fati rendszer el\u0151k\u00e9sz\u00edt\u00e9s\u00e9t. A c\u00e9l egy olyan, a megl\u00e9v\u0151 vas\u00fati infrastrukt\u00far\u00e1ra \u00e9p\u00fcl\u0151&hellip;\n","protected":false},"author":2,"featured_media":234442,"comment_status":"","ping_status":"","sticky":false,"template":"","format":"standard","meta":{"footnotes":"","_share_on_mastodon":"0"},"categories":[6],"tags":[44,42,40,43,41,5164,50014,593],"class_list":["post-234441","post","type-post","status-publish","format-standard","has-post-thumbnail","category-magyarorszag","tag-hu","tag-hungarian","tag-hungary","tag-magyar","tag-magyarorszag","tag-miskolc","tag-tram-train","tag-vitezy-david"],"share_on_mastodon":{"url":"https:\/\/pubeurope.com\/@hu\/117221008643433697","error":""},"_links":{"self":[{"href":"https:\/\/www.europesays.com\/hu\/wp-json\/wp\/v2\/posts\/234441","targetHints":{"allow":["GET"]}}],"collection":[{"href":"https:\/\/www.europesays.com\/hu\/wp-json\/wp\/v2\/posts"}],"about":[{"href":"https:\/\/www.europesays.com\/hu\/wp-json\/wp\/v2\/types\/post"}],"author":[{"embeddable":true,"href":"https:\/\/www.europesays.com\/hu\/wp-json\/wp\/v2\/users\/2"}],"replies":[{"embeddable":true,"href":"https:\/\/www.europesays.com\/hu\/wp-json\/wp\/v2\/comments?post=234441"}],"version-history":[{"count":0,"href":"https:\/\/www.europesays.com\/hu\/wp-json\/wp\/v2\/posts\/234441\/revisions"}],"wp:featuredmedia":[{"embeddable":true,"href":"https:\/\/www.europesays.com\/hu\/wp-json\/wp\/v2\/media\/234442"}],"wp:attachment":[{"href":"https:\/\/www.europesays.com\/hu\/wp-json\/wp\/v2\/media?parent=234441"}],"wp:term":[{"taxonomy":"category","embeddable":true,"href":"https:\/\/www.europesays.com\/hu\/wp-json\/wp\/v2\/categories?post=234441"},{"taxonomy":"post_tag","embeddable":true,"href":"https:\/\/www.europesays.com\/hu\/wp-json\/wp\/v2\/tags?post=234441"}],"curies":[{"name":"wp","href":"https:\/\/api.w.org\/{rel}","templated":true}]}}