{"id":234487,"date":"2026-09-06T01:26:12","date_gmt":"2026-09-06T01:26:12","guid":{"rendered":"https:\/\/www.europesays.com\/hu\/234487\/"},"modified":"2026-09-06T01:26:12","modified_gmt":"2026-09-06T01:26:12","slug":"nemet-raketa-indult-az-urbe-ezzel-kezdetet-vette-europa-muholdinditasi-versenye","status":"publish","type":"post","link":"https:\/\/www.europesays.com\/hu\/234487\/","title":{"rendered":"N\u00e9met rak\u00e9ta indult az \u0171rbe, ezzel kezdet\u00e9t vette Eur\u00f3pa m\u0171holdind\u00edt\u00e1si versenye."},"content":{"rendered":"<p><img decoding=\"async\" style=\"cursor:pointer\" alt=\"K\u00e9pal\u00e1\u00edr\u00e1s\" src=\"https:\/\/www.europesays.com\/hu\/wp-content\/uploads\/2026\/09\/1788654324533_0609-vetinh.png\"\/> Egy \u00f6t m\u0171holdat sz\u00e1ll\u00edt\u00f3 n\u00e9met rak\u00e9t\u00e1t sikeresen felbocs\u00e1tottak az \u0171rbe. Fot\u00f3: Isar Aerospace<\/p>\n<p> Nemzetk\u00f6zi m\u00e9dia szerint a n\u00e9met Isar Aerospace startup szeptember 6-\u00e1n ind\u00edtotta el rak\u00e9t\u00e1j\u00e1t a<a class=\"data-link\" data-org-href=\"https:\/\/www.vietnam.vn\/hu\/tag\/na-uy\" href=\"https:\/\/www.vietnam.vn\/hu\/tag\/na-uy\" title=\"Norv\u00e9gia\" target=\"_blank\" rel=\"nofollow noopener\">norv\u00e9g<\/a> sarkvid\u00e9kr\u0151l, ezzel k\u00f6zelebb hozva Eur\u00f3p\u00e1t ahhoz, hogy saj\u00e1t ter\u00fclet\u00e9r\u0151l m\u0171holdas rep\u00fcl\u00e9seket biztos\u00edtson.<\/p>\n<p> A pil\u00f3ta n\u00e9lk\u00fcli Spectrum rak\u00e9ta az els\u0151 kereskedelmi j\u00e1rm\u0171, amely el\u00e9rte a F\u00f6ld k\u00f6r\u00fcli p\u00e1ly\u00e1t az eur\u00f3pai kontinensr\u0151l, ahol t\u00f6bb nemzet is kifejezte azon sz\u00e1nd\u00e9k\u00e1t, hogy r\u00e9szesed\u00e9st szerezzen a vir\u00e1gz\u00f3 \u0171rmisszi\u00f3k piac\u00e1n.<\/p>\n<p> \u201eP\u00e1ly\u00e1ra ker\u00fclt\u00fcnk! \u00c9s most eur\u00f3pai t\u00f6rt\u00e9nelmet \u00edrtunk\u201d \u2013 \u00edrta Isar az X k\u00f6z\u00f6ss\u00e9gi m\u00e9dia platformon k\u00f6zz\u00e9tett bejegyz\u00e9s\u00e9ben.<\/p>\n<p> A norv\u00e9g sarkvid\u00e9ki And\u00f8ya \u0170rrep\u00fcl\u0151t\u00e9rr\u0151l ind\u00edtott, kis \u00e9s k\u00f6zepes hasznos teher sz\u00e1ll\u00edt\u00e1s\u00e1ra tervezett, pil\u00f3ta n\u00e9lk\u00fcli Spectrum rak\u00e9ta \u00f6t kis m\u0171holdat, valamint egy l\u00e9gi technol\u00f3giai k\u00eds\u00e9rletet vitt mag\u00e1val.<\/p>\n<p> Ez volt az Isar m\u00e1sodik ind\u00edt\u00e1sa, amelyre 18 h\u00f3nappal azut\u00e1n ker\u00fclt sor, hogy a c\u00e9g els\u0151 rak\u00e9t\u00e1ja a tengerbe zuhant, \u00e9s t\u00fczes l\u00e1tv\u00e1nyoss\u00e1g k\u00eds\u00e9ret\u00e9ben felrobbant r\u00f6viddel az ugyanarr\u00f3l a helyr\u0151l t\u00f6rt\u00e9n\u0151 felsz\u00e1ll\u00e1s ut\u00e1n. Akkor senki sem s\u00e9r\u00fclt meg.<\/p>\n<p>Lehet, hogy ez is tetszik<\/p>\n<p> A 2025 m\u00e1rciusi bevezet\u00e9st azonban a v\u00e1llalat tov\u00e1bbra is sikeresnek tekinti, mivel nagy mennyis\u00e9g\u0171 adatot gener\u00e1lt a fejleszt\u0151k sz\u00e1m\u00e1ra.<\/p>\n<p> A szeptember 5-i ind\u00edt\u00e1st a bajor c\u00e9g szerint \u201eegyszerre a j\u00e1rm\u0171 tesztrep\u00fcl\u00e9se \u00e9s az els\u0151 hasznos teher sz\u00e1ll\u00edt\u00e1s\u00e1ra szolg\u00e1l\u00f3 rep\u00fcl\u00e9s\u201d volt hivatott megval\u00f3s\u00edtani.<\/p>\n<p> Cecilie Myrseth norv\u00e9g ipari \u00e9s kereskedelmi miniszter egy nyilatkozatban \u00e1tt\u00f6r\u00e9sk\u00e9nt \u00fcdv\u00f6z\u00f6lte az esem\u00e9nyt az eur\u00f3pai m\u0171holdind\u00edt\u00f3 ipar sz\u00e1m\u00e1ra, amely jobb hozz\u00e1f\u00e9r\u00e9st biztos\u00edt a kontinensnek az \u0171rh\u00f6z.<\/p>\n<p> \u201eAz a t\u00e9ny, hogy most m\u00e1r m\u0171holdakat tudunk felbocs\u00e1tani And\u00f8y\u00e1r\u00f3l, meger\u0151s\u00edti Norv\u00e9gia \u00e9s Eur\u00f3pa biztons\u00e1g\u00e1t ezekben a viharos id\u0151kben, amelyekben \u00e9l\u00fcnk\u201d \u2013 mondta Myrseth.<\/p>\n<p> Friedrich Merz n\u00e9met <a class=\"data-link\" data-org-href=\"https:\/\/www.vietnam.vn\/hu\/tag\/thu-tuong\" href=\"https:\/\/www.vietnam.vn\/hu\/tag\/thu-tuong\" title=\"Minisztereln\u00f6k\" target=\"_blank\" rel=\"nofollow noopener\">kancell\u00e1r<\/a> m\u00e1rciusban ell\u00e1togatott az Isar ind\u00edt\u00f3\u00e1llom\u00e1sra, kiemelve Eur\u00f3pa er\u0151fesz\u00edt\u00e9seit a nagyobb auton\u00f3mia megteremt\u00e9s\u00e9re a v\u00e1ltoz\u00f3 glob\u00e1lis rendben, amelyet egykor az Egyes\u00fclt \u00c1llamok Donald Trump eln\u00f6ks\u00e9ge alatt szorgalmazott. <\/p>\n<p> A m\u0171holdind\u00edt\u00e1si piacon r\u00e9szt vev\u0151 glob\u00e1lis v\u00e1llalatok k\u00f6z\u00e9 tartozik Elon Musk milli\u00e1rdos SpaceX-e \u00e9s a francia ArianeGroup, az Airbus \u00e9s a Safran k\u00f6z\u00f6s v\u00e1llalata, amely egy \u0171rrep\u00fcl\u0151teret haszn\u00e1l a d\u00e9l-amerikai Francia Guyan\u00e1ban.<\/p>\n<p> A rak\u00e9t\u00e1k, m\u0171holdak \u00e9s mesters\u00e9ges intelligencia ter\u00fclet\u00e9n m\u0171k\u00f6d\u0151 SpaceX v\u00e1llalat r\u00e9szv\u00e9nyeit j\u00faniusban jegyezt\u00e9k a Nasdaq t\u0151zsd\u00e9n egy rekordot d\u00f6nt\u0151 els\u0151 nyilv\u00e1nos aj\u00e1nlatt\u00e9tel (IPO) keret\u00e9ben.<\/p>\n<p>Lehet, hogy ez is tetszik<\/p>\n<p> Sv\u00e9dorsz\u00e1g az Esrange \u0171r\u00e1llom\u00e1s\u00e1val \u00e9s az Egyes\u00fclt Kir\u00e1lys\u00e1g a sk\u00f3ciai Shetland-szigeteken tal\u00e1lhat\u00f3 SaxaVord \u0171rrep\u00fcl\u0151t\u00e9rrel Norv\u00e9gia legk\u00f6zelebbi versenyt\u00e1rsai, \u00e9s mindannyian arra t\u00f6rekszenek, hogy nagyobb \u00f6n\u00e1ll\u00f3s\u00e1got biztos\u00edtsanak Eur\u00f3p\u00e1nak az \u0171rrep\u00fcl\u00e9sek ter\u00e9n.<\/p>\n<p> Az Isar a m\u00falt h\u00e9ten bejelentette, hogy k\u00f6r\u00fclbel\u00fcl 200 milli\u00f3 eur\u00f3t kapott az Eur\u00f3pai \u0170r\u00fcgyn\u00f6ks\u00e9gt\u0151l \u00faj rak\u00e9t\u00e1k fejleszt\u00e9s\u00e9nek finansz\u00edroz\u00e1s\u00e1ra, valamint tesztel\u00e9si \u00e9s ind\u00edt\u00e1si infrastrukt\u00far\u00e1j\u00e1nak b\u0151v\u00edt\u00e9s\u00e9re.<\/p>\n<p> Az Isar Aerospace egy m\u00e1sodik ind\u00edt\u00f3\u00e1llom\u00e1st is fejleszt Kanad\u00e1ban.<\/p>\n<p class=\"mb-0\"> Forr\u00e1s: https:\/\/baotintuc.vn\/khoa-hoc-doi-song\/ten-lua-duc-bay-vao-khong-gian-mo-man-cuoc-dua-phong-ve-tinh-cua-chau-au-20260906064619152.htm<\/p>\n","protected":false},"excerpt":{"rendered":"Egy \u00f6t m\u0171holdat sz\u00e1ll\u00edt\u00f3 n\u00e9met rak\u00e9t\u00e1t sikeresen felbocs\u00e1tottak az \u0171rbe. Fot\u00f3: Isar Aerospace Nemzetk\u00f6zi m\u00e9dia szerint a n\u00e9met&hellip;\n","protected":false},"author":2,"featured_media":234488,"comment_status":"","ping_status":"","sticky":false,"template":"","format":"standard","meta":{"footnotes":"","_share_on_mastodon":"0"},"categories":[3],"tags":[37395,107,106,105,42,43,1553,61691,3152,61690],"class_list":["post-234487","post","type-post","status-publish","format-standard","has-post-thumbnail","category-europa","tag-ereny","tag-eu","tag-europa","tag-europe","tag-hungarian","tag-magyar","tag-muhold","tag-muholdinditas","tag-raketa","tag-urkepessegek"],"share_on_mastodon":{"url":"https:\/\/pubeurope.com\/@hu\/117221496757175017","error":""},"_links":{"self":[{"href":"https:\/\/www.europesays.com\/hu\/wp-json\/wp\/v2\/posts\/234487","targetHints":{"allow":["GET"]}}],"collection":[{"href":"https:\/\/www.europesays.com\/hu\/wp-json\/wp\/v2\/posts"}],"about":[{"href":"https:\/\/www.europesays.com\/hu\/wp-json\/wp\/v2\/types\/post"}],"author":[{"embeddable":true,"href":"https:\/\/www.europesays.com\/hu\/wp-json\/wp\/v2\/users\/2"}],"replies":[{"embeddable":true,"href":"https:\/\/www.europesays.com\/hu\/wp-json\/wp\/v2\/comments?post=234487"}],"version-history":[{"count":0,"href":"https:\/\/www.europesays.com\/hu\/wp-json\/wp\/v2\/posts\/234487\/revisions"}],"wp:featuredmedia":[{"embeddable":true,"href":"https:\/\/www.europesays.com\/hu\/wp-json\/wp\/v2\/media\/234488"}],"wp:attachment":[{"href":"https:\/\/www.europesays.com\/hu\/wp-json\/wp\/v2\/media?parent=234487"}],"wp:term":[{"taxonomy":"category","embeddable":true,"href":"https:\/\/www.europesays.com\/hu\/wp-json\/wp\/v2\/categories?post=234487"},{"taxonomy":"post_tag","embeddable":true,"href":"https:\/\/www.europesays.com\/hu\/wp-json\/wp\/v2\/tags?post=234487"}],"curies":[{"name":"wp","href":"https:\/\/api.w.org\/{rel}","templated":true}]}}