{"id":234507,"date":"2026-09-06T02:18:09","date_gmt":"2026-09-06T02:18:09","guid":{"rendered":"https:\/\/www.europesays.com\/hu\/234507\/"},"modified":"2026-09-06T02:18:09","modified_gmt":"2026-09-06T02:18:09","slug":"oriasi-oromhir-megszuletett-natalie-portman-kisbabaja-haromszoros-edesanya-lett-a-szineszno","status":"publish","type":"post","link":"https:\/\/www.europesays.com\/hu\/234507\/","title":{"rendered":"\u00d3ri\u00e1si \u00f6r\u00f6mh\u00edr: megsz\u00fcletett Natalie Portman kisbab\u00e1ja, h\u00e1romszoros \u00e9desanya lett a sz\u00edn\u00e9szn\u0151"},"content":{"rendered":"<p>Natalie Portman \u00e9lete \u00fajabb m\u00e9rf\u00f6ldk\u0151h\u00f6z \u00e9rkezett, hiszen imm\u00e1r h\u00e1romgyermekes anyuka lett! A sz\u00edn\u00e9szn\u0151 \u00e9s p\u00e1rja, Tanguy Destable els\u0151 k\u00f6z\u00f6s gyermeke a m\u00falt h\u00f3napban, titokban sz\u00fcletett meg a romantikus P\u00e1rizsban. Az \u00fajsz\u00fcl\u00f6tt \u00e9rkez\u00e9se nemcsak a csal\u00e1dot, hanem a rajong\u00f3kat is l\u00e1zba hozta a People Magazin inform\u00e1ci\u00f3i szerint.<\/p>\n<p>A <a href=\"https:\/\/www.glamour.hu\/sztarhirek\/carrie-fisher-lanya-emlekezes\/d2vb38z\" id=\"8260aeb4-e87b-479a-ad15-211ab0c28877\" rel=\"nofollow noopener\" target=\"_blank\">Star Wars<\/a> sz\u00edn\u00e9szn\u0151je, aki m\u00e1r k\u00e9t gyermek, a 15 \u00e9ves Aleph \u00e9s a 9 \u00e9ves Amalia \u00e9desanyja, most el\u0151sz\u00f6r osztozik a sz\u00fcl\u0151i \u00f6r\u00f6m\u00f6kben \u00faj p\u00e1rj\u00e1val, Tanguy Destable-lel. A p\u00e1r kapcsolata 2025 m\u00e1rcius\u00e1ban v\u00e1lt nyilv\u00e1noss\u00e1, amikor a francia Voici magazin el\u0151sz\u00f6r sz\u00e1molt be r\u00f3luk. Az\u00f3ta a k\u00e9t h\u00edress\u00e9g boldogan v\u00e1llalta fel kapcsolat\u00e1t, \u00e9s most egy k\u00f6z\u00f6s gyermekkel koron\u00e1zt\u00e1k meg szerelm\u00fcket.<\/p>\n<p><a href=\"https:\/\/www.glamour.hu\/sztarhirek\/natalie-portman-terhesseg\/5jlnxrk\" id=\"a467a735-efe7-4fc8-a2d0-95fbd032c7af\" rel=\"nofollow noopener\" target=\"_blank\">Natalie Portman<\/a> harmadik terhess\u00e9ge sor\u00e1n t\u00f6bbsz\u00f6r is nyilatkozott arr\u00f3l, hogy ez az id\u0151szak mennyire k\u00fcl\u00f6nleges sz\u00e1m\u00e1ra. \u201eTanguy \u00e9s \u00e9n nagyon izgatottak vagyunk\u201d \u2013 mondta kor\u00e1bban a Harper\u2019s Bazaarnak. \u201eEgyszer\u0171en csak nagyon h\u00e1l\u00e1s vagyok. Tudom, hogy ez hatalmas kiv\u00e1lts\u00e1g \u00e9s egy igazi csoda.\u201d<\/p>\n<p>\t<a class=\"article_recommendation_link\" href=\"https:\/\/www.glamour.hu\/divat\/natalie-portman-dior-roma\/45lxk2e?ca_ei&amp;length=8&amp;blockIndex=6&amp;pubId=vs6hzwq\" target=\"_blank\" rel=\"nofollow noopener\"><\/p>\n<p class=\"flex-shrink-0\">\n<p>\t\t\t\t\tNatalie Portman Dior puc\u00e9rruh\u00e1ja a legkifinomultabb darab, amit valaha l\u00e1ttunk, m\u00e9gis nagy b\u00e1tors\u00e1g kellett hozz\u00e1<\/p>\n<p>\t\t\t\t\t\t\t<img decoding=\"async\" class=\"col-lg-12 px-0 img-fluid lazyload\" src=\"https:\/\/www.europesays.com\/hu\/wp-content\/uploads\/2026\/09\/t21ktlyaHR0cHM6Ly9pbWFnZS5nbGFtb3VyLmh1LzEvbDNNa3RrcFRVUkJYeTg1T0RGbE5qQmxZVEkwWmpnM1kyRTBZV1UwTXpVM.jpeg\" alt=\"Natalie Portman Dior puc\u00e9rruh\u00e1ja a legkifinomultabb darab, amit valaha l\u00e1ttunk, m\u00e9gis nagy b\u00e1tors\u00e1g kellett hozz\u00e1\"\/><\/p>\n<p>\t<\/a><\/p>\n<p>        Nyugodt terhess\u00e9g, boldog pillanatok<\/p>\n<p><a href=\"https:\/\/www.glamour.hu\/kultura\/star-wars-erdekessegek\/5mqd8ny\" id=\"09c01817-927e-480a-aee7-27a3458b867a\" rel=\"nofollow noopener\" target=\"_blank\">Natalie Portman <\/a>k\u00fcl\u00f6n\u00f6sen \u00e9lvezte, hogy P\u00e1rizsban t\u00f6lthette ezt az id\u0151szakot. A v\u00e1ros tavaszi hangulata \u00e9s a m\u0171v\u00e9szeti \u00e9let inspir\u00e1l\u00f3 l\u00e9gk\u00f6re t\u00f6k\u00e9letes h\u00e1tteret ny\u00fajtott a v\u00e1rand\u00f3ss\u00e1g\u00e1hoz. \u201eGy\u00f6ny\u00f6r\u0171 tavaszi id\u0151nk volt\u201d \u2013 mes\u00e9lte. \u201eEgyszer\u0171en csod\u00e1latos volt s\u00e9t\u00e1lni az itteni parkokban, \u00e9s \u00e9lvezni a m\u0171v\u00e9szetet.\u201d A sz\u00edn\u00e9szn\u0151 emellett akt\u00edvan gondoskodott arr\u00f3l, hogy fizikailag is er\u0151s maradjon. \u00dasz\u00e1ssal \u00e9s gyrotonics edz\u00e9sekkel tartotta mag\u00e1t form\u00e1ban, mik\u00f6zben rengeteg id\u0151t t\u00f6lt\u00f6tt k\u00e9t id\u0151sebb gyermek\u00e9vel.<\/p>\n","protected":false},"excerpt":{"rendered":"Natalie Portman \u00e9lete \u00fajabb m\u00e9rf\u00f6ldk\u0151h\u00f6z \u00e9rkezett, hiszen imm\u00e1r h\u00e1romgyermekes anyuka lett! A sz\u00edn\u00e9szn\u0151 \u00e9s p\u00e1rja, Tanguy Destable els\u0151&hellip;\n","protected":false},"author":2,"featured_media":234508,"comment_status":"","ping_status":"","sticky":false,"template":"","format":"standard","meta":{"footnotes":"","_share_on_mastodon":"0"},"categories":[16],"tags":[5813,137,44,42,40,43,41,9824,740,4192,138],"class_list":["post-234507","post","type-post","status-publish","format-standard","has-post-thumbnail","category-szorakozas","tag-babavaras","tag-entertainment","tag-hu","tag-hungarian","tag-hungary","tag-magyar","tag-magyarorszag","tag-natalie-portman","tag-nemzetkozi-sztarok","tag-star-wars","tag-szorakozas"],"share_on_mastodon":{"url":"https:\/\/pubeurope.com\/@hu\/117221701277787395","error":""},"_links":{"self":[{"href":"https:\/\/www.europesays.com\/hu\/wp-json\/wp\/v2\/posts\/234507","targetHints":{"allow":["GET"]}}],"collection":[{"href":"https:\/\/www.europesays.com\/hu\/wp-json\/wp\/v2\/posts"}],"about":[{"href":"https:\/\/www.europesays.com\/hu\/wp-json\/wp\/v2\/types\/post"}],"author":[{"embeddable":true,"href":"https:\/\/www.europesays.com\/hu\/wp-json\/wp\/v2\/users\/2"}],"replies":[{"embeddable":true,"href":"https:\/\/www.europesays.com\/hu\/wp-json\/wp\/v2\/comments?post=234507"}],"version-history":[{"count":0,"href":"https:\/\/www.europesays.com\/hu\/wp-json\/wp\/v2\/posts\/234507\/revisions"}],"wp:featuredmedia":[{"embeddable":true,"href":"https:\/\/www.europesays.com\/hu\/wp-json\/wp\/v2\/media\/234508"}],"wp:attachment":[{"href":"https:\/\/www.europesays.com\/hu\/wp-json\/wp\/v2\/media?parent=234507"}],"wp:term":[{"taxonomy":"category","embeddable":true,"href":"https:\/\/www.europesays.com\/hu\/wp-json\/wp\/v2\/categories?post=234507"},{"taxonomy":"post_tag","embeddable":true,"href":"https:\/\/www.europesays.com\/hu\/wp-json\/wp\/v2\/tags?post=234507"}],"curies":[{"name":"wp","href":"https:\/\/api.w.org\/{rel}","templated":true}]}}