{"id":234509,"date":"2026-09-06T02:19:08","date_gmt":"2026-09-06T02:19:08","guid":{"rendered":"https:\/\/www.europesays.com\/hu\/234509\/"},"modified":"2026-09-06T02:19:08","modified_gmt":"2026-09-06T02:19:08","slug":"after-magyar-jatekos-nyerte-a-2026-os-geoguessr-vilagbajnoksagot","status":"publish","type":"post","link":"https:\/\/www.europesays.com\/hu\/234509\/","title":{"rendered":"After: Magyar j\u00e1t\u00e9kos nyerte a 2026-os GeoGuessr-vil\u00e1gbajnoks\u00e1got"},"content":{"rendered":"<p><a href=\"https:\/\/telex.hu\/szerzo\/pal-tamas\" class=\"author__avatar\" rel=\"nofollow noopener\" target=\"_blank\"><img decoding=\"async\" src=\"https:\/\/www.europesays.com\/hu\/wp-content\/uploads\/2026\/09\/1788661148_644__JO_3336_avatar@4x.jpg\" alt=\"P\u00e1l Tam\u00e1s\" class=\"avatar\" loading=\"lazy\"\/><\/a><\/p>\n<p>Debre Szabolcs Attila nyerte a 2026-os GeoGuessr-vil\u00e1gbajnoks\u00e1got. Debre a Berlinben rendezett verseny <a href=\"https:\/\/www.youtube.com\/watch?v=BU6rXYv726I\" target=\"_blank\" rel=\"nofollow noopener\">szombati d\u00f6nt\u0151j\u00e9ben<\/a> a Blinky n\u00e9ven j\u00e1tsz\u00f3 francia Mathieu Huet-t gy\u0151zte le, \u00e9s els\u0151 magyark\u00e9nt vb-c\u00edmet szerzett ebben az e-sportban.<\/p>\n<p>A GeoGuessr egy 2013-ban indult, Google Maps-alap\u00fa f\u00f6ldrajzi kv\u00edzj\u00e1t\u00e9k. A program egy v\u00e9letlenszer\u0171en kiv\u00e1lasztott helyre dobja le a j\u00e1t\u00e9kost, ahol el\u00e9rhet\u0151 a Google Utcak\u00e9p n\u00e9zete. A feladat egyszer\u0171: meg kell tippelni az interakt\u00edv vil\u00e1gt\u00e9rk\u00e9pen, hogy hol tal\u00e1lhat\u00f3 a k\u00e9perny\u0151n l\u00e1that\u00f3 helysz\u00edn. Min\u00e9l gyorsabban \u00e9s pontosabban tal\u00e1lja el valaki a helyet, ann\u00e1l t\u00f6bb pontot kap.<\/p>\n<p>A GeoGuessr az elm\u00falt \u00e9vekben a vil\u00e1g egyik legn\u00e9pszer\u0171bb \u00e9s legl\u00e1tv\u00e1nyosabb e-sportj\u00e1v\u00e1 n\u0151tte ki mag\u00e1t. 2023 \u00f3ta \u00e9vente megrendezik a j\u00e1t\u00e9k vil\u00e1gbajnoks\u00e1g\u00e1t, ahol a vil\u00e1g legjobb j\u00e1t\u00e9kosai m\u00e9rhetik \u00f6ssze a tud\u00e1sukat. Az idei vb-t szeptember 2. \u00e9s 5. k\u00f6z\u00f6tt rendezt\u00e9k a Berlinben tal\u00e1lhat\u00f3 Tempodromban, a verseny nyerem\u00e9nyalapja 100 ezer doll\u00e1r volt.<\/p>\n<p>A 21 \u00e9ves Debre Szabolcs Attila \u00e9vek \u00f3ta a vil\u00e1g legjobb GeoGuessr-j\u00e1t\u00e9kosai k\u00f6z\u00e9 tartozik, tavaly \u0151 nyerte a j\u00e1t\u00e9k eur\u00f3pai, k\u00f6zel-keleti \u00e9s afrikai (EMEA) r\u00e9gi\u00f3s verseny\u00e9t, ami ut\u00e1n <a href=\"https:\/\/telex.hu\/after\/2025\/08\/31\/geogessr-vilagbajnoksag-magyar-masodik-helyezett-ezust-erem\" class=\"\" rel=\"nofollow noopener\" target=\"_blank\">ez\u00fcst\u00e9rmes lett a vb.<\/a> Most Berlinben aranyra cser\u00e9lte az ez\u00fcst\u00f6t, miut\u00e1n a vb-d\u00f6nt\u0151ben 3-2-re legy\u0151zte a 2024-es bajnokot, Blinkyt.<\/p>\n<p>A GeoGuessrr\u0151l \u00e9s annak magyar k\u00f6z\u00f6ss\u00e9g\u00e9r\u0151l <a href=\"https:\/\/telex.hu\/after\/2024\/10\/06\/geoguessr-google-street-view-utcakep-esport-verseny\" class=\"\" rel=\"nofollow noopener\" target=\"_blank\">ebben a cikkben<\/a> \u00edrtunk b\u0151vebben.<\/p>\n<p>K\u00f6vess minket Facebookon is!<\/p>\n","protected":false},"excerpt":{"rendered":"Debre Szabolcs Attila nyerte a 2026-os GeoGuessr-vil\u00e1gbajnoks\u00e1got. Debre a Berlinben rendezett verseny szombati d\u00f6nt\u0151j\u00e9ben a Blinky n\u00e9ven j\u00e1tsz\u00f3&hellip;\n","protected":false},"author":2,"featured_media":234510,"comment_status":"","ping_status":"","sticky":false,"template":"","format":"standard","meta":{"footnotes":"","_share_on_mastodon":"0"},"categories":[14],"tags":[161,61697,61695,9375,61696,12716,44,42,40,43,41,45,131,12718,4710],"class_list":["post-234509","post","type-post","status-publish","format-standard","has-post-thumbnail","category-sport","tag-after","tag-debre-szabolcs-attila","tag-e-sport","tag-esport","tag-geoguessr","tag-google-maps","tag-hu","tag-hungarian","tag-hungary","tag-magyar","tag-magyarorszag","tag-sport","tag-sports","tag-terkep","tag-vilagbajnoksag"],"share_on_mastodon":{"url":"https:\/\/pubeurope.com\/@hu\/117221704813642041","error":""},"_links":{"self":[{"href":"https:\/\/www.europesays.com\/hu\/wp-json\/wp\/v2\/posts\/234509","targetHints":{"allow":["GET"]}}],"collection":[{"href":"https:\/\/www.europesays.com\/hu\/wp-json\/wp\/v2\/posts"}],"about":[{"href":"https:\/\/www.europesays.com\/hu\/wp-json\/wp\/v2\/types\/post"}],"author":[{"embeddable":true,"href":"https:\/\/www.europesays.com\/hu\/wp-json\/wp\/v2\/users\/2"}],"replies":[{"embeddable":true,"href":"https:\/\/www.europesays.com\/hu\/wp-json\/wp\/v2\/comments?post=234509"}],"version-history":[{"count":0,"href":"https:\/\/www.europesays.com\/hu\/wp-json\/wp\/v2\/posts\/234509\/revisions"}],"wp:featuredmedia":[{"embeddable":true,"href":"https:\/\/www.europesays.com\/hu\/wp-json\/wp\/v2\/media\/234510"}],"wp:attachment":[{"href":"https:\/\/www.europesays.com\/hu\/wp-json\/wp\/v2\/media?parent=234509"}],"wp:term":[{"taxonomy":"category","embeddable":true,"href":"https:\/\/www.europesays.com\/hu\/wp-json\/wp\/v2\/categories?post=234509"},{"taxonomy":"post_tag","embeddable":true,"href":"https:\/\/www.europesays.com\/hu\/wp-json\/wp\/v2\/tags?post=234509"}],"curies":[{"name":"wp","href":"https:\/\/api.w.org\/{rel}","templated":true}]}}