{"id":234517,"date":"2026-09-06T02:39:12","date_gmt":"2026-09-06T02:39:12","guid":{"rendered":"https:\/\/www.europesays.com\/hu\/234517\/"},"modified":"2026-09-06T02:39:12","modified_gmt":"2026-09-06T02:39:12","slug":"kezd-az-egesz-olyan-lenni-mint-egy-allatkert-tiszteletlen-influenszerekre-es-fuszagra-panaszkodnak-a-us-openen","status":"publish","type":"post","link":"https:\/\/www.europesays.com\/hu\/234517\/","title":{"rendered":"&#8222;Kezd az eg\u00e9sz olyan lenni, mint egy \u00e1llatkert&#8221; \u2013 tiszteletlen influenszerekre \u00e9s f\u0171szagra panaszkodnak a US Openen"},"content":{"rendered":"<p>Miut\u00e1n a US Open m\u00e1sodik fordul\u00f3j\u00e1ban kiesett Alexander Bublik ellen, a francia Adrian Mannarino kem\u00e9ny kritik\u00e1t fogalmazott meg a Grand Slam-torn\u00e1r\u00f3l.<\/p>\n<p>\u201eA dolgok sokat v\u00e1ltoztak az \u00e9vek sor\u00e1n. Az embereknek joguk van mozogni a m\u00e9rk\u0151z\u00e9sek alatt b\u00e1rmikor, \u00fagy j\u00f6nnek-mennek, ahogy akarnak, mozognak, besz\u00e9lgetnek. Nem tudom, hogy ez mennyire j\u00f3 \u00f6tlet a teniszez\u0151k \u00e9s \u00e1ltal\u00e1ban a j\u00e1t\u00e9k szempontj\u00e1b\u00f3l. Szerintem rengeteg szab\u00e1lyt meg lehetne v\u00e1ltoztatni, de ezt biztosan nem kellett volna\u201d \u2013 <a target=\"_blank\" href=\"https:\/\/www.sudouest.fr\/sport\/tennis\/us-open\/ca-sent-la-weed-sur-le-court-il-y-a-du-bruit-de-partout-adrian-mannarino-critique-les-conditions-de-jeu-a-l-us-open-30478419.php\" rel=\"nofollow noopener\">mondta<\/a> a szerdai 6:3, 6:1, 6:1-s veres\u00e9ge ut\u00e1n.<\/p>\n<p>A t\u00f6meg okozta zavaron k\u00edv\u00fcl Mannarino megeml\u00edtette a p\u00e1ly\u00e1n terjeng\u0151 kannabisz szag\u00e1t.<\/p>\n<p>F\u0171szag \u00e9s folyamatos zaj van a p\u00e1ly\u00e1n, kezd az eg\u00e9sz egy kicsit olyan lenni, mint egy \u00e1llatkert. Ezek nagyon szokatlan k\u00f6r\u00fclm\u00e9nyek<\/p>\n<p>\u2013 panaszkodott. Tavaly ugyanezt tette Novak Djokovic\u00a0is, aki szint\u00e9n \u00e9rezte a marihu\u00e1n\u00e1t, ami 2021 \u00f3ta leg\u00e1lis New Yorkban.<\/p>\n<p><a id=\"galeria-1\" class=\"m-nextGallery _ce_measure_widget _ce_measure_link\" href=\"https:\/\/24.hu\/sport\/2026\/09\/04\/tenisz-us-open-kritika-fuszag-influenszerek\/?gallery=1\/1\/1-1.jpg\" data-ce-measure-widget=\"gallery-open\" rel=\"nofollow noopener\" target=\"_blank\"><\/p>\n<p>\t\t<img loading=\"lazy\" decoding=\"async\" width=\"2000\" height=\"1334\" src=\"https:\/\/www.europesays.com\/hu\/wp-content\/uploads\/2026\/09\/1-1.jpg\" class=\"m-nextGallery__featureImage wp-image-4812537\" alt=\"NEW YORK, NEW YORK - SEPTEMBER 03: Spectators look on during a Second Round match on Day Five of the 2026 US Open at USTA Billie Jean King National Tennis Center on September 03, 2026 in the Flushing neighborhood of the Queens borough of New York City. Caleb Bowlin\/Getty Images\/AFP Caleb Bowlin \/ GETTY IMAGES NORTH AMERICA \/ Getty Images via AFP\"  \/>\t<\/p>\n<p><\/a><\/p>\n<p>Tiszteletlens\u00e9g a jav\u00e1b\u00f3l<\/p>\n<p>M\u00e1sok a lel\u00e1t\u00f3n helyet foglal\u00f3 influenszerekre panaszkodtak, Oszaka Naomi m\u00e9rk\u0151z\u00e9s\u00e9n olyan zavar\u00f3an tev\u00e9kenykedtek, hogy a b\u00edr\u00f3nak kellett k\u00f6zbe avatkoznia.<\/p>\n<p>Oszaka azt mondta, \u00e9rt\u00e9keli, hogy az influenszerek bemutatj\u00e1k a US Open-\u00e9lm\u00e9nyt, de az felh\u00e1bor\u00edt\u00f3, hogy m\u00e9rk\u0151z\u00e9s k\u00f6zben zajonganak, vakuznak \u00e9s szelfil\u00e1mp\u00e1kat haszn\u00e1lnak.<\/p>\n<p>Nyilv\u00e1nval\u00f3, hogy ha valaki sportesem\u00e9nyre j\u00f6n, tisztelnie kell a sportot. Egyszer\u0171 udvariass\u00e1gi k\u00e9rd\u00e9s, ezt sokkal jobban kellene kezelni<\/p>\n<p>\u2013 <a target=\"_blank\" href=\"https:\/\/www.20minutes.fr\/sport\/tennis\/us_open\/4242792-20260904-us-open-2026-faut-respecter-sport-osaka-pegula-excedees-comportement-influenceurs\" rel=\"nofollow noopener\">magyar\u00e1zta<\/a> a US Open 2018-as bajnoka.<\/p>\n<p>Az amerikai Jessica Pegula hasonl\u00f3k\u00e9ppen v\u00e9lekedett.<\/p>\n<p>\u201eMeg\u00e9rtem, hogy az influenszerek az\u00e9rt j\u00f6nnek, hogy megossz\u00e1k a US Opennel kapcsolatos tapasztalataikat. Ugyanakkor vannak itt j\u00e1t\u00e9kosok, akik nyerni pr\u00f3b\u00e1lnak, mert ez a dolguk. Ez egy kicsit tiszteletlen vel\u00fck szemben, \u00e9s szerintem id\u00e9n egy kicsit t\u00fal messzire mentek\u201d \u2013 v\u00e9lte.<\/p>\n","protected":false},"excerpt":{"rendered":"Miut\u00e1n a US Open m\u00e1sodik fordul\u00f3j\u00e1ban kiesett Alexander Bublik ellen, a francia Adrian Mannarino kem\u00e9ny kritik\u00e1t fogalmazott meg&hellip;\n","protected":false},"author":2,"featured_media":234518,"comment_status":"","ping_status":"","sticky":false,"template":"","format":"standard","meta":{"footnotes":"","_share_on_mastodon":"0"},"categories":[33],"tags":[38,35,37,44,42,40,22268,28849,438,43,41,34,45,1124,36,39329,55104,39],"class_list":["post-234517","post","type-post","status-publish","format-standard","has-post-thumbnail","category-hirek","tag-focimek","tag-headlines","tag-hirek","tag-hu","tag-hungarian","tag-hungary","tag-influenszerek","tag-kannabisz","tag-kritika","tag-magyar","tag-magyarorszag","tag-news","tag-sport","tag-tenisz","tag-top-stories","tag-us-open","tag-us-open-2026","tag-vezeto-hirek"],"share_on_mastodon":{"url":"https:\/\/pubeurope.com\/@hu\/117221783579468382","error":""},"_links":{"self":[{"href":"https:\/\/www.europesays.com\/hu\/wp-json\/wp\/v2\/posts\/234517","targetHints":{"allow":["GET"]}}],"collection":[{"href":"https:\/\/www.europesays.com\/hu\/wp-json\/wp\/v2\/posts"}],"about":[{"href":"https:\/\/www.europesays.com\/hu\/wp-json\/wp\/v2\/types\/post"}],"author":[{"embeddable":true,"href":"https:\/\/www.europesays.com\/hu\/wp-json\/wp\/v2\/users\/2"}],"replies":[{"embeddable":true,"href":"https:\/\/www.europesays.com\/hu\/wp-json\/wp\/v2\/comments?post=234517"}],"version-history":[{"count":0,"href":"https:\/\/www.europesays.com\/hu\/wp-json\/wp\/v2\/posts\/234517\/revisions"}],"wp:featuredmedia":[{"embeddable":true,"href":"https:\/\/www.europesays.com\/hu\/wp-json\/wp\/v2\/media\/234518"}],"wp:attachment":[{"href":"https:\/\/www.europesays.com\/hu\/wp-json\/wp\/v2\/media?parent=234517"}],"wp:term":[{"taxonomy":"category","embeddable":true,"href":"https:\/\/www.europesays.com\/hu\/wp-json\/wp\/v2\/categories?post=234517"},{"taxonomy":"post_tag","embeddable":true,"href":"https:\/\/www.europesays.com\/hu\/wp-json\/wp\/v2\/tags?post=234517"}],"curies":[{"name":"wp","href":"https:\/\/api.w.org\/{rel}","templated":true}]}}