{"id":234521,"date":"2026-09-06T02:51:08","date_gmt":"2026-09-06T02:51:08","guid":{"rendered":"https:\/\/www.europesays.com\/hu\/234521\/"},"modified":"2026-09-06T02:51:08","modified_gmt":"2026-09-06T02:51:08","slug":"hatalmas-tuzvesz-egy-kongoi-eskuvon-tobb-tucat-halalos-aldozatot-kovetelt","status":"publish","type":"post","link":"https:\/\/www.europesays.com\/hu\/234521\/","title":{"rendered":"Hatalmas t\u0171zv\u00e9sz egy kong\u00f3i esk\u00fcv\u0151n t\u00f6bb tucat hal\u00e1los \u00e1ldozatot k\u00f6vetelt."},"content":{"rendered":"<p><img decoding=\"async\" style=\"cursor:pointer\" class=\"cms-photo\" src=\"https:\/\/www.europesays.com\/hu\/wp-content\/uploads\/2026\/09\/1788658527219_4b3b9214-8c53-468b-b730-d58c27f3b261-991-3947-png.webp\" alt=\"Illusztr\u00e1ci\u00f3: MI\" cms-photo-caption=\"\u1ea2nh minh h\u1ecda: AI\"\/> Illusztr\u00e1ci\u00f3: MI <\/p>\n<p> Szemtan\u00fak szerint a t\u0171z a menyasszony lakhely\u00e9nek k\u00f6zel\u00e9ben keletkezett, majd gyorsan \u00e1tterjedt a l\u00e9gkondicion\u00e1l\u00f3 rendszerre, f\u00fcstbe \u00e9s l\u00e1ngokba bor\u00edtva a z\u00e1rt teret.<\/p>\n<p>Lehet, hogy ez is tetszik<\/p>\n<p> P\u00e1nik t\u00f6rt ki, amikor a vend\u00e9gek megpr\u00f3b\u00e1ltak menek\u00fclni, a keskeny \u00e1tj\u00e1r\u00f3k \u00e9s l\u00e9pcs\u0151k pedig akad\u00e1lyozt\u00e1k a evaku\u00e1l\u00e1st, ami p\u00e1nikhoz vezetett.<\/p>\n<p> Jacquemin Shabani <a class=\"data-link\" data-org-href=\"https:\/\/www.vietnam.vn\/hu\/tag\/thu-tuong\" href=\"https:\/\/www.vietnam.vn\/hu\/tag\/thu-tuong\" title=\"Minisztereln\u00f6k\" target=\"_blank\" rel=\"nofollow noopener\">minisztereln\u00f6k-<\/a> helyettes \u00e9s bel\u00fcgyminiszter a helysz\u00ednre l\u00e1togatva \u201etrag\u00e9di\u00e1nak\u201d nevezte a t\u00f6rt\u00e9nteket, hozz\u00e1t\u00e9ve, hogy a hat\u00f3s\u00e1gok vizsg\u00e1lj\u00e1k az ok\u00e1t, bele\u00e9rtve az elektromos r\u00f6vidz\u00e1rlat \u00e9s a gy\u00fal\u00e9kony dekor\u00e1ci\u00f3s anyagok esetleges el\u0151fordul\u00e1s\u00e1t is.<\/p>\n<p>Lehet, hogy ez is tetszik<\/p>\n<p> Az incidens aggodalmat keltett a t\u0171zbiztons\u00e1ggal kapcsolatban Kinshas\u00e1ban, egy s\u0171r\u0171n lakott v\u00e1rosban, ahol a t\u0171zolt\u00f3 infrastrukt\u00fara korl\u00e1tozott, \u00e9s a hal\u00e1los \u00e1ldozatokat okoz\u00f3 t\u00fczek m\u00e9g mindig viszonylag gyakoriak. <\/p>\n<p> Anh Van &#8211; VNA <\/p>\n<p class=\"mb-0\"> Forr\u00e1s: https:\/\/dttc.sggp.org.vn\/chay-lon-tai-dam-cuoi-o-congo-hang-chuc-nguoi-thiet-mang-post137296.html<\/p>\n","protected":false},"excerpt":{"rendered":"Illusztr\u00e1ci\u00f3: MI Szemtan\u00fak szerint a t\u0171z a menyasszony lakhely\u00e9nek k\u00f6zel\u00e9ben keletkezett, majd gyorsan \u00e1tterjedt a l\u00e9gkondicion\u00e1l\u00f3 rendszerre, f\u00fcstbe&hellip;\n","protected":false},"author":2,"featured_media":234522,"comment_status":"","ping_status":"","sticky":false,"template":"","format":"standard","meta":{"footnotes":"","_share_on_mastodon":"0"},"categories":[8],"tags":[61701,61700,61702,42,61705,43,5706,959,61703,34,61706,61704,1089,94,93,92],"class_list":["post-234521","post","type-post","status-publish","format-standard","has-post-thumbnail","category-vilag","tag-belso-ugyek","tag-gyors-lan","tag-gyulekony","tag-hungarian","tag-kinshasa","tag-magyar","tag-menekules","tag-menyasszony","tag-nepes","tag-news","tag-rovidzar","tag-taposas","tag-tragedia","tag-vilag","tag-world","tag-world-news"],"share_on_mastodon":{"url":"https:\/\/pubeurope.com\/@hu\/117221830967976205","error":""},"_links":{"self":[{"href":"https:\/\/www.europesays.com\/hu\/wp-json\/wp\/v2\/posts\/234521","targetHints":{"allow":["GET"]}}],"collection":[{"href":"https:\/\/www.europesays.com\/hu\/wp-json\/wp\/v2\/posts"}],"about":[{"href":"https:\/\/www.europesays.com\/hu\/wp-json\/wp\/v2\/types\/post"}],"author":[{"embeddable":true,"href":"https:\/\/www.europesays.com\/hu\/wp-json\/wp\/v2\/users\/2"}],"replies":[{"embeddable":true,"href":"https:\/\/www.europesays.com\/hu\/wp-json\/wp\/v2\/comments?post=234521"}],"version-history":[{"count":0,"href":"https:\/\/www.europesays.com\/hu\/wp-json\/wp\/v2\/posts\/234521\/revisions"}],"wp:featuredmedia":[{"embeddable":true,"href":"https:\/\/www.europesays.com\/hu\/wp-json\/wp\/v2\/media\/234522"}],"wp:attachment":[{"href":"https:\/\/www.europesays.com\/hu\/wp-json\/wp\/v2\/media?parent=234521"}],"wp:term":[{"taxonomy":"category","embeddable":true,"href":"https:\/\/www.europesays.com\/hu\/wp-json\/wp\/v2\/categories?post=234521"},{"taxonomy":"post_tag","embeddable":true,"href":"https:\/\/www.europesays.com\/hu\/wp-json\/wp\/v2\/tags?post=234521"}],"curies":[{"name":"wp","href":"https:\/\/api.w.org\/{rel}","templated":true}]}}