{"id":234581,"date":"2026-09-06T05:57:23","date_gmt":"2026-09-06T05:57:23","guid":{"rendered":"https:\/\/www.europesays.com\/hu\/234581\/"},"modified":"2026-09-06T05:57:23","modified_gmt":"2026-09-06T05:57:23","slug":"beulunk-a-bura-ala-es-beszelunk-arrol-amit-cipelunk-dajer-alapitvany-a-40-folotti-nokert-cikkek","status":"publish","type":"post","link":"https:\/\/www.europesays.com\/hu\/234581\/","title":{"rendered":"\u201eBe\u00fcl\u00fcnk a b\u00fara al\u00e1, \u00e9s besz\u00e9l\u00fcnk arr\u00f3l, amit cipel\u00fcnk\u201d \u2013 Dajer Alap\u00edtv\u00e1ny a 40 f\u00f6l\u00f6tti n\u0151k\u00e9rt &#8211; Cikkek"},"content":{"rendered":"<p>\n    A nyolcadik ker\u00fclet sz\u00edv\u00e9ben, egy r\u00e9gi fodr\u00e1szsz\u00f6vetkezet hely\u00e9n m\u0171k\u00f6dik a Dajer Alap\u00edtv\u00e1ny, aminek c\u00e9lja, hogy l\u00e1that\u00f3v\u00e1 tegye a negyven f\u00f6l\u00f6tti n\u0151ket. De milyen is egy negyven f\u00f6l\u00f6tti n\u0151, \u00e9s milyen probl\u00e9m\u00e1i vannak? Hogyan kezelhetj\u00fck j\u00f3l, amikor \u00f6reged\u00e9s\u00fcnk egy\u00e9rtelm\u0171 jelek\u00e9nt \u00faj \u00e9letszakaszba l\u00e9p\u00fcnk? Az alap\u00edtv\u00e1ny sz\u00ednes on- \u00e9s offline tere platformot ad mindenkinek, aki relev\u00e1ns k\u00e9rd\u00e9seket tesz fel a t\u00e9m\u00e1ban, legyen az gyerekeit egyed\u00fcl nevel\u0151 anyuka vagy komoly \u00e9rdekv\u00e9delmi szervezet. A Dajer Alap\u00edtv\u00e1ny \u201ek\u00e9sei fejleszt\u0151\u201d, ahol negyvenes n\u0151k\u00e9nt megtanulhatjuk \u00e9lvezni a v\u00e1ltoz\u00e1st, \u00e9s \u00f6nbizalmat mer\u00edteni abb\u00f3l, akiv\u00e9 az \u00e9vek folyam\u00e1n v\u00e1ltunk.<\/p>\n<p>A  <a href=\"http:\/\/welovebudapest.com\/cikk\/2021\/09\/24\/latnivalok-es-kultura-a-200-eves-fa-budapest-elso-villamosjarata-es-a-rossz-helyre-tervezett-templom-a-horvath-mihaly-ter-tortenete\/\" id=\"hyperlink_6c9cf698fb60a7116bcfb173d691e7cb\" target=\"_blank\" title=\"A 200 \u00e9ves fa, Budapest els\u0151 villamosj\u00e1rata \u00e9s a rossz helyre tervezett templom \u2013 A Horv\u00e1th Mih\u00e1ly t\u00e9r t\u00f6rt\u00e9nete\" rel=\"nofollow noopener\">Horv\u00e1th Mih\u00e1ly t\u00e9r<\/a>  szomsz\u00e9ds\u00e1g\u00e1ban, a  N\u00edv\u00f3 Fodr\u00e1sz Sz\u00f6vetkezet  \u00f3don c\u00e9g\u00e9re alatt tal\u00e1ljuk a  <a href=\"https:\/\/dajer.hu\/\" id=\"hyperlink_59bad2c8564d4911cd3c72134e7fd947\" rel=\"nofollow noopener\" target=\"_blank\">Dajer Alap\u00edtv\u00e1ny<\/a>  vid\u00e1m ter\u00e9t. A k\u00f6zel  100 n\u00e9gyzetm\u00e9teres  helyis\u00e9gben varr\u00f3g\u00e9p, egy kor\u00e1bbi install\u00e1ci\u00f3 maradv\u00e1nyai, podcastszoba \u00e9s egy j\u00f3kora, \u00e9ppen fel\u00faj\u00edt\u00e1s alatt \u00e1ll\u00f3 r\u00e9sz is megf\u00e9r egym\u00e1s mellett. A sarokban  r\u00e9gi fodr\u00e1szb\u00far\u00e1k  sz\u00farnak szemet. Az Almod\u00f3var-filmekb\u0151l \u00e9s saj\u00e1t tapasztalatb\u00f3l is ismer\u0151s lehet a k\u00e9p: a fodr\u00e1szat valami\u00e9rt mindig is olyan hely volt, ahol a n\u0151knek lehet\u0151s\u00e9ge ny\u00edlik megbesz\u00e9lni a probl\u00e9m\u00e1ikat. Hogy mi\u00e9rt \u00e9ppen sz\u00e9ps\u00e9g\u00e1pol\u00e1s k\u00f6zben ny\u00edlik erre id\u0151, az m\u00e1r messzire vezet\u0151 k\u00e9rd\u00e9s\u2026<\/p>\n<p>A l\u00f3c\u00e1t \u00e9desap\u00e1m k\u00e9sz\u00edtette, a b\u00fatorok t\u00f6bbs\u00e9ge a nagysz\u00fcleimt\u0151l sz\u00e1rmazik. Nekik Partiumban, Nagyk\u00e1rolyban volt fodr\u00e1sz\u00fczlet\u00fck<\/p>\n<p>\n                          \u2013 mes\u00e9li Miklusics\u00e1k Aliz, az alap\u00edtv\u00e1ny jelenlegi kurat\u00f3riumi eln\u00f6ke.\n                        <\/p>\n<p>\n                          A fodr\u00e1sztematika v\u00e9gigvonul a szervezet t\u00f6rt\u00e9net\u00e9n. Az alap\u00f6tlet 40-es n\u0151k probl\u00e9m\u00e1ival foglalkoz\u00f3 n\u0151i magazin volt. A Dajer.hu-t 2019-ben Barna Erika, Kovarszki Andrea \u00e9s Miklusics\u00e1k Aliz ind\u00edtotta el; mindannyian negyven f\u00f6l\u00f6ttiek, saj\u00e1t sikerekkel, harcokkal \u00e9s buk\u00e1sokkal a h\u00e1tuk m\u00f6g\u00f6tt. Olyan fel\u00fcletet szerettek volna, ahol \u00edrhatnak a hasonl\u00f3 cip\u0151ben j\u00e1r\u00f3 n\u0151knek az \u0151ket foglalkoztat\u00f3 k\u00e9rd\u00e9sekr\u0151l, de nem klasszikus n\u0151i magazinban \u00e9s nem is szem\u00e9lyes blogban gondolkodtak.\n                        <\/p>\n<p>                                <img decoding=\"async\" id=\"kep_71388613\" src=\"https:\/\/www.europesays.com\/hu\/wp-content\/uploads\/2026\/09\/71388613_3d52eb8f1b5ab7af0fa7700a92e7a486_wm.jpg\" alt=\"LB 20260902 Dajer 0036\" loading=\"lazy\"\/><\/p>\n<p>            (Fot\u00f3: Lad\u00f3czki Bal\u00e1zs &#8211; We Love Budapest)<\/p>\n<p>Be\u00fcl\u00fcnk a b\u00fara al\u00e1, \u00e9s kimondjuk, amit r\u00e9g\u00f3ta cipel\u00fcnk<\/p>\n<p>\n                          \u2013 foglalja \u00f6ssze Aliz fodr\u00e1szos hasonlattal azt a hangulatot, amit szerettek volna megteremteni. A Dajer n\u00e9v egy\u00e9bk\u00e9nt az \u0151 \u00f6tlete volt, a t\u00f6bbiek is kiss\u00e9 porosnak tal\u00e1lt\u00e1k, k\u00e9s\u0151bb viszont kider\u00fclt, hogy mindenki tud a fodr\u00e1szattematik\u00e1hoz kapcsol\u00f3dni, ami ma m\u00e1r a rovatok c\u00edm\u00e9ben, az arculatban is megjelenik. Amikor 2024-ben \u00fagy d\u00f6nt\u00f6ttek, hogy nyitnak a sz\u00e9lesebb k\u00f6z\u00f6ss\u00e9g fel\u00e9, \u00e9s keresnek egy saj\u00e1t helyis\u00e9get a programjaiknak, nem v\u00e9letlen\u00fcl akadt meg a szem\u00fck a r\u00e9g\u00f3ta kihaszn\u00e1latlan <a href=\"http:\/\/welovebudapest.com\/hely\/jozsefvaros-2\/\" id=\"hyperlink_f56d87ee4ff27a50c977f8e2054aa247\" target=\"_blank\" title=\"J\u00f3zsefv\u00e1ros\" rel=\"nofollow noopener\">j\u00f3zsefv\u00e1rosi<\/a> fodr\u00e1szsz\u00f6vetkezeten.\n                        <\/p>\n<p>                                <img decoding=\"async\" id=\"kep_71400931\" src=\"https:\/\/www.europesays.com\/hu\/wp-content\/uploads\/2026\/09\/71400931_2ec009654bd855f614baf65e7f70d0c1_wm.jpg\" alt=\"LB 20260902 Dajer 0019\" loading=\"lazy\"\/><\/p>\n<p>            (Fot\u00f3: Lad\u00f3czki Bal\u00e1zs &#8211; We Love Budapest)<\/p>\n<p>                          K\u00fcl\u00f6nb\u00f6z\u0151 \u00e9letutak, heterog\u00e9n k\u00f6z\u00f6ss\u00e9g<\/p>\n<p>\n                          Kev\u00e9s heterog\u00e9nebb k\u00f6z\u00f6ss\u00e9g l\u00e9tezik, mint a negyven f\u00f6l\u00f6tti n\u0151k\u00e9. Van, ahol \u00e9pp kirep\u00fcl a k\u00f6vetkez\u0151 gener\u00e1ci\u00f3, valaki \u00e9pp szemben\u00e9z azzal, hogy a gyerekv\u00e1llal\u00e1s sz\u00e1m\u00e1ra nem opci\u00f3. Valaki a karrierj\u00e9re koncentr\u00e1l, valaki elv\u00e1lik, valaki id\u0151s sz\u00fcleir\u0151l gondoskodik, valaki a filodendronj\u00e1r\u00f3l vagy a saj\u00e1t test\u00e9r\u0151l. Nem \u00e9rdemes az egyes \u00e9lethelyzeteket \u00f6sszevetni. Mi k\u00f6thet \u00f6ssze ennyire k\u00fcl\u00f6nb\u00f6z\u0151 embereket?\n                        <\/p>\n<p>Mindannyiunkat el\u00e9r a menopauza, a v\u00e1ltoz\u00e1s, mindannyian tudatosan szeretn\u00e9nk meg\u00f6regedni, szeretn\u00e9nk vigy\u00e1zni az eg\u00e9szs\u00e9g\u00fcnkre. K\u00f6zben mindenkinek megvan a saj\u00e1t csomagja is. Ne hagyjuk, hogy ez elv\u00e1lasszon egym\u00e1st\u00f3l, mert vannak k\u00f6z\u00f6s pontjaink, emp\u00e1ti\u00e1val fordulhatunk egym\u00e1s fel\u00e9. A legt\u00f6bben m\u00e1r elv\u00e9gezt\u00fcnk valamit, ismerj\u00fck az \u00e9rt\u00e9keinket, itt az ideje a megnyugv\u00e1snak. Ne szorongjunk tov\u00e1bb, \u00e1tment\u00fcnk m\u00e1r olyan \u00e9lethelyzeten, amire azt hitt\u00fck, nem lesz megold\u00e1s, most m\u00e1r \u00e9lj\u00fck meg, ami boldogg\u00e1 tesz. Itt az ideje, hogy \u00fagy szeml\u00e9lj\u00fck a probl\u00e9m\u00e1kat, hogy tesz\u00fcnk r\u00e1juk magasr\u00f3l, \u00edgy vagy \u00fagy, de megold\u00f3dik minden<\/p>\n<p>\n                          \u2013 mondja Aliz. A Dajer teh\u00e1t nem akar megalkotni egyetlen 40 pluszos n\u0151figur\u00e1t, k\u00fcl\u00f6nb\u00f6z\u0151 \u00e9letutakat tesz egym\u00e1s mell\u00e9. A boldog id\u0151skor egyik titka, hogy felismerj\u00fck a k\u00fcl\u00f6nb\u00f6z\u0151 \u00e9letszakaszokat, \u00e9s tudatosan v\u00e1ltsunk. Ez pedig nem csak n\u0151i probl\u00e9ma: mindenkinek j\u00f3 p\u00e9ld\u00e1t adhat arra, hogy mit is jelent a reziliencia, amivel \u00e9let\u00fcnk v\u00e1ltoz\u00e1sait kezelhetj\u00fck.\u00a0\n                        <\/p>\n<p>                                <img decoding=\"async\" id=\"kep_71388641\" src=\"https:\/\/www.europesays.com\/hu\/wp-content\/uploads\/2026\/09\/71388641_37125f43e21baf75219d4fdc079d3240_wm.jpg\" alt=\"LB 20260902 Dajer 0032\" loading=\"lazy\"\/><\/p>\n<p>            (Fot\u00f3: Lad\u00f3czki Bal\u00e1zs &#8211; We Love Budapest)<\/p>\n<p>                                <img decoding=\"async\" id=\"kep_71388647\" src=\"https:\/\/www.europesays.com\/hu\/wp-content\/uploads\/2026\/09\/71388647_62340bf7c5e11de97a9756c13074fc4f_wm.jpg\" alt=\"LB 20260902 Dajer 0005\" loading=\"lazy\"\/><\/p>\n<p>            (Fot\u00f3: Lad\u00f3czki Bal\u00e1zs &#8211; We Love Budapest)<\/p>\n<p>                          K\u00e9sei fejleszt\u0151 n\u0151knek<\/p>\n<p>\n                          Az, hogy az alap\u00edtv\u00e1nynak sz\u00fcks\u00e9ge van egy fizikai t\u00e9rre, val\u00f3s tal\u00e1lkoz\u00e1si pontra, akkor kezdett form\u00e1l\u00f3dni Miklusics\u00e1k Alizban, amikor a l\u00e1nya korai fejleszt\u0151be j\u00e1rt. Innen j\u00f6tt az \u00f6tlet:\n                        <\/p>\n<p>Kellene egy k\u00e9sei fejleszt\u0151 n\u0151knek, ahol lehet 40 f\u00f6l\u00f6tt csin\u00e1lni valamit, \u00e9s lehet elrontani is. Nem kell profinak lenni, nem kell a legjobbnak lenni, m\u00e9gis \u00e9lvezz\u00fck, amit csin\u00e1lunk.<\/p>\n<p>Ha pedig nem minden tev\u00e9kenys\u00e9gb\u0151l akarunk t\u00f6k\u00e9letes eredm\u00e9nyt, \u00faj karriert kipr\u00e9selni, az \u00f6sszehasonl\u00edtgat\u00e1s \u00e9s a folyamatos k\u00e9nyszer, hogy magunkat m\u00e1sokhoz m\u00e9ricsk\u00e9lj\u00fck, vesz\u00edt a jelent\u0151s\u00e9g\u00e9b\u0151l. Kapunk egy k\u00f6z\u00f6ss\u00e9get, ami megadja a sz\u00fcks\u00e9ges hitet, t\u00e1mogat\u00e1st, m\u00e9g miel\u0151tt nek\u00fcnk magunknak lenne \u00f6nbizalmunk a saj\u00e1t terv\u00fcnkh\u00f6z. A Dajerben ez\u00e9rt a varr\u00e1st\u00f3l \u00e9s koll\u00e1zsk\u00e9sz\u00edt\u00e9st\u0151l az \u00edr\u00e1son \u00e1t a v\u00e1rosi s\u00e9t\u00e1k vezet\u00e9s\u00e9ig sokf\u00e9le tev\u00e9kenys\u00e9g megjelenik. M\u0171k\u00f6dtet\u0151i m\u0171v\u00e9szek, \u00edgy a kreat\u00edv energi\u00e1k, workshopok, felolvas\u00e1sok nagy hangs\u00falyt kapnak, s\u0151t a t\u00e9r ki\u00e1ll\u00edt\u00f3helyk\u00e9nt is funkcion\u00e1l. A\u00a0<a href=\"https:\/\/www.facebook.com\/dajer.hu\" id=\"hyperlink_557076ccf52029bc080987fded312377\" rel=\"nofollow noopener\" target=\"_blank\">Facebookon<\/a> \u00e9s a\u00a0<a href=\"https:\/\/dajer.hu\/\" id=\"hyperlink_59bad2c8564d4911cd3c72134e7fd947\" rel=\"nofollow noopener\" target=\"_blank\">honlapjukon<\/a> is t\u00e1j\u00e9koz\u00f3dhatunk az aktu\u00e1lis programokr\u00f3l.<\/p>\n<p>                                <img decoding=\"async\" id=\"kep_71388699\" src=\"https:\/\/www.europesays.com\/hu\/wp-content\/uploads\/2026\/09\/71388699_481f9b2e0bdd30d0aa1db5bcbdd37ece_wm.jpg\" alt=\"LB 20260902 Dajer 0016\" loading=\"lazy\"\/><\/p>\n<p>            (Fot\u00f3: Lad\u00f3czki Bal\u00e1zs &#8211; We Love Budapest)<\/p>\n<p>                                <img decoding=\"async\" id=\"kep_71388679\" src=\"https:\/\/www.europesays.com\/hu\/wp-content\/uploads\/2026\/09\/71388679_b0a5d103f04a46480a6c24bf6849a127_wm.jpg\" alt=\"LB 20260902 Dajer 0042\" loading=\"lazy\"\/><\/p>\n<p>            (Fot\u00f3: Lad\u00f3czki Bal\u00e1zs &#8211; We Love Budapest)<\/p>\n<p>                                <img decoding=\"async\" id=\"kep_71388683\" src=\"https:\/\/www.europesays.com\/hu\/wp-content\/uploads\/2026\/09\/71388683_98d5b6340d89bd912790e406f16f6d08_wm.jpg\" alt=\"LB 20260902 Dajer 0040\" loading=\"lazy\"\/><\/p>\n<p>            (Fot\u00f3: Lad\u00f3czki Bal\u00e1zs &#8211; We Love Budapest)<\/p>\n<p>C\u00e9ljuk, hogy teret, l\u00e1that\u00f3s\u00e1got biztos\u00edtsanak b\u00e1rkinek, aki relev\u00e1ns k\u00e9rd\u00e9st tesz fel a negyvenes n\u0151k sz\u00e1m\u00e1ra. Munk\u00e1juk sor\u00e1n olyan \u00e9rdekv\u00e9delmi szervezetekkel is egy\u00fctt dolgoznak, mint a <a href=\"https:\/\/romaversitas.hu\/\" id=\"hyperlink_5bf7140bc39e073ebc731679fc6482de\" rel=\"nofollow noopener\" target=\"_blank\">Romaversitas<\/a>, az <a href=\"https:\/\/emmaegyesulet.hu\/\" id=\"hyperlink_29898a65d7def13b8153d63de46c1841\" rel=\"nofollow noopener\" target=\"_blank\">EMMA Egyes\u00fclet<\/a>, a <a href=\"https:\/\/labrisz.hu\/\" id=\"hyperlink_e2b79fe0cb838fe6e05d12be75b5b720\" rel=\"nofollow noopener\" target=\"_blank\">Labrisz<\/a>, \u00e9s tagjai a <a href=\"https:\/\/magyarnoialap.hu\/\" id=\"hyperlink_d859ea3ee49542b834979f7c0e54afbd\" rel=\"nofollow noopener\" target=\"_blank\">Magyar N\u0151i Alapnak<\/a> is. A k\u00f6z\u00e9leti k\u00e9rd\u00e9sek mellett azonban ugyanilyen term\u00e9szetess\u00e9ggel f\u00e9r meg n\u00e1luk egy koll\u00e1zsworkshop, \u00edr\u00e1skurzus, podcast, roma sz\u00e9ps\u00e9gnap vagy n\u0151i f\u00f3kusz\u00fa v\u00e1rosi s\u00e9ta. Besz\u00e9ltek m\u00e1r testi \u00f6nrendelkez\u00e9sr\u0151l, a \u00a0m\u00e9lt\u00f3s\u00e1g, szabads\u00e1g \u00e9s boldogs\u00e1g k\u00e9rd\u00e9sk\u00f6r\u00e9r\u0151l,\u00a0 \u00e9let v\u00e9gi d\u00f6nt\u00e9sekr\u0151l \u00e9s neurodiverzit\u00e1sr\u00f3l, de a f\u00e9rfiak n\u00e9z\u0151pontja sem tabu: az oldalon \u00e9s a programokban az \u0151 tapasztalataik is megjelennek, 2026 \u0151sz\u00e9n pedig f\u00e9rfi alkot\u00f3k is saj\u00e1t esem\u00e9nyekkel \u00e9rkeznek.<\/p>\n<p>                                <img decoding=\"async\" id=\"kep_71388687\" src=\"https:\/\/www.europesays.com\/hu\/wp-content\/uploads\/2026\/09\/71388687_4cf27e7bb9e7fb825cb46cc09b2f1573_wm.jpg\" alt=\"LB 20260902 Dajer 0021\" loading=\"lazy\"\/><\/p>\n<p>            (Fot\u00f3: Lad\u00f3czki Bal\u00e1zs &#8211; We Love Budapest)<\/p>\n<p>                          Tizenk\u00e9t n\u0151, n\u00e9gy r\u00e9teg lin\u00f3leum<\/p>\n<p>\n                          A Dajer\u00e9 nem egyenes vonal\u00fa fejl\u0151d\u00e9st\u00f6rt\u00e9net. A Covid id\u0151szaka m\u00e9g kedvezett az eleve online m\u0171k\u00f6d\u0151 magazinnak, 2022 v\u00e9g\u00e9re azonban megv\u00e1ltozott a helyzet, mert a szerkeszt\u0151k \u00e9let\u00e9ben egyszerre s\u0171r\u0171s\u00f6dtek \u00f6ssze csal\u00e1di, egzisztenci\u00e1lis \u00e9s munkahelyi probl\u00e9m\u00e1k, mindenki elf\u00e1radt. Ekkor egy id\u0151re le\u00e1ll\u00edtott\u00e1k a magazint. A sz\u00fcnet ut\u00e1n egyre er\u0151sebben \u00e9rezt\u00e9k, hogy ha folytatj\u00e1k, nem szeretn\u00e9nek visszat\u00e9rni kiz\u00e1r\u00f3lag az online m\u0171k\u00f6d\u00e9shez, \u00edgy ker\u00fcltek v\u00e9g\u00fcl J\u00f3zsefv\u00e1rosba, a Horv\u00e1th Mih\u00e1ly t\u00e9rre.\n                        <\/p>\n<p>                                <img decoding=\"async\" id=\"kep_71388741\" src=\"https:\/\/www.europesays.com\/hu\/wp-content\/uploads\/2026\/09\/71388741_f1567028859d744716f6683a6cf5f591_wm.jpg\" alt=\"LB 20260902 Dajer 0031\" loading=\"lazy\"\/><\/p>\n<p>            (Fot\u00f3: Lad\u00f3czki Bal\u00e1zs &#8211; We Love Budapest)<\/p>\n<p>                                <img decoding=\"async\" id=\"kep_71388749\" src=\"https:\/\/www.europesays.com\/hu\/wp-content\/uploads\/2026\/09\/71388749_5eeb5e9d065b298d050e05571de026ff_wm.jpg\" alt=\"LB 20260902 Dajer 0014\" loading=\"lazy\"\/><\/p>\n<p>            (Fot\u00f3: Lad\u00f3czki Bal\u00e1zs &#8211; We Love Budapest)<\/p>\n<p>                                <img decoding=\"async\" id=\"kep_71388777\" src=\"https:\/\/www.europesays.com\/hu\/wp-content\/uploads\/2026\/09\/71388777_bb1c079c8b4bd1d918e1ad06e5f582c6_wm.jpg\" alt=\"LB 20260902 Dajer 0009\" loading=\"lazy\"\/><\/p>\n<p>            (Fot\u00f3: Lad\u00f3czki Bal\u00e1zs &#8211; We Love Budapest)<\/p>\n<p>\n                          Gyorsan r\u00e1j\u00f6ttek, mi\u00e9rt nem \u00e1lltak sorban a j\u00f3 helyen l\u00e9v\u0151, de r\u00e9g\u00f3ta kihaszn\u00e1latlan ingatlan\u00e9rt a jelentkez\u0151k: a helyis\u00e9gek nagyon rossz \u00e1llapotban voltak, p\u00e9nz viszont nem volt az \u00e1talak\u00edt\u00e1sra. Ez azonban nem lehetett akad\u00e1ly a j\u00f3l m\u0171k\u00f6d\u0151 k\u00f6z\u00f6ss\u00e9g sz\u00e1m\u00e1ra. A munka legl\u00e1tv\u00e1nyosabb r\u00e9sze 2025. m\u00e1rcius 8-\u00e1n kezd\u0151d\u00f6tt:\n                        <\/p>\n<p>tizenk\u00e9t n\u0151 \u00e1llt neki a bont\u00e1snak, n\u00e9gy r\u00e9teg lin\u00f3leumot szedtek fel, \u00e9s v\u00e9g\u00fcl k\u00e9t teheraut\u00f3nyi sittet hordtak ki.<\/p>\n<p>A szakmunk\u00e1k egy r\u00e9sz\u00e9t term\u00e9szetesen szakemberekre b\u00edzt\u00e1k \u2013 volt olyan \u00e9p\u00edt\u00e9sz t\u00e1rsuk is, aki ingyen k\u00e9sz\u00edtett statikai tervet \u2013, de rengeteg k\u00e9tkezi feladatot maguk v\u00e9geztek, a sz\u00fcks\u00e9ges p\u00e9nz nagy r\u00e9sz\u00e9t pedig k\u00f6z\u00f6ss\u00e9gi gy\u0171jt\u00e9sb\u0151l finansz\u00edrozt\u00e1k. \u00cdgy ny\u00edlhatott meg 2025. m\u00e1rcius 20-\u00e1n, a boldogs\u00e1g vil\u00e1gnapj\u00e1n a Dajer Szellemi M\u0171hely. A siker azonban \u00faj probl\u00e9m\u00e1t is hozott. A Dajer k\u00f6zvetlen m\u0171k\u00f6dtet\u00e9s\u00e9ben hatan vesznek r\u00e9szt, a jelenlegi kur\u00e1torok Frazon Zs\u00f3fia \u00e9s Kovarszki Andrea, a magazin f\u0151szerkeszt\u0151je Dusza Erika, Lacz\u00f3 Erika adminisztrat\u00edv munkat\u00e1rs \u00e9s Nagy Zs\u00f3fia a programkoordin\u00e1tor, k\u00f6r\u00fcl\u00f6tt\u00fck pedig egy mintegy \u00f6tvenf\u0151s flotta alakult ki.\u00a0<\/p>\n<p>                            <a class=\"gallery-image\" href=\"http:\/\/galeria.welovebudapest.com\/cikk\/2026\/09\/03\/dajer_alapitvany\/\" target=\"galesz71388821\" data-contentid=\"6271957\" data-js-galeria-url=\"https:\/\/galeria.welovebudapest.com\/cikk\/2026\/09\/03\/dajer_alapitvany\/\" data-js-galeria-open-with=\"\" rel=\"nofollow noopener\"><br \/>\n                            <img decoding=\"async\" id=\"kep71388821\" src=\"https:\/\/www.europesays.com\/hu\/wp-content\/uploads\/2026\/09\/71388875_5d92870d6d661e87706453c2d0442cab_wm.jpg\" alt=\"\" loading=\"lazy\" width=\"727\" height=\"485\"\/><\/p>\n<p>                        <\/a><\/p>\n<p>                                        Gal\u00e9ria: Dajer Alap\u00edtv\u00e1ny            <\/p>\n<p>M\u00e9g nem egy munkahely, de m\u00e1r annyi mel\u00f3 van, mintha az lenne<\/p>\n<p>\n                          \u2013 foglalja \u00f6ssze Miklusics\u00e1k Aliz. Elmond\u00e1sa szerint napi h\u00e9t-nyolc \u00f3ra is belemehet a Dajer \u00fcgyeibe, mik\u00f6zben a csapat tagjai tov\u00e1bbra is f\u0151\u00e1ll\u00e1sukb\u00f3l \u00e9lnek. A helyzet paradoxonja \u00e9ppen az, hogy min\u00e9l jobban m\u0171k\u00f6dik a k\u00f6z\u00f6ss\u00e9g, ann\u00e1l t\u00f6bb feladatot termel, mik\u00f6zben tov\u00e1bbra is \u00f6nk\u00e9ntesek v\u00e9gzik a munk\u00e1t. Nem fenntarthat\u00f3, ha egy olyan hely, amely m\u00e1s n\u0151knek \u00e9ppen azt pr\u00f3b\u00e1lja megmutatni, hogy szabad saj\u00e1t magukra id\u0151t \u00e9s energi\u00e1t ford\u00edtani, v\u00e9g\u00fcl teljesen felem\u00e9szten\u00e9 azokat, akik m\u0171k\u00f6dtetik. Miklusics\u00e1k hozz\u00e1\u00e1ll\u00e1sa azonban ezen a ponton is ugyanaz marad:\n                        <\/p>\n<p>Valahogy eg\u00e9szen biztosan megoldjuk ezt is.<\/p>\n<p>\n                          Eg\u00e9sz j\u00f3l illik egy olyan helyhez, amelynek egyik legfontosabb \u00e1ll\u00edt\u00e1sa, hogy nem kell mindent el\u0151re tudni, \u00e9pp el\u00e9g, ha van energi\u00e1nk elkezdeni, amit szeretn\u00e9nk.\n                        <\/p>\n<p>\n                          (Bor\u00edt\u00f3k\u00e9p: Lad\u00f3czki Bal\u00e1zs \u2013 We Love Budapest)\n                        <\/p>\n<p><a href=\"https:\/\/dex.hu\/x.php?id=googlepref_desktop_welovebudapest&amp;url=https:\/\/google.com\/preferences\/source?q=https:\/\/welovebudapest.com\/\" class=\"google-pref-banner \" id=\"googlePrefBanner\" rel=\"nofollow noopener\" target=\"_blank\"><\/p>\n<p>        \u00c1ll\u00edtsd be a Google keres\u0151j\u00e9t, hogy a tal\u00e1latok k\u00f6z\u00f6tt biztos ott legyen a We Love Budapest!    <\/p>\n<p><\/a><\/p>\n<p>        <img decoding=\"async\" class=\"wlbkonyv-ajanlo_img\" src=\"https:\/\/www.europesays.com\/hu\/wp-content\/uploads\/2026\/09\/1788674243_973_71107885_0d706056e4c2d5770ec30c3bc3ac7603_wm.jpg\" alt=\"\" style=\"\"\/><\/p>\n<p class=\"wlbkonyv-ajanlo_promocio\">hirdet\u00e9s<\/p>\n<p>Folytatn\u00e1d az olvas\u00e1st? Szeretsz mindig k\u00e9pben lenni, \u00e9rdekelnek a leg\u00fajabb budapesti h\u00edrek, t\u00f6rt\u00e9netek? <a target=\"_blank\" href=\"https:\/\/welovebudapest.com\/hirlevel\/feliratkozas\" rel=\"nofollow noopener\">Iratkozz fel heti h\u00edrlevel\u00fcnkre<\/a>, az Insiderre, \u00e9s legy\u00e9l te a t\u00e1rsas\u00e1g ir\u00e1nyt\u0171je, ha \u00e9ttermet, kir\u00e1ndul\u00f3helyet vagy programot kerestek!<\/p>\n<p>                C\u00edmk\u00e9k            <\/p>\n","protected":false},"excerpt":{"rendered":"A nyolcadik ker\u00fclet sz\u00edv\u00e9ben, egy r\u00e9gi fodr\u00e1szsz\u00f6vetkezet hely\u00e9n m\u0171k\u00f6dik a Dajer Alap\u00edtv\u00e1ny, aminek c\u00e9lja, hogy l\u00e1that\u00f3v\u00e1 tegye a&hellip;\n","protected":false},"author":2,"featured_media":234582,"comment_status":"","ping_status":"","sticky":false,"template":"","format":"standard","meta":{"footnotes":"","_share_on_mastodon":"0"},"categories":[22],"tags":[61716,73,800,61715,1035,50935,44,42,40,5615,801,43,41,5691,939,1501],"class_list":["post-234581","post","type-post","status-publish","format-standard","has-post-thumbnail","category-budapest","tag-40-folotti-nok","tag-budapest","tag-cikkek","tag-dajer-alapitvany","tag-eletmod","tag-horvath-mihaly-ter","tag-hu","tag-hungarian","tag-hungary","tag-jozsefvaros","tag-latnivalok-es-kultura","tag-magyar","tag-magyarorszag","tag-nok","tag-szabadido","tag-viii-kerulet"],"share_on_mastodon":{"url":"https:\/\/pubeurope.com\/@hu\/117222562465123453","error":""},"_links":{"self":[{"href":"https:\/\/www.europesays.com\/hu\/wp-json\/wp\/v2\/posts\/234581","targetHints":{"allow":["GET"]}}],"collection":[{"href":"https:\/\/www.europesays.com\/hu\/wp-json\/wp\/v2\/posts"}],"about":[{"href":"https:\/\/www.europesays.com\/hu\/wp-json\/wp\/v2\/types\/post"}],"author":[{"embeddable":true,"href":"https:\/\/www.europesays.com\/hu\/wp-json\/wp\/v2\/users\/2"}],"replies":[{"embeddable":true,"href":"https:\/\/www.europesays.com\/hu\/wp-json\/wp\/v2\/comments?post=234581"}],"version-history":[{"count":0,"href":"https:\/\/www.europesays.com\/hu\/wp-json\/wp\/v2\/posts\/234581\/revisions"}],"wp:featuredmedia":[{"embeddable":true,"href":"https:\/\/www.europesays.com\/hu\/wp-json\/wp\/v2\/media\/234582"}],"wp:attachment":[{"href":"https:\/\/www.europesays.com\/hu\/wp-json\/wp\/v2\/media?parent=234581"}],"wp:term":[{"taxonomy":"category","embeddable":true,"href":"https:\/\/www.europesays.com\/hu\/wp-json\/wp\/v2\/categories?post=234581"},{"taxonomy":"post_tag","embeddable":true,"href":"https:\/\/www.europesays.com\/hu\/wp-json\/wp\/v2\/tags?post=234581"}],"curies":[{"name":"wp","href":"https:\/\/api.w.org\/{rel}","templated":true}]}}