{"id":234587,"date":"2026-09-06T06:09:12","date_gmt":"2026-09-06T06:09:12","guid":{"rendered":"https:\/\/www.europesays.com\/hu\/234587\/"},"modified":"2026-09-06T06:09:12","modified_gmt":"2026-09-06T06:09:12","slug":"telex-magyar-peter-odajott-hozzam-es-mosolyogva-azt-mondta-tudja-hogy-most-rosszul-viselkedett","status":"publish","type":"post","link":"https:\/\/www.europesays.com\/hu\/234587\/","title":{"rendered":"Telex: Magyar P\u00e9ter odaj\u00f6tt hozz\u00e1m, \u00e9s mosolyogva azt mondta, tudja, hogy most rosszul viselkedett"},"content":{"rendered":"<p>S\u0171r\u0171 h\u00f3napja volt ideiglenes h\u00e1zeln\u00f6kk\u00e9nt Hallern\u00e9 Nagy Anik\u00f3nak, mik\u00f6zben az Igazs\u00e1g\u00fcgyi \u00e9s Alkotm\u00e1ny\u00fcgyi Bizotts\u00e1g tagjak\u00e9nt \u0151 is r\u00e9szt vett a vagyonvisszaszerz\u00e9si hivatal vezet\u0151inek kiv\u00e1laszt\u00e1s\u00e1ban. Az Orsz\u00e1ggy\u0171l\u00e9s aleln\u00f6ke az interj\u00fankban a tagok k\u00f6z\u00fcl el\u0151sz\u00f6r besz\u00e9lt r\u00e9szletesen a kiv\u00e1laszt\u00e1si elj\u00e1r\u00e1sr\u00f3l, emellett arr\u00f3l is k\u00e9rdezt\u00fck, kapott-e kritik\u00e1t Magyar P\u00e9tert\u0151l, miut\u00e1n elvette t\u0151le a sz\u00f3t, \u00e9s maradt volna-e m\u00e9g sz\u00edvesen az Orsz\u00e1ggy\u0171l\u00e9s eln\u00f6ki sz\u00e9k\u00e9ben.<\/p>\n<p>Abban biztosak voltunk, hogy majd \u00f3ri\u00e1si \u00e9rdekl\u0151d\u00e9sre tart sz\u00e1mot, de hogy ez ennyire turbulens lesz, arra nem sz\u00e1m\u00edtottam. Azt gondolom, hogy ebben az a felfokozott v\u00e1rakoz\u00e1s is megnyilv\u00e1nul, ami a kamp\u00e1nyid\u0151szak \u00f3ta jelen van a t\u00e1rsadalomban: az elsz\u00e1moltat\u00e1s ig\u00e9nye.<\/p>\n<p>\u00cdgy van, hossz\u00fa, est\u00e9be ny\u00fal\u00f3 vit\u00e1t folytattunk.<\/p>\n<p>Engedje meg, hogy el\u0151bb n\u00e9h\u00e1ny gondolatot mondjak a folyamatr\u00f3l, ami szint\u00e9n vitatott volt. Ez egy hossz\u00fa folyamat volt, amely sor\u00e1n t\u00f6bb k\u00f6r\u00f6s v\u00e1logat\u00e1ssal sz\u0171rt\u00fck meg a be\u00e9rkezett, rengeteg p\u00e1ly\u00e1zatot. El\u0151sz\u00f6r azokat kellett kisz\u0171rn\u00fcnk, amelyek nem feleltek meg a p\u00e1ly\u00e1zati felt\u00e9teleknek. Emellett voltak olyan p\u00e1ly\u00e1zatok, amik rendk\u00edv\u00fcl alacsony sz\u00ednvonal\u00faak voltak. Majd j\u00f6ttek tov\u00e1bbi sz\u0171r\u0151k k\u00fcl\u00f6nb\u00f6z\u0151 szempontrendszerek szerint, ezek m\u00e1r els\u0151dlegesen szakmai szempontok voltak.<\/p>\n<p>Ugyanakkor figyeln\u00fcnk kellett n\u00e9h\u00e1ny egy\u00e9b k\u00f6r\u00fclm\u00e9nyre is, p\u00e9ld\u00e1ul \u00f6sszef\u00e9rhetetlens\u00e9gi t\u00e9nyez\u0151kre, amelyek miatt egyes jelentkez\u0151k szint\u00e9n kiker\u00fcltek a k\u00f6rb\u0151l. Ezek ut\u00e1n a bizotts\u00e1gi tagok egyenk\u00e9nt fel\u00e1ll\u00edtottak egy sorrendet a bent maradt p\u00e1ly\u00e1zatokb\u00f3l, amiket azt\u00e1n egyeztett\u00fcnk egym\u00e1ssal, \u00e9s ahol a legt\u00f6bb azonoss\u00e1g volt, az a p\u00e1ly\u00e1zat tov\u00e1bbjutott. \u00cdgy \u00e9rt\u00fcnk el egy viszonylag sz\u0171kebb k\u00f6rh\u00f6z, \u00e9s kezd\u0151d\u00f6tt el egym\u00e1s meggy\u0151z\u00e9se, az \u00e9rveink \u00fctk\u00f6ztet\u00e9se. V\u00e9g\u00fcl megsz\u00fcletett az a h\u00e1rom n\u00e9v, akiket a legalkalmasabbnak gondoltunk a szem\u00e9lyes meghallgat\u00e1sra. A bizotts\u00e1g tagjai t\u00e9nyleg hatalmas munk\u00e1t fektettek ebbe.<\/p>\n<p>Igen, ezt senki nem mondta el eddig, \u00e9s vannak is ebb\u0151l ad\u00f3d\u00f3 f\u00e9lre\u00e9rt\u00e9sek.<\/p>\n<p>Egyr\u00e9szt nem volt ilyen pontokban kifejezhet\u0151, objekt\u00edv rendszer, mert sok szempontot nem lehetett pontrendszerbe rendezni. P\u00e9ld\u00e1ul a politikai kock\u00e1zatokat vagy a m\u00e1r eml\u00edtett \u00f6sszef\u00e9rhetetlens\u00e9gi probl\u00e9m\u00e1kat sem lehetett pontokkal kifejezni. \u00c9s musz\u00e1j hangs\u00falyoznom, hogy a Nemzeti Vagyonvisszaszerz\u00e9si \u00e9s Vagyonv\u00e9delmi Hivatalr\u00f3l sz\u00f3l\u00f3 t\u00f6rv\u00e9ny nem \u00edrt el\u0151 p\u00e1ly\u00e1zati rendszert, vagy ak\u00e1r azt, hogy a bizotts\u00e1g transzparensen jelen\u00edtse meg a kiv\u00e1laszt\u00e1si folyamatot. A mi d\u00f6nt\u00e9s\u00fcnk volt a ny\u00edlt p\u00e1ly\u00e1ztat\u00e1s, amivel nehezebb helyzetbe hoztuk magunkat:<\/p>\n<p>ha a hivatal \u00e9l\u00e9re egyszer\u0171en kijel\u00f6lt\u00fcnk volna valakit, szinte biztosan elker\u00fclt\u00fck volna a felz\u00fadul\u00e1st.<\/p>\n<p>\u00cdgy viszont megnyitottunk egy olyan csapot, amivel olyasmi is ki\u00f6ml\u00f6tt, aminek tal\u00e1n nem kellett volna. Mi kifejezetten az \u00e1tl\u00e1that\u00f3s\u00e1g \u00e9s a demokr\u00e1cia jegy\u00e9ben gondoltuk azt, hogy ezt a hosszabb, nehezebb utat v\u00e1lasztjuk: hogy ny\u00edltan, a v\u00e1laszt\u00f3polg\u00e1rok szeme el\u0151tt zajl\u00f3djon ez a folyamat. A p\u00e1ly\u00e1zatokat viszont az\u00e9rt nem l\u00e1thatja a nyilv\u00e1noss\u00e1g, mert a jel\u00f6ltek ma is dolgoz\u00f3 \u00fcgy\u00e9szek, \u00fcgyv\u00e9dek, hivatalvezet\u0151k.<\/p>\n<p>Ink\u00e1bb azt mondan\u00e1m, hogy volt olyan szakasz, amikor \u00e9n is nagyon sokat hezit\u00e1ltam. Hiszen v\u00e9g\u00fcl k\u00e9t j\u00f3 jel\u00f6lt k\u00f6z\u00fcl kellett d\u00f6nten\u00fcnk, \u00e9s sz\u00e1mos \u00e9rv sz\u00f3lt Ligeti Mikl\u00f3s, \u00e9s sz\u00e1mos a megv\u00e1lasztott jelenlegi eln\u00f6k mellett is. De ekkor \u00fajra k\u00f6rbej\u00e1rtuk, hogy pontosan milyen poz\u00edci\u00f3ra keres\u00fcnk embert, \u00e9s ehhez kinek a legmegfelel\u0151bb a p\u00e1ly\u00e1zata. A szem\u00e9lyes bemutatkoz\u00e1son azt\u00e1n nagyon sok minden eld\u0151lt.<\/p>\n<p><img decoding=\"async\" src=\"https:\/\/www.europesays.com\/hu\/wp-content\/uploads\/2026\/09\/1788560833-temp-m2qibk79mh0objmdepf_cikktorzs:xl.jpg\"  loading=\"lazy\" alt=\"Fot\u00f3: B\u0151dey J\u00e1nos \/ Telex\" class=\"placeholder_\"\/><\/p>\n<p>Fot\u00f3: B\u0151dey J\u00e1nos \/ Telex<\/p>\n<p>Ha a hivatal a t\u00f6rv\u00e9nyben r\u00f6gz\u00edtett c\u00e9lj\u00e1t \u00e9s a p\u00e1ly\u00e1zat\u00e1ban v\u00e1zolt koncepci\u00f3j\u00e1t meg tudja val\u00f3s\u00edtani. Ha betartja az \u00e1ltala meghirdetett semlegess\u00e9get, \u00e9s azt, hogy egy l\u00e9p\u00e9ssel h\u00e1tr\u00e9bb l\u00e9p az eln\u00f6khelyettesek m\u00f6g\u00e9, \u00e9s hagyja a szakmais\u00e1gukat \u00e9rv\u00e9nyes\u00fclni. Unger Anna ebben koncepcion\u00e1lisan m\u00e1st v\u00e1llalt, mint <a href=\"https:\/\/telex.hu\/belfold\/2026\/09\/01\/ligeti-miklos-nem-a-sajtoban-akar-valaszolni-unger-anna-ajanlatara-nvvh\" class=\"\" rel=\"nofollow noopener\" target=\"_blank\">Ligeti Mikl\u00f3s<\/a>: Unger Anna azt v\u00e1llalta, hogy az eg\u00e9sz szervezet keretrendszer\u00e9t \u00e9s v\u00edzi\u00f3j\u00e1t \u0151 adja, de a hivatalt szakmai tartalommal a n\u00e9gy eln\u00f6khelyettes t\u00f6lti meg.<\/p>\n<p>A legfontosabb \u00e9s legs\u00fcrg\u0151sebb eln\u00f6khelyettes szem\u00e9ly\u00e9r\u0151l m\u00e1r d\u00f6nt\u00f6tt\u00fcnk, ha a k\u00f6zp\u00e9nz\u00fcgyi \u00e9s v\u00e1demel\u00e9si poz\u00edci\u00f3kra is megtal\u00e1ljuk az alkalmas jel\u00f6lteket, vel\u00fck m\u00e1r f\u00f6l\u00e1llhat a hivatal, a fellebbviteli eln\u00f6khelyettesnek ink\u00e1bb k\u00e9s\u0151bb lesz fontos szerepe. De ne felejts\u00fck el, hogy ez egy nagyon kitett hivatal lesz: a vezet\u0151i borzaszt\u00f3an szem el\u0151tt lesznek, \u00e9s mivel hatalmas az elv\u00e1r\u00e1s, jelent\u0151s t\u00e1rsadalmi b\u00edr\u00e1latnak lesznek kit\u00e9ve. Feltehet\u0151en az is sz\u00e1m\u00edtott, hogy nem is vesz\u00e9lytelen a poz\u00edci\u00f3. Ahol pedig nem hirdett\u00fcnk eredm\u00e9nyt, \u00fagy gondoltuk, ink\u00e1bb ezt tessz\u00fck, mint hogy elhamarkodott d\u00f6nt\u00e9st hozzunk.<\/p>\n<p>Igazs\u00e1g szerint a bizotts\u00e1g tagjaik\u00e9nt nem konkr\u00e9t, ismert szem\u00e9lyekben gondolkodtunk, \u00e9s pr\u00f3b\u00e1ltunk nem eleget tenni a k\u00f6zv\u00e9lem\u00e9ny nyom\u00e1s\u00e1nak, hogy a n\u00e9pszer\u0171 jel\u00f6lteket tartsuk szem el\u0151tt. Ennek ellen\u00e9re n\u00e9h\u00e1ny p\u00e1ly\u00e1z\u00f3 m\u00e1r a d\u00f6nt\u00e9s el\u0151tt, a folyamat k\u00f6zben nyilatkozott a telev\u00edzi\u00f3knak a saj\u00e1t p\u00e1ly\u00e1zat\u00e1r\u00f3l \u2013 mik\u00f6zben erre nem minden p\u00e1ly\u00e1z\u00f3nak volt lehet\u0151s\u00e9ge. Ez nem az alkalmass\u00e1gukr\u00f3l sz\u00f3l, hanem az egyenl\u0151 es\u00e9lyekr\u0151l: a p\u00e1ly\u00e1z\u00f3knak a bizotts\u00e1g el\u0151tt, azonos felt\u00e9telek mellett kellett bizony\u00edtaniuk. Aki eddig r\u00e9szt vett a korrupci\u00f3 elleni fell\u00e9p\u00e9sben, azt elismer\u00e9s illeti \u2013 de a sajt\u00f3beli ismerts\u00e9g \u00f6nmag\u00e1ban nem volt \u00e9s nem is lehetett szempont.<\/p>\n<p>Ezzel \u00e9n sem voltam tiszt\u00e1ban kor\u00e1bban, \u00e9s val\u00f3sz\u00edn\u0171leg a jogalkot\u00f3nak dolga ezen jav\u00edtani.<\/p>\n<p>T\u00e9nyleg fantasztikus volt ez az egy h\u00f3nap, minden neh\u00e9zs\u00e9g\u00e9vel egy\u00fctt \u00e9letem legnagyobb szakmai kih\u00edv\u00e1s\u00e1nak tekintem. Ilyen temp\u00f3ban hossz\u00fa t\u00e1von val\u00f3sz\u00edn\u0171leg nem is b\u00edrtuk volna a koll\u00e9g\u00e1immal: az intenz\u00edv bizotts\u00e1gi \u00e9s az egy\u00e9ni v\u00e1laszt\u00f3ker\u00fcleti munka mellett m\u00e9g volt dolgom aleln\u00f6kk\u00e9nt is, mert ezt sem lehetett teljesen lecsavarni. Mindez 30 olyan napra esett, amiben volt asz\u00e1lyhelyzet, energetikai v\u00e1ls\u00e1g, k\u00f6zt\u00e1rsas\u00e1gi eln\u00f6kv\u00e1laszt\u00e1s.<\/p>\n<p>Eredetileg politikai amb\u00edci\u00f3im sem voltak, \u00e9n csak azt szerettem volna, ha rendszert v\u00e1ltunk, \u00e9s ebben valamilyen m\u00f3don k\u00f6zrem\u0171k\u00f6dhetek. Ha \u00e1prilis 13-\u00e1n valaki azt mondja nekem, hogy t\u00e9rjek vissza a r\u00e9gi \u00e9letemhez, akkor is b\u0151ven el\u00e9gedett lettem volna azzal, amit el\u00e9rtem. Az, hogy pluszban aleln\u00f6k lettem, fantasztikus, de a hely\u00e9n kezelem. Ami a k\u00e9rd\u00e9s\u00e9t illeti: nagyon v\u00e1rtuk vissza Forsthoffer \u00c1gnest. Mivel a h\u00e1zeln\u00f6k asszony nagyon n\u00e9pszer\u0171, \u00e9s a k\u00f6zt\u00e1rsas\u00e1gi eln\u00f6ki c\u00edm is felmer\u00fclt az eset\u00e9ben, a k\u00f6zv\u00e9lem\u00e9nyben felvet\u0151dhetett, hogy az \u00e9n szerepem is megv\u00e1ltozhat. De r\u00e9szemr\u0151l nincs ilyen amb\u00edci\u00f3, \u00e9n boldog vagyok az aleln\u00f6ki poz\u00edci\u00f3mmal is.<\/p>\n<p>\u00c9n azt gondolom, hogy ink\u00e1bb az ut\u00f3bbi, mert Forsthoffer \u00c1gnessel nagyon azonosan gondolkodunk a h\u00e1zeln\u00f6ki feladatokr\u00f3l, legyen sz\u00f3 a H\u00e1zszab\u00e1ly alkalmaz\u00e1s\u00e1r\u00f3l vagy a rendtart\u00e1sr\u00f3l, \u00e9s a hi\u00e1nyz\u00e1sok miatti szankcion\u00e1l\u00e1sokat is k\u00f6z\u00f6sen dolgoztuk ki. \u00c9n nem csin\u00e1ltam m\u00e1st, mint azon az \u00faton mentem tov\u00e1bb, amit \u0151 elind\u00edtott. Az lehet, hogy amikor az eln\u00f6kl\u00e9st \u00e1tvettem t\u0151le, kiss\u00e9 m\u00e1r m\u00e1s volt a H\u00e1z hangulata,<\/p>\n<p>\u00e9s ez okozhatott olyan benyom\u00e1st, hogy \u00e9n egy kicsit szigor\u00fabb vagyok.<\/p>\n<p>Val\u00f3ban elk\u00f6telezett vagyok abban, hogy a H\u00e1zban \u00e9rdemi munka folyjon, \u00e9s nem szabad teret engedni oda nem ill\u0151 viselked\u00e9snek, felsz\u00f3lal\u00e1snak, tartalmatlan szem\u00e9lyesked\u00e9snek.<\/p>\n<p><img decoding=\"async\" src=\"https:\/\/www.europesays.com\/hu\/wp-content\/uploads\/2026\/09\/1788560963-temp-epc4tjslc1go8gamjhc_cikktorzs:xl.jpg\"  loading=\"lazy\" alt=\"Fot\u00f3: B\u0151dey J\u00e1nos \/ Telex\" class=\"placeholder_\"\/><\/p>\n<p>Fot\u00f3: B\u0151dey J\u00e1nos \/ Telex<\/p>\n<p>Van egy nagyon r\u00e9szletesen kidolgozott H\u00e1zszab\u00e1lyunk, ami azonban nem felt\u00e9tlen\u00fcl erre a dinamikus politiz\u00e1l\u00e1sra \u00edr\u00f3dott, val\u00f3sz\u00edn\u0171leg n\u00e9h\u00e1ny ponton korrig\u00e1lnunk is kell majd. Ugyanakkor a szem\u00e9lyes \u00e9rintetts\u00e9g egy nagyon r\u00e9gi jogint\u00e9zm\u00e9ny: ha valakit szem\u00e9ly\u00e9ben s\u00e9rtenek meg, fontos, hogy reag\u00e1lhasson r\u00e1. A politikusoknak ugyan nagyobb a t\u0171r\u00e9si k\u00f6telezetts\u00e9ge, \u00e9s ebbe sok minden beletartozik, de mindent az\u00e9rt nem kell elviselni.<\/p>\n<p>A szem\u00e9lyes megt\u00e1madtat\u00e1s jogc\u00edm\u00e9n felsz\u00f3lal\u00f3 azonban szigor\u00faan a s\u00e9rt\u00e9sre szor\u00edtkozhat. Ez egy sz\u0171k keretrendszer, amib\u0151l term\u00e9szetesen mindenki pr\u00f3b\u00e1l kit\u00e1ncolni, az ellenz\u00e9ki oldal is igyekszik minden lehet\u0151s\u00e9get megragadni a megsz\u00f3lal\u00e1sra. Nem \u00e1ll\u00edtom, hogy levezet\u0151 eln\u00f6kk\u00e9nt k\u00f6nny\u0171 hat\u00e1rok k\u00f6z\u00f6tt tartani ezeket, de \u00e9n akkor is az int\u00e9zm\u00e9ny meg\u0151rz\u00e9se mellett \u00e1llok. Csak j\u00f3l kell alkalmazni, amibe az is beletartozik, hogy ha valaki nem megfelel\u0151en haszn\u00e1lja, meg kell vonni t\u0151le a sz\u00f3t.<\/p>\n<p>Igen, nem is egyszer.<\/p>\n<p>Az\u00e9rt nem mindig.<\/p>\n<p>Nem, nem. S\u0151t, volt hogy m\u00e9g a plen\u00e1ris \u00fcl\u00e9steremben \u00e1t\u00f6lelt \u00e9s megpuszilt, \u00e9n pedig jeleztem neki, hogy m\u00e9g egy ilyen, \u00e9s szankci\u00f3k lesznek. De a minisztereln\u00f6k \u00far bel\u00e1tja \u00e9s elfogadja azt, hogy a szab\u00e1lyok mindenkire \u00e9rv\u00e9nyesek, \u00e9s ebb\u0151l nincs kit\u00e1ncol\u00e1s. Megjegyzem, a legut\u00f3bbi szem\u00e9lyes \u00e9rintetts\u00e9g cs\u00f6rte t\u00e9nyleg m\u00e9lyen megal\u00e1z\u00f3 \u00e9s m\u00e9ltatlan volt: ha valakit a <a href=\"https:\/\/telex.hu\/belfold\/2026\/08\/27\/magyar-peter-a-fidesznek-nem-fogom-elturni-hogy-barmelyik-bunozo-meg-egyszer-a-kiskoru-gyermekeimet-a-szajara-vegye\" class=\"\" rel=\"nofollow noopener\" target=\"_blank\">gyerekeivel t\u00e1madnak<\/a>, emberileg t\u00f6k\u00e9letesen \u00e9rthet\u0151, ha indulatba j\u00f6n.<\/p>\n<p>Ezt nem tudom, csak egy-k\u00e9t ilyen p\u00e1rbesz\u00e9dnek voltam f\u00fcltan\u00faja. De amikor p\u00e9ld\u00e1ul Forsthoffer eln\u00f6kasszonnyal \u00e9s velem besz\u00e9lt Magyar P\u00e9ter, a sajt\u00f3 eg\u00e9szen m\u00e1st felt\u00e9telezett, mint ami val\u00f3j\u00e1ban elhangzott. Vagy volt, amikor odaj\u00f6tt hozz\u00e1m, \u00e9s mosolyogva azt mondta, tudja, hogy most rosszul viselkedett. Nem kell ezeknek a p\u00e1rbesz\u00e9deknek k\u00fcl\u00f6n\u00f6sebb jelent\u0151s\u00e9get tulajdon\u00edtani. Ezekben a r\u00f6vid sz\u00fcnetekben sokszor ink\u00e1bb egy folyamatban l\u00e9v\u0151 \u00fcgyben igyeksz\u00fcnk elkapni egy minisztert vagy \u00e1llamtitk\u00e1rt egy egyeztet\u00e9sre.<\/p>\n<p>Fontos, hogy Unger Anna megszavaz\u00e1s\u00e1\u00e9rt a szakbizotts\u00e1g volt a felel\u0151s, amely a frakci\u00f3nak besz\u00e1molt a kiv\u00e1laszt\u00e1si folyamatr\u00f3l, a szempontrendszerr\u0151l, a d\u00f6nt\u00e9s\u00fcnk m\u00f6g\u00f6tteseir\u0151l \u2013 ezt a d\u00f6nt\u00e9st fogadta el k\u00e9s\u0151bb a frakci\u00f3. A jogszab\u00e1lyok megszavaz\u00e1sokn\u00e1l az is \u00e1rnyalja a k\u00e9pet, hogy nagyon sok k\u00e9tharmados d\u00f6nt\u00e9s\u00fcnk volt eddig, amib\u0151l val\u00f3ban azt l\u00e1thatja a k\u00f6zv\u00e9lem\u00e9ny, hogy szinte mindenki egy\u00f6ntet\u0171en szavaz. A k\u00e9tharmados t\u00f6rv\u00e9nyekn\u00e9l viszont ez nyilv\u00e1nval\u00f3. Azt biztosan mondhatom, hogy a szavaz\u00e1sainkat nem fel\u00fclr\u0151l ir\u00e1ny\u00edtott frakci\u00f3fegyelem tartja \u00f6ssze, hanem az, hogy az alapvet\u0151 k\u00e9rd\u00e9sekben, a Tisza f\u0151bb v\u00e1llal\u00e1saiban egy ir\u00e1nyba haladunk. A szem\u00e9lyi k\u00e9rd\u00e9sek kicsit m\u00e1sk\u00e9ppen m\u0171k\u00f6dnek, az szubjekt\u00edvebb dolog, l\u00e1sd Mell\u00e9thei-Barna M\u00e1rton k\u00fcl\u00f6nv\u00e9lem\u00e9ny\u00e9t.<\/p>\n<p>Err\u0151l r\u00e9szleteiben nem besz\u00e9lhetek, de mivel itt nem direkt politiz\u00e1l\u00e1s zajlik, hanem konkr\u00e9tabb, a H\u00e1z m\u0171k\u00f6d\u00e9s\u00e9vel kapcsolatos gyakorlati k\u00e9rd\u00e9seket vitatunk meg, kicsit m\u00e1s az ellenz\u00e9ki frakci\u00f3 hozz\u00e1\u00e1ll\u00e1sa.<\/p>\n<p>Nem minden esetben, \u00e9s ilyenkor eln\u00f6ki jogk\u00f6rben kell megoldani bizonyos k\u00e9rd\u00e9seket. De van, amikor konszenzus van.<\/p>\n<p>A jelenlegi plen\u00e1ris \u00fcl\u00e9srend \u00e9s a poz\u00edci\u00f3im miatt h\u00e9tf\u0151t\u0151l cs\u00fct\u00f6rt\u00f6kig Budapesten dolgozom, amit nagyon intenz\u00edven t\u00f6lt\u00f6k, \u00e9s p\u00e9ntekenk\u00e9nt tudok hazamenni. Ez adja a teljes v\u00e1laszt\u00f3ker\u00fcleti napom, plusz a h\u00e9tv\u00e9ge, mert h\u00e9tv\u00e9g\u00e9n is dolgozom.<\/p>\n<p><img decoding=\"async\" src=\"https:\/\/www.europesays.com\/hu\/wp-content\/uploads\/2026\/09\/1788560871-temp-p66grj88kp4ndekdkka_cikktorzs:xl.jpg\"  loading=\"lazy\" alt=\"Fot\u00f3: B\u0151dey J\u00e1nos \/ Telex\" class=\"placeholder_\"\/><\/p>\n<p>Fot\u00f3: B\u0151dey J\u00e1nos \/ Telex<\/p>\n<p>Jelenleg, \u00e9ppen az aleln\u00f6ki poz\u00edci\u00f3b\u00f3l fakad\u00f3an, pr\u00f3b\u00e1ljuk a diplom\u00e1ciai kapcsolatokat \u00fajra\u00e9p\u00edteni az osztr\u00e1k partnerekkel, ami sajnos borzaszt\u00f3an befagyott az ut\u00f3bbi id\u0151ben. A kishat\u00e1r-menti bel\u00e9p\u00e9si probl\u00e9m\u00e1k \u00e9s az ing\u00e1z\u00f3k helyzete mindenkit \u00e9rint\u0151 k\u00e9rd\u00e9sek, amiket igyeksz\u00fcnk megoldani. Az infrastrukt\u00fara viszont v\u00e1rosi probl\u00e9ma, ami nehezebb \u00fcgy, mert a fideszes v\u00e1rosvezet\u00e9s eg\u00e9szen m\u00e1s szeml\u00e9lettel \u00e1ll a telep\u00fcl\u00e9shez, mint ahogyan azt mi szeretn\u00e9nk. Vel\u00fck nehezebb egy\u00fcttm\u0171k\u00f6dni, s\u0151t bizonyos k\u00e9rd\u00e9sekben nem, hogy egy\u00fcttm\u0171k\u00f6dni nem tudunk, de nagyon egym\u00e1s ellen mennek a dolgok, sajnos. (A <a href=\"https:\/\/telex.hu\/belfold\/2026\/08\/18\/soproni-szinhaz-uj-atemneti-igazgato-meszaros-tibor-farkas-ciprian\" class=\"\" rel=\"nofollow noopener\" target=\"_blank\">Soproni Pet\u0151fi Sz\u00ednh\u00e1z \u00fcgy\u00e9r\u0151l<\/a> \u00e9s Hallern\u00e9 Nagy Anik\u00f3 ezzel kapcsolatos v\u00e1laszair\u00f3l egy k\u00fcl\u00f6n cikkben sz\u00e1molunk majd be.)<\/p>\n<p>Bevallom, \u00e9n nem tapasztaltam olyat, hogy kifejezetten a n\u0151is\u00e9gemmel kapcsolatban t\u00e1madtak volna \u2013 az \u00e9letkoromn\u00e1l fogva ez a probl\u00e9ma n\u00e1lam m\u00e1r \u00e1rnyaltabb. Az persze term\u00e9szetes, hogy a frizur\u00e1nkba vagy az \u00f6lt\u00f6z\u00e9k\u00fcnkbe belek\u00f6tnek, \u00e9s ezek miatt jobban sz\u00e9tszednek minket, mint egy f\u00e9rfi politikust.<\/p>\n<p>Magyar P\u00e9ter eml\u00edtett kisz\u00f3l\u00e1sa val\u00f3ban kicsit szerencs\u00e9tlen volt, b\u00e1r hozz\u00e1teszem, az \u00e9n olvasatomban ez egy klasszikus sz\u00f3l\u00e1s, ami m\u00f6g\u00f6tt nem felt\u00e9tlen\u00fcl kell szexizmust l\u00e1tni. Ann\u00e1l is ink\u00e1bb, mert a mi politikai k\u00f6z\u00f6ss\u00e9g\u00fcnkben t\u00e9nyleg azt \u00e9rezz\u00fck, hogy a n\u0151i politikusokat a legnagyobb tisztelet \u00e9s megbecs\u00fcl\u00e9s \u00f6vezi, amivel a f\u00e9rfi k\u00e9pvisel\u0151t\u00e1rsak azt is elismerik, ez a szerep mennyivel nehezebb a n\u0151i politikusoknak. Ez az egyik komoly v\u00e1ltoz\u00e1s az el\u0151z\u0151 \u00e9r\u00e1hoz k\u00e9pest: Magyar P\u00e9ter nem v\u00e9letlen\u00fcl gy\u0171jt maga k\u00f6r\u00e9 ennyi tehets\u00e9ges \u00e9s b\u00e1tor n\u0151t.<\/p>\n<p>Amikor ebbe a poz\u00edci\u00f3ba ker\u00fcltem, a koll\u00e9g\u00e1immal pr\u00f3b\u00e1ltunk megtal\u00e1lni a saj\u00e1t hangomat. \u00c9s mivel az Orsz\u00e1ggy\u0171l\u00e9s aleln\u00f6kek\u00e9nt nagyobb a felel\u0151ss\u00e9gem, mint egy egy\u00e9ni k\u00e9pvisel\u0151nek \u00e9s jog\u00e1sz is vagyok, \u00fagy \u00e9reztem, k\u00f6teless\u00e9gem az eduk\u00e1ci\u00f3. A visszajelz\u00e9sek nagyon pozit\u00edvak, m\u00e1r csak az\u00e9rt is, mert \u00f3ri\u00e1si az \u00e9rdekl\u0151d\u00e9s a parlament m\u0171k\u00f6d\u00e9se ir\u00e1nt, mik\u00f6zben nagyon kev\u00e9s a tud\u00e1s r\u00f3la.<\/p>\n","protected":false},"excerpt":{"rendered":"S\u0171r\u0171 h\u00f3napja volt ideiglenes h\u00e1zeln\u00f6kk\u00e9nt Hallern\u00e9 Nagy Anik\u00f3nak, mik\u00f6zben az Igazs\u00e1g\u00fcgyi \u00e9s Alkotm\u00e1ny\u00fcgyi Bizotts\u00e1g tagjak\u00e9nt \u0151 is r\u00e9szt&hellip;\n","protected":false},"author":2,"featured_media":234588,"comment_status":"","ping_status":"","sticky":false,"template":"","format":"standard","meta":{"footnotes":"","_share_on_mastodon":"0"},"categories":[6],"tags":[80,8070,51549,44,42,40,101,43,944,41,45358,2307,2670,58946],"class_list":["post-234587","post","type-post","status-publish","format-standard","has-post-thumbnail","category-magyarorszag","tag-belfold","tag-forsthoffer-agnes","tag-hallerne-nagy-aniko","tag-hu","tag-hungarian","tag-hungary","tag-interju","tag-magyar","tag-magyar-peter","tag-magyarorszag","tag-nvvh","tag-orszaggyules","tag-tisza","tag-unger-anna"],"share_on_mastodon":{"url":"https:\/\/pubeurope.com\/@hu\/117222609676212987","error":""},"_links":{"self":[{"href":"https:\/\/www.europesays.com\/hu\/wp-json\/wp\/v2\/posts\/234587","targetHints":{"allow":["GET"]}}],"collection":[{"href":"https:\/\/www.europesays.com\/hu\/wp-json\/wp\/v2\/posts"}],"about":[{"href":"https:\/\/www.europesays.com\/hu\/wp-json\/wp\/v2\/types\/post"}],"author":[{"embeddable":true,"href":"https:\/\/www.europesays.com\/hu\/wp-json\/wp\/v2\/users\/2"}],"replies":[{"embeddable":true,"href":"https:\/\/www.europesays.com\/hu\/wp-json\/wp\/v2\/comments?post=234587"}],"version-history":[{"count":0,"href":"https:\/\/www.europesays.com\/hu\/wp-json\/wp\/v2\/posts\/234587\/revisions"}],"wp:featuredmedia":[{"embeddable":true,"href":"https:\/\/www.europesays.com\/hu\/wp-json\/wp\/v2\/media\/234588"}],"wp:attachment":[{"href":"https:\/\/www.europesays.com\/hu\/wp-json\/wp\/v2\/media?parent=234587"}],"wp:term":[{"taxonomy":"category","embeddable":true,"href":"https:\/\/www.europesays.com\/hu\/wp-json\/wp\/v2\/categories?post=234587"},{"taxonomy":"post_tag","embeddable":true,"href":"https:\/\/www.europesays.com\/hu\/wp-json\/wp\/v2\/tags?post=234587"}],"curies":[{"name":"wp","href":"https:\/\/api.w.org\/{rel}","templated":true}]}}