{"id":234613,"date":"2026-09-06T06:40:06","date_gmt":"2026-09-06T06:40:06","guid":{"rendered":"https:\/\/www.europesays.com\/hu\/234613\/"},"modified":"2026-09-06T06:40:06","modified_gmt":"2026-09-06T06:40:06","slug":"igy-bulizott-majkara-jakupcsek-gabi","status":"publish","type":"post","link":"https:\/\/www.europesays.com\/hu\/234613\/","title":{"rendered":"\u00cdgy bulizott Majk\u00e1ra Jakupcsek Gabi"},"content":{"rendered":"<p>Jakupcsek Gabriella remek p\u00e9lda arra, hogy bizony nemcsak a h\u00fasz\u00e9vesek\u00e9 a vil\u00e1g. Hogy mennyire vag\u00e1ny n\u0151, arr\u00f3l a h\u00e9tk\u00f6znap est\u00e9nk\u00e9nt <a target=\"_blank\" rel=\"noopener noreferrer nofollow\" href=\"https:\/\/www.rtlplusz.hu\/most-wanted-a-hajsza-p_27611\">a Most Wanted &#8211; A hajsza<\/a> (melynek epiz\u00f3djai visszan\u00e9zhet\u0151ek az RTL+ Premium fel\u00fclet\u00e9n) n\u00e9z\u0151i is megbizonyosodhatnak, hiszen <a href=\"https:\/\/rtl.hu\/most-wanted-a-hajsza\/2026\/08\/14\/jakupcsek-gabriella-svaby-andras-vedobeszed\" rel=\"nofollow noopener\" target=\"_blank\">a m\u0171sorvezet\u0151 Sv\u00e1by Andr\u00e1ssal \u00e9s annak kuty\u00e1j\u00e1val, Karcsik\u00e1val<\/a> menek\u00fcl Sebesty\u00e9n Bal\u00e1zs\u00e9k el\u0151l.\u00a0<\/p>\n<p>\u00c1m <a href=\"https:\/\/rtl.hu\/reggeli\" rel=\"nofollow noopener\" target=\"_blank\">a Reggeli<\/a> h\u00e1ziasszonya nemcsak a kamer\u00e1k el\u0151tt, hanem azon k\u00edv\u00fcl is fiatalos lend\u00fclettel b\u00edr. T\u00f6bbsz\u00f6r mes\u00e9lt m\u00e1r arr\u00f3l, hogy im\u00e1d sz\u00f3rakozni, \u00e9s b\u00e1rhol, b\u00e1rmikor sz\u00edvesen t\u00e1ncra is perd\u00fcl. Leg\u00fajabb vide\u00f3j\u00e1ban ezt meg is mutatta: 17 \u00e9ves l\u00e1ny\u00e1val, Emm\u00e1val ugyanis Majka koncerten j\u00e1rtak.\u00a0<\/p>\n<p>Anya-l\u00e1nya program: Majka koncert a Zam\u00e1rdi STRAND Fesztiv\u00e1lon<\/p>\n<p>&#8211; \u00edrta a vide\u00f3hoz Gabi, aki legkisebb gyermek\u00e9vel r\u00e9szt vett az augusztus v\u00e9gi STRAND Fesztiv\u00e1lon, melyr\u0151l most posztolt. A vide\u00f3n pedig j\u00f3l l\u00e1tszik, hogy Gabi egy\u00e1ltal\u00e1n nem zavartatja mag\u00e1t: \u00f6nfeledten tombol a rapper dalaira l\u00e1ny\u00e1val egy\u00fctt.\u00a0<\/p>\n","protected":false},"excerpt":{"rendered":"Jakupcsek Gabriella remek p\u00e9lda arra, hogy bizony nemcsak a h\u00fasz\u00e9vesek\u00e9 a vil\u00e1g. Hogy mennyire vag\u00e1ny n\u0151, arr\u00f3l a&hellip;\n","protected":false},"author":2,"featured_media":234614,"comment_status":"","ping_status":"","sticky":false,"template":"","format":"standard","meta":{"footnotes":"","_share_on_mastodon":"0"},"categories":[21],"tags":[2902,198,1035,137,199,44,42,40,57134,213,43,4890,1230,41,2260,61719,1032,19915,138,1657,61720,1064],"class_list":["post-234613","post","type-post","status-publish","format-standard","has-post-thumbnail","category-hiressegek","tag-bulvar","tag-celebrities","tag-eletmod","tag-entertainment","tag-hiressegek","tag-hu","tag-hungarian","tag-hungary","tag-jakupcsek-gabi","tag-koncert","tag-magyar","tag-magyar-celebek","tag-magyar-sztarok","tag-magyarorszag","tag-majka","tag-majka-koncert","tag-rtl-hiressegek","tag-strand-fesztival","tag-szorakozas","tag-tanc","tag-tombolt","tag-video"],"share_on_mastodon":{"url":"https:\/\/pubeurope.com\/@hu\/117222730787420802","error":""},"_links":{"self":[{"href":"https:\/\/www.europesays.com\/hu\/wp-json\/wp\/v2\/posts\/234613","targetHints":{"allow":["GET"]}}],"collection":[{"href":"https:\/\/www.europesays.com\/hu\/wp-json\/wp\/v2\/posts"}],"about":[{"href":"https:\/\/www.europesays.com\/hu\/wp-json\/wp\/v2\/types\/post"}],"author":[{"embeddable":true,"href":"https:\/\/www.europesays.com\/hu\/wp-json\/wp\/v2\/users\/2"}],"replies":[{"embeddable":true,"href":"https:\/\/www.europesays.com\/hu\/wp-json\/wp\/v2\/comments?post=234613"}],"version-history":[{"count":0,"href":"https:\/\/www.europesays.com\/hu\/wp-json\/wp\/v2\/posts\/234613\/revisions"}],"wp:featuredmedia":[{"embeddable":true,"href":"https:\/\/www.europesays.com\/hu\/wp-json\/wp\/v2\/media\/234614"}],"wp:attachment":[{"href":"https:\/\/www.europesays.com\/hu\/wp-json\/wp\/v2\/media?parent=234613"}],"wp:term":[{"taxonomy":"category","embeddable":true,"href":"https:\/\/www.europesays.com\/hu\/wp-json\/wp\/v2\/categories?post=234613"},{"taxonomy":"post_tag","embeddable":true,"href":"https:\/\/www.europesays.com\/hu\/wp-json\/wp\/v2\/tags?post=234613"}],"curies":[{"name":"wp","href":"https:\/\/api.w.org\/{rel}","templated":true}]}}