{"id":234705,"date":"2026-09-06T08:29:11","date_gmt":"2026-09-06T08:29:11","guid":{"rendered":"https:\/\/www.europesays.com\/hu\/234705\/"},"modified":"2026-09-06T08:29:11","modified_gmt":"2026-09-06T08:29:11","slug":"index-futball-futball-1185","status":"publish","type":"post","link":"https:\/\/www.europesays.com\/hu\/234705\/","title":{"rendered":"Index &#8211; Futball &#8211; Futball"},"content":{"rendered":"<p>A DAC\u2013Slovan rangad\u00f3kat mindig par\u00e1zs hangulat k\u00eds\u00e9ri a lel\u00e1t\u00f3n, ezt nem egyszer\u0171 meccsk\u00e9nt \u00e9lik meg a szurkol\u00f3k, hanem <a href=\"https:\/\/index.hu\/sport\/2026\/02\/08\/szlovakia-felvidek-dunaszerdahely-dac-slovan\/\" id=\"hyperlink_3df024c53ac11fef61f7292c1ee148f8\" target=\"_self\" title=\"Kilencezer torokb\u00f3l sz\u00f3lt a himnusz a szlov\u00e1k bajnokin: magyargy\u0171l\u00f6let \u00e9s botr\u00e1ny a DAC\u2013Slovanon\" data-recommendation=\"bekezdes_utan\" data-recommendation-preview=\"{&quot;og:title&quot;:&quot;Kilencezer torokb\u00f3l sz\u00f3lt a himnusz a szlov\u00e1k bajnokin: magyargy\\u0171l\u00f6let \u00e9s botr\u00e1ny a DAC\u2013Slovanon&quot;,&quot;og:description&quot;:&quot;Minden magyar bakancslist\u00e1j\u00e1n ott kell hogy legyen.&quot;,&quot;og:image&quot;:&quot;\\\/\\\/kep.cdn.indexvas.hu\\\/1\\\/0\\\/6747\\\/67476\\\/674768\\\/67476827_4982085_fda7641a6aafd7f6784233809ab42d30_wm.jpg&quot;}\" data-recommendation-id=\"6157915\" rel=\"nofollow noopener\">magyar\u2013szlov\u00e1k csatak\u00e9nt is.\u00a0<\/a><\/p>\n<p>Az el\u0151z\u0151 id\u00e9nyben a dunaszerdahelyiek n\u00e9gyszer kikaptak a bajnoks\u00e1gban a pozsonyiakt\u00f3l, \u00edgy nem csoda, hogy a hazai drukkerek m\u00e1r \u00fagy tekintettek a nagy riv\u00e1lisra, mint H\u00f3kuszp\u00f3k a t\u00f6rp\u00f6kre: \u00fcld\u00f6zik ugyan \u0151ket, \u00e1tmenetileg tal\u00e1n fel\u00fcl is kerekednek, de a v\u00e9g\u00e9n mindig a hupik\u00e9kek \u00f6r\u00fclnek.<\/p>\n<p>Valami hasonl\u00f3t \u00e9lhettek \u00e1t a csall\u00f3k\u00f6zi szurkol\u00f3k is a legut\u00f3bbi szezonban, ezt az \u00e9rz\u00e9st pedig most egy rendk\u00edv\u00fcl szellemes drap\u00e9ri\u00e1n is meg\u00f6r\u00f6k\u00edtett\u00e9k: a k\u00e9k-s\u00e1rga s\u00e1las H\u00f3kuszp\u00f3k k\u00e9t Slovan-c\u00edmeres t\u00f6rp\u00f6t tart a karmai k\u00f6z\u00f6tt, azzal a felirattal, hogy \u201eFolyton ezek az \u00e1tkozott t\u00f6rp\u00f6k&#8221;.<\/p>\n<p>A performansz azt\u00e1n t\u00f6k\u00e9letesen s\u00fclt el, mert ez\u00fattal az t\u00f6rt\u00e9nt, ami a mes\u00e9ben soha: H\u00f3kuszp\u00f3k legy\u0151zte a hupik\u00e9k t\u00f6rpik\u00e9ket, vagyis <a href=\"https:\/\/www.dac1904.sk\/hu\/clanek.asp?id=Beszamolo-DAC-1904-Slovan-2-0-0-0-12657\" id=\"hyperlink_99aded61313a650236e5e980e0cee94a\" rel=\"nofollow noopener\" target=\"_blank\">a Dunaszerdahely a Slovant.<\/a><\/p>\n<p>R\u00e1ad\u00e1sul a DAC a 7. fordul\u00f3 ut\u00e1n, egy m\u00e9rk\u0151z\u00e9ssel kevesebbet j\u00e1tszva, vezeti a szlov\u00e1k bajnoks\u00e1got.<\/p>\n<p>\n                          (Bor\u00edt\u00f3k\u00e9p:\u00a0dac1904.sk \/ Fekete N\u00e1ndor)\u00a0\n                        <\/p>\n<p><a href=\"https:\/\/dex.hu\/x.php?id=googlepref_desktop&amp;url=https:\/\/google.com\/preferences\/source?q=https:\/\/index.hu\" class=\"google-pref-banner \" id=\"googlePrefBanner\" rel=\"nofollow noopener\" target=\"_blank\"><\/p>\n<p>    Itt \u00e1ll\u00edtsa be, hogy az Index az els\u0151k k\u00f6z\u00f6tt legyen a Google-tal\u00e1latokban!<\/p>\n<p><\/a><\/p>\n<p>                <a href=\"https:\/\/konyvek.index.hu\/\" target=\"_blank\" rel=\"nofollow noopener\"><br \/>\n                <img decoding=\"async\" src=\"https:\/\/index.hu\/assets\/images\/konyvajanlo\/book_indapress\/book_indapress_logo.svg\" loading=\"lazy\" alt=\"Inda Press Kiad\u00f3\"\/><br \/>\n                <\/a><\/p>\n<p>                <img decoding=\"async\" src=\"https:\/\/www.europesays.com\/hu\/wp-content\/uploads\/2026\/09\/1788683349_590_rossi.png\" loading=\"lazy\" alt=\"Rossi\"\/><\/p>\n<p>Ismerd meg a magyar labdar\u00fag\u00e1s h\u0151s\u00e9nek eml\u00e9kezetes pillanatait!<br \/>Folytassa, Mister!<\/p>\n<p>                <a class=\"book_index_btn\" href=\"https:\/\/indexadhu.hit.gemius.pl\/hitredir\/id=nSCbubuYpDWJZLZs0TssLrbt33Lk5kbipuiZrkg89G3.g7\/stparam=uciklwjurk\/fastid=efdamtuhsxcjschvtzobuxredglq\/nc=0\/url=https:\/\/www.indapresskiado.hu\/products\/marco-rossi?_pos=1&amp;_psq=rossi&amp;_ss=e&amp;_v=1.0\" target=\"_blank\" rel=\"nofollow noopener\">MEGVESZEM<\/a><\/p>\n<p>    <img loading=\"lazy\" decoding=\"async\" src=\"https:\/\/www.europesays.com\/hu\/wp-content\/uploads\/2026\/09\/1788683351_705_nc=0.gif\" border=\"0\" height=\"0\" width=\"0\"\/><\/p>\n<p>    <img decoding=\"async\" src=\"https:\/\/index.hu\/assets\/images\/social-follow\/logo-big.svg\" alt=\"Index.hu logo\"\/><\/p>\n<p>K\u00f6vesse az Indexet Facebookon is!<\/p>\n<p>    <a href=\"https:\/\/facebook.com\/Indexhu\" target=\"_blank\" rel=\"nofollow noopener\"><\/p>\n<p>        K\u00f6vetem!<br \/>\n    <\/a><\/p>\n","protected":false},"excerpt":{"rendered":"A DAC\u2013Slovan rangad\u00f3kat mindig par\u00e1zs hangulat k\u00eds\u00e9ri a lel\u00e1t\u00f3n, ezt nem egyszer\u0171 meccsk\u00e9nt \u00e9lik meg a szurkol\u00f3k, hanem&hellip;\n","protected":false},"author":2,"featured_media":234706,"comment_status":"","ping_status":"","sticky":false,"template":"","format":"standard","meta":{"footnotes":"","_share_on_mastodon":"0"},"categories":[14],"tags":[21970,2317,11218,61741,44,42,40,43,41,21971,45,131,1050],"class_list":["post-234705","post","type-post","status-publish","format-standard","has-post-thumbnail","category-sport","tag-dac","tag-dunaszerdahely","tag-felvidek","tag-hokuszpok","tag-hu","tag-hungarian","tag-hungary","tag-magyar","tag-magyarorszag","tag-slovan-bratislava","tag-sport","tag-sports","tag-szlovakia"],"share_on_mastodon":{"url":"https:\/\/pubeurope.com\/@hu\/117223159457693020","error":""},"_links":{"self":[{"href":"https:\/\/www.europesays.com\/hu\/wp-json\/wp\/v2\/posts\/234705","targetHints":{"allow":["GET"]}}],"collection":[{"href":"https:\/\/www.europesays.com\/hu\/wp-json\/wp\/v2\/posts"}],"about":[{"href":"https:\/\/www.europesays.com\/hu\/wp-json\/wp\/v2\/types\/post"}],"author":[{"embeddable":true,"href":"https:\/\/www.europesays.com\/hu\/wp-json\/wp\/v2\/users\/2"}],"replies":[{"embeddable":true,"href":"https:\/\/www.europesays.com\/hu\/wp-json\/wp\/v2\/comments?post=234705"}],"version-history":[{"count":0,"href":"https:\/\/www.europesays.com\/hu\/wp-json\/wp\/v2\/posts\/234705\/revisions"}],"wp:featuredmedia":[{"embeddable":true,"href":"https:\/\/www.europesays.com\/hu\/wp-json\/wp\/v2\/media\/234706"}],"wp:attachment":[{"href":"https:\/\/www.europesays.com\/hu\/wp-json\/wp\/v2\/media?parent=234705"}],"wp:term":[{"taxonomy":"category","embeddable":true,"href":"https:\/\/www.europesays.com\/hu\/wp-json\/wp\/v2\/categories?post=234705"},{"taxonomy":"post_tag","embeddable":true,"href":"https:\/\/www.europesays.com\/hu\/wp-json\/wp\/v2\/tags?post=234705"}],"curies":[{"name":"wp","href":"https:\/\/api.w.org\/{rel}","templated":true}]}}