{"id":234719,"date":"2026-09-06T08:40:12","date_gmt":"2026-09-06T08:40:12","guid":{"rendered":"https:\/\/www.europesays.com\/hu\/234719\/"},"modified":"2026-09-06T08:40:12","modified_gmt":"2026-09-06T08:40:12","slug":"retro-radio-kilencmeteres-freddie-mercury-alkotassal-emlekeznek-az-enekes-80-szuletesnapjara-a-wembley-parkban","status":"publish","type":"post","link":"https:\/\/www.europesays.com\/hu\/234719\/","title":{"rendered":"Retro R\u00e1di\u00f3 | Kilencm\u00e9teres Freddie Mercury-alkot\u00e1ssal eml\u00e9keznek az \u00e9nekes 80. sz\u00fclet\u00e9snapj\u00e1ra a Wembley Parkban"},"content":{"rendered":"<p>A \u201eI\u2019m Mr. Mercury\u201d c\u00edm\u0171 alkot\u00e1s k\u00fcl\u00f6nlegess\u00e9ge, hogy anamor\u00adfikus technik\u00e1val k\u00e9sz\u00fclt: a teljes k\u00e9p kiz\u00e1r\u00f3lag egy, mintegy h\u00fasz m\u00e9terre kijel\u00f6lt pontr\u00f3l rajzol\u00f3dik ki. A m\u0171 b\u00e1rmely m\u00e1s n\u00e9z\u0151pontb\u00f3l csup\u00e1n sz\u00ednek \u00e9s vonalak \u00f6sszess\u00e9g\u00e9nek t\u0171nik.<\/p>\n<p>                    \t<img decoding=\"async\" src=\"https:\/\/www.europesays.com\/hu\/wp-content\/uploads\/2026\/09\/Freddie_lepcso_foto_Frank-Styles-e1788599272431.webp\"\/><\/p>\n<p class=\"isSelectedEnd\">A monument\u00e1lis rajzot Frank Styles street art m\u0171v\u00e9sz k\u00e9sz\u00edtette, aki a Wembley Park komplexum spanyol l\u00e9pcs\u0151sor\u00e1nak mind az 58 fok\u00e1t felhaszn\u00e1lta a kompoz\u00edci\u00f3 megalkot\u00e1s\u00e1hoz.<\/p>\n<p class=\"isSelectedEnd\">Freddie Mercury 1946. szeptember 5-\u00e9n sz\u00fcletett, \u00e9s a Queen tagjak\u00e9nt sz\u00e1mos alkalommal l\u00e9pett fel a Wembleyben.<\/p>\n<p class=\"isSelectedEnd\">Az egy\u00fcttes 1978 \u00e9s 1984 k\u00f6z\u00f6tt t\u00edz koncertet adott a helysz\u00ednen, amelyet kor\u00e1bban Empire Pool n\u00e9ven ismertek. A Queen 1985 j\u00falius\u00e1ban a Wembley Stadionban megrendezett Live Aid j\u00f3t\u00e9konys\u00e1gi koncerten is fell\u00e9pett, majd a k\u00f6vetkez\u0151 ny\u00e1ron k\u00e9t teljesen telt h\u00e1zas koncert erej\u00e9ig t\u00e9rt vissza a stadionba.<\/p>\n<p class=\"isSelectedEnd\">A falfestm\u00e9ny Mercury sz\u00ednpadon k\u00edv\u00fcli \u00e9let\u00e9re is utal. A koi pontyok az \u00e9nekes Jap\u00e1n ir\u00e1nti rajong\u00e1s\u00e1t, valamint londoni otthona jap\u00e1nkertj\u00e9nek tav\u00e1t id\u00e9zik meg. A sz\u00e1rnyas n\u0151alakok pedig Mercury csillagjegy\u00e9re, a Sz\u0171zre utalnak \u2013 ez a mot\u00edvum a Queen c\u00edmer\u00e9ben is megjelenik, amelyet maga az \u00e9nekes tervezett.<\/p>\n<p class=\"isSelectedEnd\">A Queen dalok sz\u00f6vegr\u00e9szletei \u00e9s m\u00e1s Freddie-id\u00e9zetek a stadion fel\u00e9 vezet\u0151 l\u00e9pcs\u0151k\u00f6n felfel\u00e9 haladva bontakoznak ki.<\/p>\n<p class=\"isSelectedEnd\">A Wembley Park sz\u00e1m\u00e1ra az alkot\u00e1st megrendel\u0151 \u00e9s kur\u00e1tork\u00e9nt gondoz\u00f3 Claudio Giambrone szerint Mercury \u00e9s a helysz\u00edn kapcsolata j\u00f3val t\u00falmutat egyetlen legend\u00e1s fell\u00e9p\u00e9sen.<\/p>\n<p class=\"isSelectedEnd\">\u201eFreddie Mercury kapcsolata a Wembleyvel sokkal t\u00f6bbr\u0151l sz\u00f3l, mint egy h\u00edres fell\u00e9p\u00e9s. Olyasmit szerett\u00fcnk volna l\u00e9trehozni, ami \u00faj helyet biztos\u00edt a rajong\u00f3knak a Wembleyben, ahol \u00f6sszegy\u0171lhetnek \u00e9s megeml\u00e9kezhetnek r\u00f3la\u201d \u2013 mondta.<\/p>\n<p class=\"isSelectedEnd\">Frank Styles hozz\u00e1tette: \u201eGrafikai tervez\u00e9st tanult emberk\u00e9nt Freddie rendk\u00edv\u00fcl tudatos \u00e9s prec\u00edz volt a vizu\u00e1lis megjelen\u00e9st illet\u0151en, ez\u00e9rt igyekeztem az \u0151 filoz\u00f3fi\u00e1j\u00e1t k\u00f6vetni ennek a kompoz\u00edci\u00f3nak a megalkot\u00e1sakor.\u201d<\/p>\n<p>A l\u00e9pcs\u0151sor a Wembley Stadiont k\u00f6ti \u00f6ssze az OVO Ar\u00e9n\u00e1val, amely kor\u00e1bban Wembley Arena n\u00e9ven volt ismert. A falfestm\u00e9ny ingyenesen, b\u00e1rmikor megtekinthet\u0151, \u00e9s v\u00e1rhat\u00f3an decemberig marad a hely\u00e9n.<\/p>\n<p>Fot\u00f3: Frank Styles<\/p>\n","protected":false},"excerpt":{"rendered":"A \u201eI\u2019m Mr. Mercury\u201d c\u00edm\u0171 alkot\u00e1s k\u00fcl\u00f6nlegess\u00e9ge, hogy anamor\u00adfikus technik\u00e1val k\u00e9sz\u00fclt: a teljes k\u00e9p kiz\u00e1r\u00f3lag egy, mintegy h\u00fasz&hellip;\n","protected":false},"author":2,"featured_media":234720,"comment_status":"","ping_status":"","sticky":false,"template":"","format":"standard","meta":{"footnotes":"","_share_on_mastodon":"0"},"categories":[18],"tags":[5735,5736,5737,5738,5740,137,5742,44,42,40,43,41,176,189,5739,840,5733,5734,2379,5741,138,177],"class_list":["post-234719","post","type-post","status-publish","format-standard","has-post-thumbnail","category-zene","tag-60-as","tag-70-es","tag-80-as","tag-90-es","tag-dalok","tag-entertainment","tag-fm","tag-hu","tag-hungarian","tag-hungary","tag-magyar","tag-magyarorszag","tag-music","tag-radio","tag-regi","tag-retro","tag-retro-radio","tag-retroradio","tag-slager","tag-slagerek","tag-szorakozas","tag-zene"],"share_on_mastodon":{"url":"https:\/\/pubeurope.com\/@hu\/117223203295942191","error":""},"_links":{"self":[{"href":"https:\/\/www.europesays.com\/hu\/wp-json\/wp\/v2\/posts\/234719","targetHints":{"allow":["GET"]}}],"collection":[{"href":"https:\/\/www.europesays.com\/hu\/wp-json\/wp\/v2\/posts"}],"about":[{"href":"https:\/\/www.europesays.com\/hu\/wp-json\/wp\/v2\/types\/post"}],"author":[{"embeddable":true,"href":"https:\/\/www.europesays.com\/hu\/wp-json\/wp\/v2\/users\/2"}],"replies":[{"embeddable":true,"href":"https:\/\/www.europesays.com\/hu\/wp-json\/wp\/v2\/comments?post=234719"}],"version-history":[{"count":0,"href":"https:\/\/www.europesays.com\/hu\/wp-json\/wp\/v2\/posts\/234719\/revisions"}],"wp:featuredmedia":[{"embeddable":true,"href":"https:\/\/www.europesays.com\/hu\/wp-json\/wp\/v2\/media\/234720"}],"wp:attachment":[{"href":"https:\/\/www.europesays.com\/hu\/wp-json\/wp\/v2\/media?parent=234719"}],"wp:term":[{"taxonomy":"category","embeddable":true,"href":"https:\/\/www.europesays.com\/hu\/wp-json\/wp\/v2\/categories?post=234719"},{"taxonomy":"post_tag","embeddable":true,"href":"https:\/\/www.europesays.com\/hu\/wp-json\/wp\/v2\/tags?post=234719"}],"curies":[{"name":"wp","href":"https:\/\/api.w.org\/{rel}","templated":true}]}}