{"id":234821,"date":"2026-09-06T10:38:12","date_gmt":"2026-09-06T10:38:12","guid":{"rendered":"https:\/\/www.europesays.com\/hu\/234821\/"},"modified":"2026-09-06T10:38:12","modified_gmt":"2026-09-06T10:38:12","slug":"a-spectrum-raketa-uj-merfoldkovet-jelent-europa-szamara","status":"publish","type":"post","link":"https:\/\/www.europesays.com\/hu\/234821\/","title":{"rendered":"A Spectrum rak\u00e9ta \u00faj m\u00e9rf\u00f6ldk\u00f6vet jelent Eur\u00f3pa sz\u00e1m\u00e1ra."},"content":{"rendered":"<p>Szeptember 6-\u00e1n kora reggel a n\u00e9met Isar Aerospace startup Spectrum rak\u00e9t\u00e1ja sikeresen m\u0171holdakat juttatott p\u00e1ly\u00e1ra az \u00e9szak-<a class=\"data-link\" data-org-href=\"https:\/\/www.vietnam.vn\/hu\/tag\/na-uy\" href=\"https:\/\/www.vietnam.vn\/hu\/tag\/na-uy\" title=\"Norv\u00e9gia\" target=\"_blank\" rel=\"nofollow noopener\">norv\u00e9giai<\/a> And\u00f8ya \u0171rrep\u00fcl\u0151t\u00e9rr\u0151l. Az Eur\u00f3pai \u0170r\u00fcgyn\u00f6ks\u00e9g (ESA) kijelentette, hogy ez az els\u0151 alkalom, hogy egy eur\u00f3pai fejleszt\u00e9s\u0171 kereskedelmi rak\u00e9ta el\u00e9rte a kontinens p\u00e1ly\u00e1j\u00e1t.<\/p>\n<p> A szeptember 6-\u00e1n, <a class=\"data-link\" data-org-href=\"https:\/\/www.vietnam.vn\/hu\/destination\/ha-noi\" href=\"https:\/\/www.vietnam.vn\/hu\/destination\/ha-noi\" title=\"Hanoi\" target=\"_blank\" rel=\"nofollow noopener\">hanoi<\/a> id\u0151 szerint hajnali 3:12-kor felbocs\u00e1tott, 28 m\u00e9ter magas Spectrum rak\u00e9ta \u00f6t kis m\u0171holdat \u00e9s egy technol\u00f3giai k\u00eds\u00e9rleti eszk\u00f6zt vitt mag\u00e1val. Az Isar Aerospace k\u00f6z\u00f6lte, hogy a m\u0171holdakat ezt k\u00f6vet\u0151en p\u00e1ly\u00e1ra \u00e1ll\u00edtott\u00e1k. <\/p>\n<p><img decoding=\"async\" style=\"cursor:pointer\" src=\"https:\/\/www.europesays.com\/hu\/wp-content\/uploads\/2026\/09\/1.jpeg\" data-original=\"https:\/\/www.europesays.com\/hu\/wp-content\/uploads\/2026\/09\/1.jpeg\" alt=\"1.jpeg\" src-mobile=\"\" data-file-id=\"488114\"\/> Az Isar Aerospace Spectrum rak\u00e9t\u00e1ja szeptember 6-\u00e1n, hanoi id\u0151 szerint hajnali 3:12-kor emelkedett a leveg\u0151be a norv\u00e9giai And\u00f8ya \u0170rk\u00f6zpontb\u00f3l. Fot\u00f3: Reuters<\/p>\n<p>Lehet, hogy ez is tetszik<\/p>\n<p> Ez volt a Spectrum m\u00e1sodik rep\u00fcl\u00e9se. Az els\u0151, 2025 m\u00e1rcius\u00e1ban megrendezett ind\u00edt\u00e1s sor\u00e1n a rak\u00e9ta a tengerbe zuhant, \u00e9s k\u00f6r\u00fclbel\u00fcl 40 m\u00e1sodperccel a felsz\u00e1ll\u00e1s ut\u00e1n felrobbant. Az Isar Aerospace kijelentette, hogy az els\u0151 tesztb\u0151l sz\u00e1rmaz\u00f3 adatokat a rak\u00e9ta fejleszt\u00e9s\u00e9re haszn\u00e1lt\u00e1k fel.<\/p>\n<p> A fell\u00f6v\u00e9sre akkor ker\u00fcl sor, amikor Eur\u00f3pa igyekszik b\u0151v\u00edteni m\u0171holdind\u00edt\u00e1si k\u00e9pess\u00e9geit egy olyan piacon, amelyet m\u00e1r olyan c\u00e9gek uralnak, mint az amerikai SpaceX.<\/p>\n<p> Az ESA fontolgatja az Ariane-6 \u00e9s a Vega-C ind\u00edt\u00e1si gyakoris\u00e1g\u00e1nak n\u00f6vel\u00e9s\u00e9t, hogy kiel\u00e9g\u00edtse a m\u0171holdak telep\u00edt\u00e9s\u00e9re ir\u00e1nyul\u00f3 ig\u00e9nyek 2030 k\u00f6r\u00fcli v\u00e1rhat\u00f3 cs\u00facspontj\u00e1t. Az Arianespace c\u00e9lja, hogy 2027-t\u0151l \u00e9vente ak\u00e1r 10 Ariane-6 ind\u00edt\u00e1st hajtson v\u00e9gre, de ez a kapacit\u00e1s m\u00e9g mindig nem biztos, hogy kiel\u00e9g\u00edti az ig\u00e9nyeket. Sv\u00e9dorsz\u00e1g az Esrange ind\u00edt\u00f3\u00e1llom\u00e1st is fejleszti, m\u00edg az Egyes\u00fclt Kir\u00e1lys\u00e1g a SaxaVord \u0171rrep\u00fcl\u0151teret \u00e9p\u00edti a Shetland-szigeteken.<\/p>\n<p>Lehet, hogy ez is tetszik<\/p>\n<p> A kommunik\u00e1ci\u00f3s, F\u00f6ld-megfigyel\u00e9si \u00e9s v\u00e9delmi m\u0171holdak ir\u00e1nti n\u00f6vekv\u0151 kereslet arra \u00f6szt\u00f6nzi Eur\u00f3p\u00e1t, hogy b\u0151v\u00edtse \u0171rbe jut\u00e1si k\u00e9pess\u00e9geit. Tov\u00e1bbi rak\u00e9t\u00e1k \u00e9s ind\u00edt\u00f3\u00e1ll\u00e1sok fejleszt\u00e9se a r\u00e9gi\u00f3ban szint\u00e9n r\u00e9sze annak a t\u00f6rekv\u00e9snek, hogy cs\u00f6kkents\u00e9k a k\u00fcls\u0151 besz\u00e1ll\u00edt\u00f3kt\u00f3l val\u00f3 f\u00fcgg\u0151s\u00e9get bizonyos \u0171rk\u00fcldet\u00e9sek eset\u00e9ben.<\/p>\n<p class=\"mb-0\"> Forr\u00e1s: https:\/\/hanoimoi.vn\/ten-lua-spectrum-lap-dau-moc-moi-cho-chau-au-1706135.html<\/p>\n","protected":false},"excerpt":{"rendered":"Szeptember 6-\u00e1n kora reggel a n\u00e9met Isar Aerospace startup Spectrum rak\u00e9t\u00e1ja sikeresen m\u0171holdakat juttatott p\u00e1ly\u00e1ra az \u00e9szak-norv\u00e9giai And\u00f8ya&hellip;\n","protected":false},"author":2,"featured_media":234822,"comment_status":"","ping_status":"","sticky":false,"template":"","format":"standard","meta":{"footnotes":"","_share_on_mastodon":"0"},"categories":[3],"tags":[107,106,105,42,61774,43,1553,34994,61773],"class_list":["post-234821","post","type-post","status-publish","format-standard","has-post-thumbnail","category-europa","tag-eu","tag-europa","tag-europe","tag-hungarian","tag-isar-aerospace","tag-magyar","tag-muhold","tag-roppalya","tag-spektrum"],"share_on_mastodon":{"url":"https:\/\/pubeurope.com\/@hu\/117223667111406116","error":""},"_links":{"self":[{"href":"https:\/\/www.europesays.com\/hu\/wp-json\/wp\/v2\/posts\/234821","targetHints":{"allow":["GET"]}}],"collection":[{"href":"https:\/\/www.europesays.com\/hu\/wp-json\/wp\/v2\/posts"}],"about":[{"href":"https:\/\/www.europesays.com\/hu\/wp-json\/wp\/v2\/types\/post"}],"author":[{"embeddable":true,"href":"https:\/\/www.europesays.com\/hu\/wp-json\/wp\/v2\/users\/2"}],"replies":[{"embeddable":true,"href":"https:\/\/www.europesays.com\/hu\/wp-json\/wp\/v2\/comments?post=234821"}],"version-history":[{"count":0,"href":"https:\/\/www.europesays.com\/hu\/wp-json\/wp\/v2\/posts\/234821\/revisions"}],"wp:featuredmedia":[{"embeddable":true,"href":"https:\/\/www.europesays.com\/hu\/wp-json\/wp\/v2\/media\/234822"}],"wp:attachment":[{"href":"https:\/\/www.europesays.com\/hu\/wp-json\/wp\/v2\/media?parent=234821"}],"wp:term":[{"taxonomy":"category","embeddable":true,"href":"https:\/\/www.europesays.com\/hu\/wp-json\/wp\/v2\/categories?post=234821"},{"taxonomy":"post_tag","embeddable":true,"href":"https:\/\/www.europesays.com\/hu\/wp-json\/wp\/v2\/tags?post=234821"}],"curies":[{"name":"wp","href":"https:\/\/api.w.org\/{rel}","templated":true}]}}