{"id":234847,"date":"2026-09-06T11:02:12","date_gmt":"2026-09-06T11:02:12","guid":{"rendered":"https:\/\/www.europesays.com\/hu\/234847\/"},"modified":"2026-09-06T11:02:12","modified_gmt":"2026-09-06T11:02:12","slug":"madonna-es-guy-ritchie-fia-rocco-friss-kepeken","status":"publish","type":"post","link":"https:\/\/www.europesays.com\/hu\/234847\/","title":{"rendered":"Madonna \u00e9s Guy Ritchie fia, Rocco friss k\u00e9peken"},"content":{"rendered":"<p data-alignment=\"left\" class=\"text-left\" data-block-key=\"5v7nl\">Madonna \u00e9s Guy Ritchie 1998-ban tal\u00e1lkoztak, 2000 december\u00e9ben pedig m\u00e1r ki is mondt\u00e1k egym\u00e1snak a boldog\u00edt\u00f3 igent. Kapcsolatuk v\u00e9g\u00fcl v\u00e1l\u00e1ssal v\u00e9gz\u0151d\u00f6tt 2008-ban. K\u00f6z\u00f6s fiuk, Rocco Ritchie p\u00e1r h\u00f3nappal az esk\u00fcv\u0151j\u00fck el\u0151tt, 2000 augusztus\u00e1ban l\u00e1tta meg a napvil\u00e1got.<\/p>\n<p>      Madonna \u00e9s Guy Ritchie fia, Rocco friss k\u00e9peken<\/p>\n<p data-alignment=\"left\" class=\"text-left\" data-block-key=\"33q6s\">Rocco m\u00e1ra feln\u0151tt \u00e9s egy 26 \u00e9ves, j\u00f3k\u00e9p\u0171 f\u00e9rfik\u00e9nt mosolyog azokon a friss k\u00e9peken Guy Ritchie mellett, melyek az \u00dariemberek c\u00edm\u0171 sorozat m\u00e1sodik \u00e9vad\u00e1nak premierj\u00e9n k\u00e9sz\u00fcltek r\u00f3luk Londonban. Apa \u00e9s fia elk\u00e9peszt\u0151en hasonl\u00edtanak egym\u00e1sra, le sem tagadhatn\u00e1k a k\u00f6z\u00f6s g\u00e9neket.<\/p>\n<p>                <img decoding=\"async\" alt=\"LONDON, ENGLAND - SEPTEMBER 02: Rocco Ritchie, Guy Ritchie attends &quot;The Gentlemen&quot; Season Two World Premiere at Guildhall on September 02, 2026 in London, England. (Photo by Lia Toby\/Getty Images)\" class=\"w-full h-full object-cover\" height=\"278\" loading=\"lazy\"  src=\"https:\/\/www.europesays.com\/hu\/wp-content\/uploads\/2026\/09\/rocco_es_guy_ritchie.2e16d0ba.format-jpeg.fill-370x278.jpg\"  width=\"370\"\/><\/p>\n<p>    Fot\u00f3: Lia Toby \/ Getty Images<\/p>\n<p data-alignment=\"left\" class=\"text-left\" data-block-key=\"553h7\">B\u00e1r <a href=\"https:\/\/femina.hu\/vilagsztar\/madonna-ongyilkossag-vallomas\/\" rel=\"nofollow noopener\" target=\"_blank\">sz\u00fclei v\u00e1l\u00e1sa egy\u00e1ltal\u00e1n nem volt felh\u0151tlen<\/a>, \u00e9s gyermekelhelyez\u00e9si per is zajlott k\u00f6zt\u00fck, ami ugyancsak al\u00e1\u00e1sta kapcsolatukat, 17 \u00e9v ut\u00e1n Rocco Ritchie volt az, aki miatt <a href=\"https:\/\/femina.hu\/gyerek\/madonna-es-5-gyereke-kozos-kep-lourdes-ikrek-fotok\/\" rel=\"nofollow noopener\" target=\"_blank\">Madonna<\/a> \u00e9s Guy Ritchie tavaly decemberben \u00fajra egy helyen megjelentek, el\u00e1sva ezzel a r\u00e9gi csatab\u00e1rdot.<\/p>\n<p data-alignment=\"left\" class=\"text-left\" data-block-key=\"6kln6\">Rocco-b\u00f3l ugyanis elismert k\u00e9pz\u0151m\u0171v\u00e9sz lett, a Talk Is Cheap c\u00edm\u0171 t\u00e1rlat megnyit\u00f3j\u00e1n pedig mindk\u00e9t sz\u00fcl\u0151je t\u00e1mogat\u00e1s\u00e1t egyszerre \u00e9lvezhette, amir\u0151l k\u00e9s\u0151bb \u00fagy fogalmazott, sz\u00e1m\u00e1ra ez volt a legfontosabb, \u00e9s ez t\u00f6bbet \u00e9rt neki minden m\u00e1s elismer\u00e9sn\u00e9l.<\/p>\n<p data-alignment=\"left\" class=\"text-left\" data-block-key=\"e2nnu\">&#8222;Nyilv\u00e1nval\u00f3, mi\u00e9rt \u00edt\u00e9lkezhetnek felettem egyesek, nem is hib\u00e1ztatom \u0151ket. B\u00fcszke vagyok arra, aki vagyok, de m\u00e9g b\u00fcszk\u00e9bb arra, hogy mindk\u00e9t sz\u00fcl\u0151m ott van velem egy helyis\u00e9gben, \u00e9s t\u00e1mogat. A munk\u00e1nak kell \u00f6nmag\u00e1\u00e9rt besz\u00e9lnie \u2013 ez\u00e9rt is kapta a m\u0171sor a Talk Is Cheap c\u00edmet&#8221; &#8211; \u00edrta akkor bejegyz\u00e9s\u00e9ben a fiatal m\u0171v\u00e9sz.<\/p>\n<p data-alignment=\"left\" class=\"text-left\" data-block-key=\"dr8gp\">Alkot\u00e1sair\u00f3l egy\u00e9bk\u00e9nt gyakran tesz fel k\u00fcl\u00f6nb\u00f6z\u0151 posztokat Instagram-oldal\u00e1ra, ahol \u00e9rdemes v\u00e9gig n\u00e9zni a felv\u00e9teleket, hiszen Rocco Ritchie nemcsak a fest\u00e9sben tal\u00e1lta meg saj\u00e1t \u00fatj\u00e1t, egyben szabads\u00e1g\u00e1t, hanem olykor m\u00e1sban is kipr\u00f3b\u00e1lja tehets\u00e9g\u00e9t, p\u00e9ld\u00e1ul szobrok vagy domborm\u0171vek k\u00e9sz\u00edt\u00e9s\u00e9ben.<\/p>\n<p data-alignment=\"left\" class=\"text-left\" data-block-key=\"5acs5\">Emellett a modellked\u00e9s sem \u00e1ll messze t\u0151le, t\u00f6bb olyan fot\u00f3 is l\u00e1that\u00f3 r\u00f3la, melyeken Armani \u00f6lt\u00f6ny\u00f6kben szerepel.<\/p>\n<p>            <a href=\"https:\/\/femina.hu\/vilagsztar\/madonna-parja-gyerekei-2026\/\" rel=\"nofollow noopener\" target=\"_blank\"><\/p>\n<p>              <img decoding=\"async\" src=\"https:\/\/femina.hu\/neon\/media\/images\/66889883_4938435_3d780f1c45b7e9.format-avif.max-600x400.avif\" alt=\"Madonna 37 \u00e9vvel fiatalabb p\u00e1rj\u00e1val \u00e9s \u00f6t gyermek\u00e9vel p\u00f3zolt egy\u00fctt: Akeem f\u00e9listen a k\u00e9peken\" class=\"w-full object-cover aspect-square rounded-[24px]\" loading=\"lazy\"\/><\/p>\n<p>            <\/a><\/p>\n<p>          Madonna 37 \u00e9vvel fiatalabb p\u00e1rj\u00e1val \u00e9s \u00f6t gyermek\u00e9vel p\u00f3zolt egy\u00fctt: Akeem f\u00e9listen a k\u00e9peken<\/p>\n<p class=\"!text-[18px] !leading-[28px] !mb-0\">\n          Madonna gyerekeit nagyon ritk\u00e1n l\u00e1tni k\u00f6z\u00f6s fot\u00f3n az \u00e9nekesn\u0151 37 \u00e9vvel fiatalabb p\u00e1rj\u00e1val.\n        <\/p>\n<p>          <a href=\"https:\/\/femina.hu\/vilagsztar\/madonna-parja-gyerekei-2026\/\" target=\"_blank\" rel=\"noopener noreferrer nofollow\" class=\"!no-underline !text-black flex justify-center items-center text-[20px] h-[62px] w-fit default-rounded-button content-center px-6 py-4 font-semibold after:content-[&#039;&#039;] after:inline-block after:h-[1em] after:w-[1.5em] after:ml-[1em] after:bg-[url(&#039;\/static\/images\/femina\/arrow_link_right.svg&#039;)] after:bg-no-repeat after:bg-center after:bg-[length:100%_auto]\"><br \/>\n            Elolvasom<br \/>\n          <\/a><\/p>\n<p data-alignment=\"left\" class=\"text-left\" data-block-key=\"6ulj2\">Cover-fot\u00f3: Getty Images Hungary<\/p>\n<p>&#13;<br \/>\n  &#13;\n<\/p>\n<p>`, adoceanServer:&#8221;indexhu.adocean.pl&#8221;, tags:&#8221;[\\u0022szt\\u005Cu00e1r\\u0022, \\u0022madonna\\u0022, \\u0022guy ritchie\\u0022, \\u0022apa \\u005Cu00e9s fia\\u0022, \\u0022hasonl\\u005Cu00f3s\\u005Cu00e1g\\u0022]&#8221;, identCodes:&#8221;{\\u0022fe30\\u0022: \\u00221\\u0022, \\u0022fe07\\u0022: \\u00221\\u0022}&#8221;})&#8221;<br \/>\n      :id=&#8221;zoneId&#8221; x-cloak<\/p>\n<p>      class=&#8221;ad-node &#8221; x-init=&#8221;load();&#8221;&gt;<\/p>\n<p>\n  hirdet\u00e9s\n<\/p>\n<p><a href=\"https:\/\/google.com\/preferences\/source?q=https%3A\/\/femina.hu\" rel=\"noopener nofollow\" referrerpolicy=\"no-referrer-when-downgrade\" class=\"!flex !items-center !gap-5 !py-2 !px-3 w-full !rounded-xl !font-bold cursor-pointer !no-underline relative !bg-white !text-[#202124] !border !border-[#858585] dark:!bg-[#323232] dark:!text-white dark:border-none my-4 \" target=\"_blank\"><br \/>\n  <img decoding=\"async\" src=\"https:\/\/femina.hu\/neon\/static\/images\/favicons\/google_favicon.svg\" alt=\"Google\" class=\"shrink-0 w-7 h-7\"\/><br \/>\n  \u00c1ll\u00edtsd be a Google keres\u0151j\u00e9t, hogy a tal\u00e1latok k\u00f6z\u00f6tt biztos ott legyen a Femina!<\/p>\n<p><\/a><\/p>\n","protected":false},"excerpt":{"rendered":"Madonna \u00e9s Guy Ritchie 1998-ban tal\u00e1lkoztak, 2000 december\u00e9ben pedig m\u00e1r ki is mondt\u00e1k egym\u00e1snak a boldog\u00edt\u00f3 igent. Kapcsolatuk&hellip;\n","protected":false},"author":2,"featured_media":234848,"comment_status":"","ping_status":"","sticky":false,"template":"","format":"standard","meta":{"footnotes":"","_share_on_mastodon":"0"},"categories":[16],"tags":[210,137,6097,234,44,42,40,2725,43,41,138,205],"class_list":["post-234847","post","type-post","status-publish","format-standard","has-post-thumbnail","category-szorakozas","tag-apa-es-fia","tag-entertainment","tag-guy-ritchie","tag-hasonlosag","tag-hu","tag-hungarian","tag-hungary","tag-madonna","tag-magyar","tag-magyarorszag","tag-szorakozas","tag-sztar"],"share_on_mastodon":{"url":"https:\/\/pubeurope.com\/@hu\/117223761449280343","error":""},"_links":{"self":[{"href":"https:\/\/www.europesays.com\/hu\/wp-json\/wp\/v2\/posts\/234847","targetHints":{"allow":["GET"]}}],"collection":[{"href":"https:\/\/www.europesays.com\/hu\/wp-json\/wp\/v2\/posts"}],"about":[{"href":"https:\/\/www.europesays.com\/hu\/wp-json\/wp\/v2\/types\/post"}],"author":[{"embeddable":true,"href":"https:\/\/www.europesays.com\/hu\/wp-json\/wp\/v2\/users\/2"}],"replies":[{"embeddable":true,"href":"https:\/\/www.europesays.com\/hu\/wp-json\/wp\/v2\/comments?post=234847"}],"version-history":[{"count":0,"href":"https:\/\/www.europesays.com\/hu\/wp-json\/wp\/v2\/posts\/234847\/revisions"}],"wp:featuredmedia":[{"embeddable":true,"href":"https:\/\/www.europesays.com\/hu\/wp-json\/wp\/v2\/media\/234848"}],"wp:attachment":[{"href":"https:\/\/www.europesays.com\/hu\/wp-json\/wp\/v2\/media?parent=234847"}],"wp:term":[{"taxonomy":"category","embeddable":true,"href":"https:\/\/www.europesays.com\/hu\/wp-json\/wp\/v2\/categories?post=234847"},{"taxonomy":"post_tag","embeddable":true,"href":"https:\/\/www.europesays.com\/hu\/wp-json\/wp\/v2\/tags?post=234847"}],"curies":[{"name":"wp","href":"https:\/\/api.w.org\/{rel}","templated":true}]}}