{"id":234949,"date":"2026-09-06T12:21:12","date_gmt":"2026-09-06T12:21:12","guid":{"rendered":"https:\/\/www.europesays.com\/hu\/234949\/"},"modified":"2026-09-06T12:21:12","modified_gmt":"2026-09-06T12:21:12","slug":"majka-kemeny-beszolassal-inditotta-az-x-faktort","status":"publish","type":"post","link":"https:\/\/www.europesays.com\/hu\/234949\/","title":{"rendered":"Majka kem\u00e9ny besz\u00f3l\u00e1ssal ind\u00edtotta az X-Faktort"},"content":{"rendered":"<p>Szombat este elkezd\u0151d\u00f6tt az <a href=\"https:\/\/nlc.hu\/szabadido\/20260817\/megvan-mikor-indul-az-x-faktor-2026-os-evada\/\" rel=\"nofollow noopener\" target=\"_blank\">X-Faktor \u00faj \u00e9vada<\/a>, az \u00faj versenyz\u0151k mellett \u00faj mentorokkal is. T\u00e1vozott T\u00f3th Andi \u00e9s Valkusz Mil\u00e1n, helyett\u00fck Sol\u00e9re \u00e9s ByeAlex \u00e9rkezett Majka \u00e9s G\u00e1sp\u00e1r Laci mell\u00e9.<\/p>\n<p>Az \u00e9lcel\u0151d\u00e9s m\u00e1r az els\u0151 ad\u00e1sban elkezd\u0151d\u00f6tt ut\u00f3bbi k\u00e9t mentor k\u00f6z\u00f6tt, Majka azonban nemcsak <a href=\"https:\/\/nlc.hu\/sztarok\/20260824\/gaspar-laci-hideget-meleget-szetszedik-a-kommentelok-botranyos-koncert\/\" rel=\"nofollow noopener\" target=\"_blank\">G\u00e1sp\u00e1r Lacinak<\/a> sz\u00f3lt oda, hanem a Gavall\u00e9rock nev\u0171 du\u00f3nak is, akik saj\u00e1t sz\u00e1mmal \u00e1lltak a sz\u00ednpadra, \u00e9s m\u00e1r az els\u0151 pillanatokban megnevettett\u00e9k a n\u00e9z\u0151ket, valamint a zs\u0171rit. A 16 \u00e9ves fi\u00fak ugyanis saj\u00e1t sz\u00e1mmal \u00e9rkeztek \u00e9s fel\u00e1llva tapsoltak nekik, hiszen humorukkal levett\u00e9k a mentorokat \u00e9s a k\u00f6z\u00f6ns\u00e9get is a l\u00e1bukr\u00f3l.<\/p>\n<p>\u201eHa az \u00e9n gyerekem pont ugyanilyen h\u00fclye lenne, mint ti, \u00e9n b\u00fcszke lenn\u00e9k r\u00e1\u201d \u2013 fogalmazta meg \u00e9les nyelv\u0171 elismer\u00e9s\u00e9t Majka viccesen.<\/p>\n<p>Majka \u00e9s csal\u00e1dja \u00faj fejezetet kezd\u00a0<\/p>\n<p>Majka \u00e9let\u00e9ben egy\u00e9bk\u00e9nt <a href=\"https:\/\/nlc.hu\/sztarok\/20260825\/majka-villanyszerelo-keres\/\" rel=\"nofollow noopener\" target=\"_blank\">nagy v\u00e1ltoz\u00e1s j\u00f6n<\/a>: \u00faj fejezetet kezd csal\u00e1dj\u00e1val, \u00e9s minden eddigin\u00e9l nagyobb otthonba k\u00f6lt\u00f6znek. T\u00e1gas, medenc\u00e9s csal\u00e1di h\u00e1zukat egy m\u00e9g nagyobb, term\u00e9szetk\u00f6zelibb birtokra cser\u00e9lik, ahol a gyerekek fociszenved\u00e9lye is kiteljesedhet.<\/p>\n<p>A k\u00f6lt\u00f6z\u00e9sr\u0151l maga Majka r\u00e1ntotta le a leplet egy TikTok-vide\u00f3ban, amelyben egy m\u0171f\u00fcvet n\u00e9pszer\u0171s\u00edt\u0151 rekl\u00e1m kapcs\u00e1n engedett bepillant\u00e1st az \u00faj ingatlan kertj\u00e9be \u2013 sz\u00farta ki a <a href=\"https:\/\/story.hu\/napi-friss\/2026\/08\/25\/majka-penz-villanyszereles\/z5e9p3m?tsrc=nlc_cross\" target=\"_blank\" rel=\"noopener noreferrer nofollow\">story.hu<\/a>. A felv\u00e9teleken m\u00e1r jav\u00e1ban zajlanak a munk\u00e1latok, a hatalmas udvar pedig j\u00f3l mutatja, hogy nem egy \u00e1tlagos csal\u00e1di h\u00e1zr\u00f3l van sz\u00f3.<\/p>\n<p><img fetchpriority=\"high\" decoding=\"async\" class=\"img-responsive size-full wp-image-2180362\" src=\"https:\/\/www.europesays.com\/hu\/wp-content\/uploads\/2026\/09\/majka-8.jpg\" alt=\"Majka\" width=\"1871\" height=\"1052\"   loading=\"lazy\"\/><\/p>\n<p class=\"wp-caption-text\">Majka (Forr\u00e1s: RTL)<\/p>\n<p>\u201eMegint nagy projektbe v\u00e1gtunk bele, mert k\u00f6lt\u00f6z\u00fcnk, az eg\u00e9sz csal\u00e1d. Egy sokkal nagyobb kertes h\u00e1zba megy\u00fcnk \u00e1t\u201d \u2013 mondta a vide\u00f3ban az el\u0151ad\u00f3.<\/p>\n<p>Az eredeti tervek szerint m\u00e1r tavasszal bek\u00f6lt\u00f6ztek volna, \u00e1m a jelek szerint a munk\u00e1latok tov\u00e1bb tartottak, \u00edgy csak most k\u00f6zeledik a nagy nap. Az \u00faj, emeletes villa k\u00f6r\u00fcl m\u00e9g dolgoznak a szakemberek, de a kert m\u00e1r l\u00e1tv\u00e1nyosan form\u00e1l\u00f3dik. A m\u0171f\u0171 v\u00e1laszt\u00e1sa ugyanakkor nem aratott osztatlan sikert. T\u00f6bb kommentel\u0151 is b\u00edr\u00e1lta Majk\u00e1t amiatt, hogy term\u00e9szetes gyep helyett mesters\u00e9ges bor\u00edt\u00e1st v\u00e1lasztott.<\/p>\n<p>A kritik\u00e1k ellen\u00e9re sokkal t\u00f6bben k\u00edv\u00e1ncsian v\u00e1rj\u00e1k, hogy a rapper mikor mutatja meg az \u00e1lomotthon t\u00f6bbi r\u00e9sz\u00e9t is. Az m\u00e1r most biztosnak t\u0171nik, hogy a Majoros csal\u00e1d minden eddigin\u00e9l nagyobb t\u00e9rben kezdheti meg \u00faj \u00e9let\u00e9t.<\/p>\n","protected":false},"excerpt":{"rendered":"Szombat este elkezd\u0151d\u00f6tt az X-Faktor \u00faj \u00e9vada, az \u00faj versenyz\u0151k mellett \u00faj mentorokkal is. T\u00e1vozott T\u00f3th Andi \u00e9s&hellip;\n","protected":false},"author":2,"featured_media":234950,"comment_status":"","ping_status":"","sticky":false,"template":"","format":"standard","meta":{"footnotes":"","_share_on_mastodon":"0"},"categories":[21],"tags":[198,137,199,44,42,40,43,41,2260,138,235,1986],"class_list":["post-234949","post","type-post","status-publish","format-standard","has-post-thumbnail","category-hiressegek","tag-celebrities","tag-entertainment","tag-hiressegek","tag-hu","tag-hungarian","tag-hungary","tag-magyar","tag-magyarorszag","tag-majka","tag-szorakozas","tag-sztarok","tag-x-faktor"],"share_on_mastodon":{"url":"https:\/\/pubeurope.com\/@hu\/117224072318185653","error":""},"_links":{"self":[{"href":"https:\/\/www.europesays.com\/hu\/wp-json\/wp\/v2\/posts\/234949","targetHints":{"allow":["GET"]}}],"collection":[{"href":"https:\/\/www.europesays.com\/hu\/wp-json\/wp\/v2\/posts"}],"about":[{"href":"https:\/\/www.europesays.com\/hu\/wp-json\/wp\/v2\/types\/post"}],"author":[{"embeddable":true,"href":"https:\/\/www.europesays.com\/hu\/wp-json\/wp\/v2\/users\/2"}],"replies":[{"embeddable":true,"href":"https:\/\/www.europesays.com\/hu\/wp-json\/wp\/v2\/comments?post=234949"}],"version-history":[{"count":0,"href":"https:\/\/www.europesays.com\/hu\/wp-json\/wp\/v2\/posts\/234949\/revisions"}],"wp:featuredmedia":[{"embeddable":true,"href":"https:\/\/www.europesays.com\/hu\/wp-json\/wp\/v2\/media\/234950"}],"wp:attachment":[{"href":"https:\/\/www.europesays.com\/hu\/wp-json\/wp\/v2\/media?parent=234949"}],"wp:term":[{"taxonomy":"category","embeddable":true,"href":"https:\/\/www.europesays.com\/hu\/wp-json\/wp\/v2\/categories?post=234949"},{"taxonomy":"post_tag","embeddable":true,"href":"https:\/\/www.europesays.com\/hu\/wp-json\/wp\/v2\/tags?post=234949"}],"curies":[{"name":"wp","href":"https:\/\/api.w.org\/{rel}","templated":true}]}}