{"id":234983,"date":"2026-09-06T12:57:20","date_gmt":"2026-09-06T12:57:20","guid":{"rendered":"https:\/\/www.europesays.com\/hu\/234983\/"},"modified":"2026-09-06T12:57:20","modified_gmt":"2026-09-06T12:57:20","slug":"hatso-szelvedot-es-uj-format-kapott-a-polestar-4","status":"publish","type":"post","link":"https:\/\/www.europesays.com\/hu\/234983\/","title":{"rendered":"H\u00e1ts\u00f3 sz\u00e9lv\u00e9d\u0151t \u00e9s \u00faj form\u00e1t kapott a Polestar 4"},"content":{"rendered":"\n<p>A kup\u00e9 mellett mostant\u00f3l SUV-k\u00e9nt is el\u00e9rhet\u0151 a Polestar 4: a sv\u00e9d-k\u00ednai m\u00e1rka bemutatta az \u00faj karossz\u00e9riav\u00e1ltozatot, mely nem csup\u00e1n az eredeti forma megemelve, hanem jelent\u0151s \u00fajratervez\u00e9s is t\u00f6rt\u00e9nt.<\/p>\n<p>A Polestar 4 SUV tov\u00e1bbra is a Geely csoport SEA platformj\u00e1ra \u00e9p\u00fcl, 400 voltos elektromos rendszerrel. K\u00e9t hajt\u00e1sl\u00e1nc k\u00f6z\u00fcl lehet v\u00e1lasztani. A h\u00e1ts\u00f3ker\u00e9k-hajt\u00e1s\u00fa v\u00e1ltozat 200 kW-os, 343 Nm-es villanymotorral k\u00e9sz\u00fcl, 7,3 m\u00e1sodperc alatt gyorsul 100 km\/\u00f3r\u00e1ra, \u00e9s ak\u00e1r 630 kilom\u00e9tert is megtehet WLTP szerint. A k\u00e9tmotoros, \u00f6sszker\u00e9khajt\u00e1s\u00fa verzi\u00f3 400 kW teljes\u00edtm\u00e9nyt \u00e9s 686 Nm nyomat\u00e9kot k\u00edn\u00e1l, 3,9 m\u00e1sodperces gyorsul\u00e1ssal \u00e9s legfeljebb 600 kilom\u00e9teres hat\u00f3t\u00e1vval.<\/p>\n<p>Mindk\u00e9t v\u00e1ltozat 100 kWh kapacit\u00e1s\u00fa akkumul\u00e1tort kap. DC-t\u00f6lt\u00e9sn\u00e9l legfeljebb 200 kW \u00e1ll rendelkez\u00e9sre, amellyel a 10-80 sz\u00e1zal\u00e9kos t\u00f6lt\u00e9s k\u00f6r\u00fclbel\u00fcl 30 percet vesz ig\u00e9nybe. Az alap 11 kW-os AC-t\u00f6lt\u0151 mellett fel\u00e1r\u00e9rt 22 kW-os t\u00f6lt\u0151 is k\u00e9rhet\u0151.<\/p>\n<p><a href=\"https:\/\/villanyautosok.hu\/wp-content\/uploads\/2026\/09\/2026-09-02-polestar-4-suv-03.jpg\" data-lbwps-width=\"10935\" data-lbwps-height=\"6151\" data-lbwps-srcsmall=\"https:\/\/villanyautosok.hu\/wp-content\/uploads\/2026\/09\/2026-09-02-polestar-4-suv-03-300x169.jpg\" rel=\"nofollow noopener\" target=\"_blank\"><img fetchpriority=\"high\" decoding=\"async\" class=\"aligncenter size-large wp-image-227614 webpexpress-processed\" src=\"https:\/\/www.europesays.com\/hu\/wp-content\/uploads\/2026\/09\/2026-09-02-polestar-4-suv-03-1024x576.jpg\" alt=\"\" width=\"1024\" height=\"576\"  \/><\/a><\/p>\n<p>Az SUV legnagyobb \u00fajdons\u00e1ga a praktikum. A karossz\u00e9ria magass\u00e1ga 22 millim\u00e9terrel n\u0151tt, 1,556 m\u00e9terre, mik\u00f6zben a hasmagass\u00e1g v\u00e1ltozatlanul 166 millim\u00e9ter. A meredekebb h\u00e1tfalnak k\u00f6sz\u00f6nhet\u0151en a h\u00e1ts\u00f3 utasoknak 2,5 centim\u00e9terrel t\u00f6bb fejter\u00fck van. A csomagt\u00e9r az \u00fcl\u00e9sek m\u00f6g\u00f6tt 530 literes, tet\u0151ig pakolva 655 literes, led\u00f6nt\u00f6tt h\u00e1ts\u00f3 \u00fcl\u00e9sekkel pedig ak\u00e1r 1665 literes kapacit\u00e1s \u00e1ll rendelkez\u00e9sre. Emellett 15 literes els\u0151 csomagtart\u00f3 \u00e9s legfeljebb 100 kilogrammal terhelhet\u0151 tet\u0151s\u00edn is van.<\/p>\n<p><a href=\"https:\/\/villanyautosok.hu\/wp-content\/uploads\/2026\/09\/2026-09-02-polestar-4-suv-04.jpg\" data-lbwps-width=\"11223\" data-lbwps-height=\"6198\" data-lbwps-srcsmall=\"https:\/\/villanyautosok.hu\/wp-content\/uploads\/2026\/09\/2026-09-02-polestar-4-suv-04-300x166.jpg\" rel=\"nofollow noopener\" target=\"_blank\"><img loading=\"lazy\" decoding=\"async\" class=\"aligncenter size-large wp-image-227615 webpexpress-processed\" src=\"https:\/\/www.europesays.com\/hu\/wp-content\/uploads\/2026\/09\/2026-09-02-polestar-4-suv-04-1024x566.jpg\" alt=\"\" width=\"1024\" height=\"566\"  \/><\/a><\/p>\n<p>A kup\u00e9val ellent\u00e9tben az SUV hagyom\u00e1nyos h\u00e1ts\u00f3 ablakot \u00e9s hagyom\u00e1nyos bels\u0151 visszapillant\u00f3 t\u00fckr\u00f6t kapott. A digit\u00e1lis t\u00fck\u00f6r tov\u00e1bbra is el\u00e9rhet\u0151 opci\u00f3k\u00e9nt. \u00dajdons\u00e1g a nagyobb, a tet\u0151t\u0151l eg\u00e9szen a csomagt\u00e9rajt\u00f3ig h\u00faz\u00f3d\u00f3 panor\u00e1ma\u00fcveg-tet\u0151 is, amelyhez fel\u00e1r\u00e9rt elektronikusan s\u00f6t\u00e9t\u00edthet\u0151 v\u00e1ltozat k\u00e9rhet\u0151.<\/p>\n<p><a href=\"https:\/\/villanyautosok.hu\/wp-content\/uploads\/2026\/09\/2026-09-02-polestar-4-suv-05.jpeg\" data-lbwps-width=\"11648\" data-lbwps-height=\"6949\" data-lbwps-srcsmall=\"https:\/\/villanyautosok.hu\/wp-content\/uploads\/2026\/09\/2026-09-02-polestar-4-suv-05-300x179.jpeg\" rel=\"nofollow noopener\" target=\"_blank\"><img loading=\"lazy\" decoding=\"async\" class=\"aligncenter size-large wp-image-227616 webpexpress-processed\" src=\"https:\/\/www.europesays.com\/hu\/wp-content\/uploads\/2026\/09\/2026-09-02-polestar-4-suv-05-1024x611.jpeg\" alt=\"\" width=\"1024\" height=\"611\"  \/><\/a><\/p>\n<p>A modell egyik \u00e9rdekes \u00faj funkci\u00f3ja a Vehicle-to-Load (V2L), amellyel az aut\u00f3 akkumul\u00e1tor\u00e1r\u00f3l k\u00fcls\u0151 elektromos eszk\u00f6z\u00f6k m\u0171k\u00f6dtethet\u0151k, legfeljebb 3,3 kW teljes\u00edtm\u00e9nnyel. A Camping Mode pedig \u00e1ll\u00f3 helyzetben a kl\u00edm\u00e1t, a sz\u00f3rakoztat\u00f3 rendszert \u00e9s a hangulatvil\u00e1g\u00edt\u00e1st is m\u0171k\u00f6dtethet\u0151v\u00e9 teszi.<\/p>\n<p>A fed\u00e9lzeti rendszerben megjelenik a Google Gemini mesters\u00e9ges intelligenci\u00e1s asszisztense is, amely term\u00e9szetesebb besz\u00e9lget\u00e9st \u00e9s \u00f6sszetettebb utas\u00edt\u00e1sok kezel\u00e9s\u00e9t teszi lehet\u0151v\u00e9.<\/p>\n<p><a href=\"https:\/\/villanyautosok.hu\/wp-content\/uploads\/2026\/09\/2026-09-02-polestar-4-suv-02.jpg\" data-lbwps-width=\"11099\" data-lbwps-height=\"8117\" data-lbwps-srcsmall=\"https:\/\/villanyautosok.hu\/wp-content\/uploads\/2026\/09\/2026-09-02-polestar-4-suv-02-300x219.jpg\" rel=\"nofollow noopener\" target=\"_blank\"><img loading=\"lazy\" decoding=\"async\" class=\"aligncenter size-large wp-image-227613 webpexpress-processed\" src=\"https:\/\/www.europesays.com\/hu\/wp-content\/uploads\/2026\/09\/2026-09-02-polestar-4-suv-02-1024x749.jpg\" alt=\"\" width=\"1024\" height=\"749\"  \/><\/a><\/p>\n<p>A Polestar 4 SUV-t m\u00e1r gy\u00e1rtj\u00e1k a d\u00e9l-koreai Busanban, ahol a termel\u00e9s 2026 m\u00e1sodik negyed\u00e9v\u00e9ben indult. N\u00e9metorsz\u00e1gban a h\u00e1ts\u00f3ker\u00e9k-hajt\u00e1s\u00fa v\u00e1ltozat 57.900 eur\u00f3t\u00f3l, a k\u00e9tmotoros verzi\u00f3 65.900 eur\u00f3t\u00f3l indul, m\u00edg a Performance csomagos kivitel \u00e1ra 76.300 eur\u00f3t\u00f3l kezd\u0151dik. A Polestar szerint az els\u0151 \u00fcgyf\u00e9laut\u00f3k 2026 negyedik negyed\u00e9v\u00e9ben \u00e9rkezhetnek.<\/p>\n<p><a href=\"https:\/\/villanyautosok.hu\/2023\/04\/18\/bemutatkozott-a-polestar-4-es-nincs-hatso-szelvedoje\/\" rel=\"nofollow noopener\" target=\"_blank\">Bemutatkozott a Polestar 4 \u2013 \u00e9s nincs h\u00e1ts\u00f3 sz\u00e9lv\u00e9d\u0151je<\/a><\/p>\n<p>PGEgaHJlZj0iaHR0cHM6Ly93d3cudm9sdGllLmV1Lz91dG1fc291cmNlPXZpbGxhbnlhdXRvc29rJnV0bV9tZWRpdW09ZWxla3Ryb21vc2F1dG8mdXRtX2NhbXBhaWduPXJvdmF0IiBvbmNsaWNrPSJqYXZhc2NyaXB0OndpbmRvdy5vcGVuKCdodHRwczovL3d3dy52b2x0aWUuZXUvP3V0bV9zb3VyY2U9dmlsbGFueWF1dG9zb2smdXRtX21lZGl1bT1lbGVrdHJvbW9zYXV0byZ1dG1fY2FtcGFpZ249cm92YXQnLCAnX2JsYW5rJywgJ25vb3BlbmVyJyk7IHJldHVybiBmYWxzZTsiPjxwaWN0dXJlPjxzb3VyY2Ugc3Jjc2V0PSJodHRwczovL3ZpbGxhbnlhdXRvc29rLmh1L3dwLWNvbnRlbnQvdXBsb2Fkcy8yMDI1LzAyL3ZvbHRpZS1zemFiYWRzYWctMTMwMHg2MC1iYW5uZXItMjAyNi0wNS0xNC0xLnBuZyIgbWVkaWE9IihtaW4td2lkdGg6IDcwMHB4KSI+PGltZyBzcmM9Imh0dHBzOi8vdmlsbGFueWF1dG9zb2suaHUvd3AtY29udGVudC91cGxvYWRzLzIwMjUvMDIvdm9sdGllLXN6YWJhZHNhZy0xMzAweDYwLWJhbm5lci0yMDI2LTA1LTE0LTEucG5nIiBhbHQ9IiI+PC9waWN0dXJlPjwvYT4=<\/p>\n<p>          <a id=\"authorcard\" title=\"Simon Zsolt cikkei\" href=\"https:\/\/villanyautosok.hu\/author\/simon_zsolt\/\" rel=\"nofollow noopener\" target=\"_blank\">&#13;<br \/>\n              <img alt=\"\" src=\"https:\/\/www.europesays.com\/hu\/wp-content\/uploads\/2026\/09\/1788699440_334_5643cc5411d8add74db63797683efadff34419c6e15e5bb24ef333d04915d8c0.jpeg\"  class=\"avatar avatar-96 photo\" height=\"96\" width=\"96\" loading=\"lazy\" decoding=\"async\"\/>Simon Zsolt<\/p>\n<p>Nem az aut\u00f3z\u00e1s, hanem a k\u00f6rnyezetv\u00e9delem ir\u00e1nti elk\u00f6telezetts\u00e9g sodorta a Villanyaut\u00f3sok k\u00f6z\u00e9, hogy geogr\u00e1fus \u00e9s k\u00f6zgazd\u00e1sz tanulm\u00e1nyai befejez\u00e9se ut\u00e1n tud\u00e1s\u00e1val seg\u00edthesse egy fenntarthat\u00f3bb vil\u00e1g kialakul\u00e1s\u00e1t.<\/p>\n<p>          <\/a><\/p>\n","protected":false},"excerpt":{"rendered":"A kup\u00e9 mellett mostant\u00f3l SUV-k\u00e9nt is el\u00e9rhet\u0151 a Polestar 4: a sv\u00e9d-k\u00ednai m\u00e1rka bemutatta az \u00faj karossz\u00e9riav\u00e1ltozatot, mely&hellip;\n","protected":false},"author":2,"featured_media":234984,"comment_status":"","ping_status":"","sticky":false,"template":"","format":"standard","meta":{"footnotes":"","_share_on_mastodon":"0"},"categories":[10],"tags":[110,466,61809,44,42,40,61810,43,41,1826,61419,2846,111],"class_list":["post-234983","post","type-post","status-publish","format-standard","has-post-thumbnail","category-vallalkozas","tag-business","tag-elektromos-auto","tag-hatso-szelvedo","tag-hu","tag-hungarian","tag-hungary","tag-karosszeriavaltozat","tag-magyar","tag-magyarorszag","tag-polestar","tag-polestar-4","tag-suv","tag-vallalkozas"],"share_on_mastodon":{"url":"https:\/\/pubeurope.com\/@hu\/117224213707892766","error":""},"_links":{"self":[{"href":"https:\/\/www.europesays.com\/hu\/wp-json\/wp\/v2\/posts\/234983","targetHints":{"allow":["GET"]}}],"collection":[{"href":"https:\/\/www.europesays.com\/hu\/wp-json\/wp\/v2\/posts"}],"about":[{"href":"https:\/\/www.europesays.com\/hu\/wp-json\/wp\/v2\/types\/post"}],"author":[{"embeddable":true,"href":"https:\/\/www.europesays.com\/hu\/wp-json\/wp\/v2\/users\/2"}],"replies":[{"embeddable":true,"href":"https:\/\/www.europesays.com\/hu\/wp-json\/wp\/v2\/comments?post=234983"}],"version-history":[{"count":0,"href":"https:\/\/www.europesays.com\/hu\/wp-json\/wp\/v2\/posts\/234983\/revisions"}],"wp:featuredmedia":[{"embeddable":true,"href":"https:\/\/www.europesays.com\/hu\/wp-json\/wp\/v2\/media\/234984"}],"wp:attachment":[{"href":"https:\/\/www.europesays.com\/hu\/wp-json\/wp\/v2\/media?parent=234983"}],"wp:term":[{"taxonomy":"category","embeddable":true,"href":"https:\/\/www.europesays.com\/hu\/wp-json\/wp\/v2\/categories?post=234983"},{"taxonomy":"post_tag","embeddable":true,"href":"https:\/\/www.europesays.com\/hu\/wp-json\/wp\/v2\/tags?post=234983"}],"curies":[{"name":"wp","href":"https:\/\/api.w.org\/{rel}","templated":true}]}}