{"id":234989,"date":"2026-09-06T13:01:07","date_gmt":"2026-09-06T13:01:07","guid":{"rendered":"https:\/\/www.europesays.com\/hu\/234989\/"},"modified":"2026-09-06T13:01:07","modified_gmt":"2026-09-06T13:01:07","slug":"vindics-toth-egyeni-rekordot-futott-karsai-is-megvedte-bajnoki-cimet","status":"publish","type":"post","link":"https:\/\/www.europesays.com\/hu\/234989\/","title":{"rendered":"Vindics-T\u00f3th egy\u00e9ni rekordot futott, Karsai is megv\u00e9dte bajnoki c\u00edm\u00e9t"},"content":{"rendered":"<p>A mezei fut\u00e1s orsz\u00e1gos bajnoka, Karsai m\u00f6g\u00f6tt V\u00e1s\u00e1rhelyi M\u00e1t\u00e9 D\u00e1vid \u00e9s Moln\u00e1r \u00c1kos lett a m\u00e1sodik, illetve harmadik, m\u00edg az \u00f3ri\u00e1si egy\u00e9ni rekordot fut\u00f3 Vindics-T\u00f3th k\u00f6zel t\u00edz perccel volt gyorsabb az ez\u00fcst\u00e9rmes Niesz Vikt\u00f3ri\u00e1n\u00e1l \u00e9s a bronz\u00e9rmes Nagy N\u00f3r\u00e1n\u00e1l.<\/p>\n<p><a id=\"galeria-1\" class=\"m-nextGallery _ce_measure_widget _ce_measure_link\" href=\"https:\/\/24.hu\/sport\/2026\/09\/06\/budapest-felmaraton-vindics-toth-lili-anna-karsai-gabor\/?gallery=1\/1\/1-2.jpg\" data-ce-measure-widget=\"gallery-open\" rel=\"nofollow noopener\" target=\"_blank\"><\/p>\n<p>\t\t<img loading=\"lazy\" decoding=\"async\" width=\"2000\" height=\"1333\" src=\"https:\/\/www.europesays.com\/hu\/wp-content\/uploads\/2026\/09\/1-2.jpg\" class=\"m-nextGallery__featureImage wp-image-4813565\" alt=\"A 41. Wizz Air Budapest F\u00e9lmaraton mez\u0151nye a rajt ut\u00e1n a P\u00e1zm\u00e1ny P\u00e9ter s\u00e9t\u00e1nyon 2026. szeptember 6-\u00e1n.\"  \/>\t<\/p>\n<p><\/a><\/p>\n<p>A Budapest Sportiroda <a target=\"_blank\" href=\"https:\/\/24.hu\/sport\/2026\/09\/04\/atletika-felmaraton-vindics-toth-lili\/\" rel=\"nofollow noopener\">vas\u00e1rnapi esem\u00e9ny\u00e9re<\/a> (lehetett 10 kilom\u00e9teres t\u00e1von is indulni) a tavalyi rekordot is megd\u00f6ntve t\u00f6bb mint 24 ezren neveztek. A mez\u0151nybe 117 orsz\u00e1gb\u00f3l \u00e9s 1200 magyar telep\u00fcl\u00e9sr\u0151l \u00e9rkeztek fut\u00f3k.<\/p>\n<p>A nagy indul\u00f3i l\u00e9tsz\u00e1m miatt a P\u00e1zm\u00e1ny P\u00e9ter s\u00e9t\u00e1nyr\u00f3l indult esem\u00e9nyen a rajtoltat\u00e1s folyamata is k\u00f6zel 50 percen kereszt\u00fcl zajlott.<\/p>\n<p>\nF\u00e9lmaratoni ob\n<\/p>\n<p>f\u00e9rfiak:<br \/>1. Karsai G\u00e1bor (B\u00e9k\u00e9scsabai AC) 1:04:19<br \/>2. V\u00e1s\u00e1rhelyi M\u00e1t\u00e9 D\u00e1vid (Castor SE) 1:07:27<br \/>3. Moln\u00e1r \u00c1kos (Vasas) 1:07:31<\/p>\n<p>\u00a0<\/p>\n<p>n\u0151k:<br \/>1. Vindics-T\u00f3th Lili Anna (KASI) 1:09:21<br \/>2. Niesz Vikt\u00f3ria (SZVSE) 1:18:46<br \/>3. Nagy N\u00f3ra (TSC-Geotech) 1:19:36<\/p>\n","protected":false},"excerpt":{"rendered":"A mezei fut\u00e1s orsz\u00e1gos bajnoka, Karsai m\u00f6g\u00f6tt V\u00e1s\u00e1rhelyi M\u00e1t\u00e9 D\u00e1vid \u00e9s Moln\u00e1r \u00c1kos lett a m\u00e1sodik, illetve harmadik,&hellip;\n","protected":false},"author":2,"featured_media":234990,"comment_status":"","ping_status":"","sticky":false,"template":"","format":"standard","meta":{"footnotes":"","_share_on_mastodon":"0"},"categories":[33],"tags":[3714,61811,38,35,37,44,42,40,61795,43,41,34,45,36,39,57388,61812],"class_list":["post-234989","post","type-post","status-publish","format-standard","has-post-thumbnail","category-hirek","tag-atletika","tag-budapest-felmaraton","tag-focimek","tag-headlines","tag-hirek","tag-hu","tag-hungarian","tag-hungary","tag-karsai-gabor","tag-magyar","tag-magyarorszag","tag-news","tag-sport","tag-top-stories","tag-vezeto-hirek","tag-vindics-toth-lili-anna","tag-wizzair-budapest-felmaraton"],"share_on_mastodon":{"url":"https:\/\/pubeurope.com\/@hu\/117224229667492523","error":""},"_links":{"self":[{"href":"https:\/\/www.europesays.com\/hu\/wp-json\/wp\/v2\/posts\/234989","targetHints":{"allow":["GET"]}}],"collection":[{"href":"https:\/\/www.europesays.com\/hu\/wp-json\/wp\/v2\/posts"}],"about":[{"href":"https:\/\/www.europesays.com\/hu\/wp-json\/wp\/v2\/types\/post"}],"author":[{"embeddable":true,"href":"https:\/\/www.europesays.com\/hu\/wp-json\/wp\/v2\/users\/2"}],"replies":[{"embeddable":true,"href":"https:\/\/www.europesays.com\/hu\/wp-json\/wp\/v2\/comments?post=234989"}],"version-history":[{"count":0,"href":"https:\/\/www.europesays.com\/hu\/wp-json\/wp\/v2\/posts\/234989\/revisions"}],"wp:featuredmedia":[{"embeddable":true,"href":"https:\/\/www.europesays.com\/hu\/wp-json\/wp\/v2\/media\/234990"}],"wp:attachment":[{"href":"https:\/\/www.europesays.com\/hu\/wp-json\/wp\/v2\/media?parent=234989"}],"wp:term":[{"taxonomy":"category","embeddable":true,"href":"https:\/\/www.europesays.com\/hu\/wp-json\/wp\/v2\/categories?post=234989"},{"taxonomy":"post_tag","embeddable":true,"href":"https:\/\/www.europesays.com\/hu\/wp-json\/wp\/v2\/tags?post=234989"}],"curies":[{"name":"wp","href":"https:\/\/api.w.org\/{rel}","templated":true}]}}