{"id":235011,"date":"2026-09-06T13:23:11","date_gmt":"2026-09-06T13:23:11","guid":{"rendered":"https:\/\/www.europesays.com\/hu\/235011\/"},"modified":"2026-09-06T13:23:11","modified_gmt":"2026-09-06T13:23:11","slug":"index-futball-futball-1187","status":"publish","type":"post","link":"https:\/\/www.europesays.com\/hu\/235011\/","title":{"rendered":"Index &#8211; Futball &#8211; Futball"},"content":{"rendered":"<p>A portug\u00e1l tr\u00e9ner \u2013 aki a riv\u00e1lis Internazional\u00e9val t\u00f6rt\u00e9nelmi tripl\u00e1z\u00e1st mutatott be anno \u2013 sz\u00e1m\u00e1ra a k\u00f6z\u00e9pp\u00e1lya \u00f6ssze\u00e1ll\u00edt\u00e1sa lehet a legnagyobb k\u00e9rd\u0151jel a keddi \u00f6sszecsap\u00e1s el\u0151tt, agg\u00f3dik az As.<\/p>\n<p>A lap kiemeli, hogy a madridi \u00f6sszecsap\u00e1son Bernardo Silva (m\u00e9g Manchester City-j\u00e1t\u00e9kosk\u00e9nt, \u00e9pp a Real Madrid ellen kapott pirosat), Arda G\u00fcler \u00e9s Eduardo Camavinga (\u0151k a Bayern M\u00fcnchen elleni b\u00facs\u00fa sor\u00e1n kaptak pirosat) egyar\u00e1nt eltilt\u00e1s miatt nem l\u00e9phet p\u00e1ly\u00e1ra.<\/p>\n<p>Aur\u00e9lien Tchouam\u00e9ni (Thiago Pitarch \u00e9s Endrick t\u00e1rsas\u00e1g\u00e1ban) vas\u00e1rnap m\u00e1r elkezdett s\u00e9r\u00fcl\u00e9se ut\u00e1n edzeni a csapattal, de val\u00f3sz\u00edn\u0171tlennek t\u0171nik, hogy kedden p\u00e1ly\u00e1ra l\u00e9phet, \u00edgy egyed\u00fcl Federico Valverde marad a rutinos k\u00f6z\u00e9pp\u00e1ly\u00e1sok k\u00f6z\u00f6tt, illetve az 4\u20132\u20133\u20131-ben egy sorral feljebb is bevethet\u0151 Jude Bellinghamet lehet m\u00e9g itt j\u00e1tszatni.<\/p>\n<p>                        Alexander-Arnold lehet a megold\u00e1s?<\/p>\n<p>Az As h\u00e1romf\u00e9le fel\u00e1ll\u00e1st v\u00e1zolt fel az Inter elleni BL-nyit\u00e1nyra, az els\u0151ben \u00e9pp a k\u00e9t rutinos j\u00e1t\u00e9kos oldan\u00e1 meg a v\u00e9dekez\u0151 feladatokat: Valverde, Bellingham \u2013 Diomand\u00e9, Brahim D\u00edaz, Vin\u00edcius J\u00fanior \u2013 Mbapp\u00e9 form\u00e1ci\u00f3ban a n\u00e9gytag\u00fa v\u00e9delem el\u0151tt.<\/p>\n<p>A m\u00e1sodik elk\u00e9pzel\u00e9s szerint ugyanebben a hadrendben Bellingham maradna ir\u00e1ny\u00edt\u00f3k\u00e9nt, \u00e9s Trent Alexander-Arnold (vagy Cestero, esetleg Huijssen j\u00e1tszhat hatost), itt Valverde, Alexander-Arnold \u2013 Brahim\/Diomand\u00e9, Bellingham, Vin\u00edcius J\u00fanior \u2013 Mbapp\u00e9 megold\u00e1s j\u00f6het ki.<\/p>\n<p>Nagyj\u00e1b\u00f3l ennek felel meg a harmadik is, de egy kis csavarral, hogy 4\u20133\u20133-ra v\u00e1lt ezen a meccsen Mourinho, \u00e9s Alexander-Arnold, Valverde, Bellingham \u2013 Diomand\u00e9\/Brahim, Mbapp\u00e9, Vin\u00edcius J\u00fanior sorral \u00e9rkezik a kir\u00e1lyi g\u00e1rda.<\/p>\n<p>B\u00e1rmelyiket is v\u00e1lasztja Mourinho, a 15-sz\u00f6r\u00f6s BEK\/BL-gy\u0151ztes sz\u00e1m\u00e1ra aligha lesz k\u00f6nny\u0171 \u00edgy a nyit\u00e1ny a legut\u00f3bbi n\u00e9gy \u00e9vben k\u00e9tszers is d\u00f6nt\u0151s Internazionale ellen\u00e9ben.<\/p>\n<p>\n                          (Bor\u00edt\u00f3k\u00e9p:\u00a0Federico Valverde 2026. augusztus 30-\u00e1n. Fot\u00f3:\u00a0Angel Martinez \/ Getty Images)\n                        <\/p>\n<p><a href=\"https:\/\/dex.hu\/x.php?id=googlepref_desktop&amp;url=https:\/\/google.com\/preferences\/source?q=https:\/\/index.hu\" class=\"google-pref-banner \" id=\"googlePrefBanner\" rel=\"nofollow noopener\" target=\"_blank\"><\/p>\n<p>    Itt \u00e1ll\u00edtsa be, hogy az Index az els\u0151k k\u00f6z\u00f6tt legyen a Google-tal\u00e1latokban!<\/p>\n<p><\/a><\/p>\n<p>                <a href=\"https:\/\/konyvek.index.hu\/\" target=\"_blank\" rel=\"nofollow noopener\"><br \/>\n                <img decoding=\"async\" src=\"https:\/\/index.hu\/assets\/images\/konyvajanlo\/book_indapress\/book_indapress_logo.svg\" loading=\"lazy\" alt=\"Inda Press Kiad\u00f3\"\/><br \/>\n                <\/a><\/p>\n<p>                <img decoding=\"async\" src=\"https:\/\/www.europesays.com\/hu\/wp-content\/uploads\/2026\/09\/1788700988_130_rossi.png\" loading=\"lazy\" alt=\"Rossi\"\/><\/p>\n<p>Ismerd meg a magyar labdar\u00fag\u00e1s h\u0151s\u00e9nek eml\u00e9kezetes pillanatait!<br \/>Folytassa, Mister!<\/p>\n<p>                <a class=\"book_index_btn\" href=\"https:\/\/indexadhu.hit.gemius.pl\/hitredir\/id=nSCbubuYpDWJZLZs0TssLrbt33Lk5kbipuiZrkg89G3.g7\/stparam=uciklwjurk\/fastid=efdamtuhsxcjschvtzobuxredglq\/nc=0\/url=https:\/\/www.indapresskiado.hu\/products\/marco-rossi?_pos=1&amp;_psq=rossi&amp;_ss=e&amp;_v=1.0\" target=\"_blank\" rel=\"nofollow noopener\">MEGVESZEM<\/a><\/p>\n<p>    <img loading=\"lazy\" decoding=\"async\" src=\"https:\/\/www.europesays.com\/hu\/wp-content\/uploads\/2026\/09\/1788700990_185_nc=0.gif\" border=\"0\" height=\"0\" width=\"0\"\/><\/p>\n<p>    <img decoding=\"async\" src=\"https:\/\/index.hu\/assets\/images\/social-follow\/logo-big.svg\" alt=\"Index.hu logo\"\/><\/p>\n<p>K\u00f6vesse az Indexet Facebookon is!<\/p>\n<p>    <a href=\"https:\/\/facebook.com\/Indexhu\" target=\"_blank\" rel=\"nofollow noopener\"><\/p>\n<p>        K\u00f6vetem!<br \/>\n    <\/a><\/p>\n","protected":false},"excerpt":{"rendered":"A portug\u00e1l tr\u00e9ner \u2013 aki a riv\u00e1lis Internazional\u00e9val t\u00f6rt\u00e9nelmi tripl\u00e1z\u00e1st mutatott be anno \u2013 sz\u00e1m\u00e1ra a k\u00f6z\u00e9pp\u00e1lya \u00f6ssze\u00e1ll\u00edt\u00e1sa&hellip;\n","protected":false},"author":2,"featured_media":235012,"comment_status":"","ping_status":"","sticky":false,"template":"","format":"standard","meta":{"footnotes":"","_share_on_mastodon":"0"},"categories":[14],"tags":[13367,27320,1812,19966,61822,44,42,40,4399,2172,43,41,2310,45,131],"class_list":["post-235011","post","type-post","status-publish","format-standard","has-post-thumbnail","category-sport","tag-arda-guler","tag-aurelien-tchouameni","tag-bajnokok-ligaja","tag-bernardo-silva","tag-eduardo-camavinga","tag-hu","tag-hungarian","tag-hungary","tag-internazionale","tag-jose-mourinho","tag-magyar","tag-magyarorszag","tag-real-madrid","tag-sport","tag-sports"],"share_on_mastodon":{"url":"https:\/\/pubeurope.com\/@hu\/117224315920658382","error":""},"_links":{"self":[{"href":"https:\/\/www.europesays.com\/hu\/wp-json\/wp\/v2\/posts\/235011","targetHints":{"allow":["GET"]}}],"collection":[{"href":"https:\/\/www.europesays.com\/hu\/wp-json\/wp\/v2\/posts"}],"about":[{"href":"https:\/\/www.europesays.com\/hu\/wp-json\/wp\/v2\/types\/post"}],"author":[{"embeddable":true,"href":"https:\/\/www.europesays.com\/hu\/wp-json\/wp\/v2\/users\/2"}],"replies":[{"embeddable":true,"href":"https:\/\/www.europesays.com\/hu\/wp-json\/wp\/v2\/comments?post=235011"}],"version-history":[{"count":0,"href":"https:\/\/www.europesays.com\/hu\/wp-json\/wp\/v2\/posts\/235011\/revisions"}],"wp:featuredmedia":[{"embeddable":true,"href":"https:\/\/www.europesays.com\/hu\/wp-json\/wp\/v2\/media\/235012"}],"wp:attachment":[{"href":"https:\/\/www.europesays.com\/hu\/wp-json\/wp\/v2\/media?parent=235011"}],"wp:term":[{"taxonomy":"category","embeddable":true,"href":"https:\/\/www.europesays.com\/hu\/wp-json\/wp\/v2\/categories?post=235011"},{"taxonomy":"post_tag","embeddable":true,"href":"https:\/\/www.europesays.com\/hu\/wp-json\/wp\/v2\/tags?post=235011"}],"curies":[{"name":"wp","href":"https:\/\/api.w.org\/{rel}","templated":true}]}}