{"id":235055,"date":"2026-09-06T14:11:08","date_gmt":"2026-09-06T14:11:08","guid":{"rendered":"https:\/\/www.europesays.com\/hu\/235055\/"},"modified":"2026-09-06T14:11:08","modified_gmt":"2026-09-06T14:11:08","slug":"index-sport-konnyek-kozott-az-olaszok-boduletesen-nagy-balesetet-szenvedett-charles-leclerc-monzaban-video","status":"publish","type":"post","link":"https:\/\/www.europesays.com\/hu\/235055\/","title":{"rendered":"Index &#8211; Sport &#8211; K\u00f6nnyek k\u00f6z\u00f6tt az olaszok: b\u0151d\u00fcletesen nagy balesetet szenvedett Charles Leclerc Monz\u00e1ban \u2013 vide\u00f3!"},"content":{"rendered":"<p>Az \u0151szi folytat\u00e1sra kellemesen l\u00e1that\u00f3 el\u0151nnyel, \u00e9s egy laza 30 helyes rajtb\u00fcntet\u00e9ssel \u00e9rkezett meg a hazai futam\u00e1ra k\u00e9sz\u00fcl\u0151 Kimi Antonelli, a fiatal olasz vil\u00e1gbajnoki es\u00e9lyeibe <a href=\"https:\/\/index.hu\/sport\/forma1\/2026\/09\/03\/2026-formula-1-vilagbajnoksag-allas-oszi-felev-kimi-antonelli-george-russell-mercedes-vilagbajnok\/\" id=\"hyperlink_87ad56e1629b656dccdf0fccfc769d63\" target=\"_blank\" title=\"M\u00e1r mindenki Antonellit l\u00e1tta F1-vil\u00e1gbajnoknak, de j\u00f6tt a c\u00edmv\u00e9d\u0151, \u00e9s mindent megkavart\" data-recommendation=\"bekezdes_utan\" data-recommendation-preview=\"{&quot;og:title&quot;:&quot;M\u00e1r mindenki Antonellit l\u00e1tta F1-vil\u00e1gbajnoknak, de j\u00f6tt a c\u00edmv\u00e9d\\u0151, \u00e9s mindent megkavart&quot;,&quot;og:description&quot;:&quot;Verstappen egyel\\u0151re a vert mez\\u0151nyben, de nagy hat\u00e1ssal lehet a v\u00e9geredm\u00e9nyre.&quot;,&quot;og:image&quot;:&quot;\\\/\\\/kep.cdn.indexvas.hu\\\/1\\\/0\\\/7137\\\/71371\\\/713710\\\/71371001_5262883_467b42ae5133aec770e1474429b2691a_wm.jpg&quot;}\" data-recommendation-id=\"6271037\" rel=\"nofollow noopener\">az elm\u00falt futamokon ugyanakkor v\u00e1ratlan helyr\u0151l \u00e9rkezett belekavar\u00f3 pil\u00f3ta.<\/a><\/p>\n<p>                        Russellt a legv\u00e9g\u00e9n sokkolt\u00e1k az id\u0151m\u00e9r\u0151n<\/p>\n<p>Az Olasz Nagyd\u00edjat nem meglep\u0151 m\u00f3don er\u0151sen kezdte a Ferrari, Charles Leclerc 1:23.008-cal adta meg az alaphangot, de a p\u00e9nteki m\u00e1sodik szabadedz\u00e9sre a m\u00e1r valamelyest a Mercedes is feljebb csavarta a dolgokat, \u00edgy <a href=\"https:\/\/index.hu\/sport\/forma1\/2026\/09\/04\/olasz-nagydij-2026-monza-szabadedzesek-pentek-ferrari-mclaren-mercedes-red-bull\/\" id=\"hyperlink_d30db21c59489cf8b3b9b90afdac75ba\" target=\"_blank\" title=\"Ferrari-dominanci\u00e1val indult az Olasz Nagyd\u00edj, majd meg\u00e9rkezett a Mercedes\" rel=\"nofollow noopener\">George Russell vitte el a napot (1:22.559).\u00a0<\/a><\/p>\n<p>Szombaton is a Mercedes britje (1:22.219) hangolt a legjobban az id\u0151m\u00e9r\u0151 edz\u00e9sre, ott azonban a v\u00e9g\u00e9n j\u00f6tt az \u00f3ri\u00e1si meglepet\u00e9s! B\u00e1r ahogyan az id\u0151m\u00e9r\u0151 alakult, igaz\u00e1b\u00f3l m\u00e1r nem is jelentett akkora d\u00f6bbenetet, hogy Pierre Gasly j\u00f3l szerepelt, de az els\u0151 hely\u00e9re kevesen fogadtak volna.<\/p>\n<p>Nem ak\u00e1rmilyen napok vannak az Alpine francia pil\u00f3t\u00e1ja m\u00f6g\u00f6tt, hiszen p\u00e9nteken \u2013 h\u00e1rom h\u00f3nappal a futam ut\u00e1n \u2013 elvett\u00e9k <a href=\"https:\/\/index.hu\/sport\/motorsport\/2026\/09\/04\/formula-1-f1-fia-pierre-gasly-monacoi-nagydij-isack-hadjar-harmadik-hely-buntetes\/\" id=\"hyperlink_6a88870fd61955edd7c3950da64a53a8\" target=\"_blank\" title=\"H\u00e1rom h\u00f3nappal a Monac\u00f3i Nagyd\u00edj ut\u00e1n vett\u00e9k el az F1-es pil\u00f3ta dobog\u00f3j\u00e1t\" rel=\"nofollow noopener\">a monac\u00f3i dobog\u00f3j\u00e1t,<\/a>\u00a0szombaton pedig <a href=\"https:\/\/index.hu\/sport\/forma1\/2026\/09\/05\/lewis-hamilton-max-verstappen-idomero-edzes-monza-olaszorszag\/\" id=\"hyperlink_620a877736ec8348cecd49a842ab2556\" target=\"_blank\" title=\"Lewis Hamilton \u00e9s Max Verstappen majdnem \u00f6ssze\u00fctk\u00f6z\u00f6tt Monz\u00e1ban\" data-recommendation=\"bekezdes_utan\" data-recommendation-preview=\"{&quot;og:title&quot;:&quot;Lewis Hamilton \u00e9s Max Verstappen majdnem \u00f6ssze\u00fctk\u00f6z\u00f6tt Monz\u00e1ban&quot;,&quot;og:description&quot;:&quot;Bombameglepet\u00e9ssel \u00e9rt v\u00e9get az id\\u0151m\u00e9r\\u0151 edz\u00e9s.&quot;,&quot;og:image&quot;:&quot;\\\/\\\/kep.cdn.indexvas.hu\\\/1\\\/0\\\/7141\\\/71413\\\/714134\\\/71413411_5265831_08b9c1fa236e216e1f55aa956f32b83a_wm.jpg&quot;}\" data-recommendation-id=\"6272683\" rel=\"nofollow noopener\">karrierje els\u0151 pole poz\u00edci\u00f3j\u00e1t szerezte meg.<\/a> Azon a p\u00e1ly\u00e1n, ahol 2020-ban eddigi egyetlen F1-es futamgy\u0151zelm\u00e9t tudta aratni&#8230;\u00a0<\/p>\n<p>A k\u00fcl\u00f6nb\u00f6z\u0151 b\u00fcntet\u00e9sek ut\u00e1n Gasly, Russell, Leclerc, Hamilton, Verstappen, Piastri, Colapinto, Norris, Lindblad, Bortoleto volt az els\u0151 t\u00edz sorrendje a rajt el\u0151tt.<\/p>\n<p>                        Leclerc-r\u0151l sz\u00f3ltak az els\u0151 k\u00f6r\u00f6k, brut\u00e1lis balesettel z\u00e1rult az elk\u00e9peszt\u0151 kezd\u00e9s<\/p>\n<p>A piros l\u00e1mp\u00e1k elalv\u00e1sa ut\u00e1n Gasly meg\u0151rizte els\u0151 hely\u00e9t, Russell nagyot csat\u00e1zott a Ferrarikkal, amelyek k\u00f6z\u00fcl Leclerc leterelte a p\u00e1ly\u00e1r\u00f3l Hamiltont, aki \u00edgy a tizedik helyig cs\u00faszott, panaszkodott is a csaptt\u00e1rs\u00e1ra a h\u00e9tszeres vil\u00e1gbajnok brit.<\/p>\n<p>A franci\u00e1t viszont \u00f3ri\u00e1si er\u0151kkel t\u00e1madta a Mercedes britje, aki a c\u00e9legyenes v\u00e9g\u00e9n megel\u0151zte Gaslyt, \u00e9s m\u00e1r Leclerc is t\u00e1madta, r\u00e1 viszont Verstappen is nagy er\u0151kkel k\u00f6zeledett, \u00e9s v\u00e9g\u00fcl a monac\u00f3i esett \u00e1ldozatul a k\u00f6vetkez\u0151 el\u0151z\u00e9snek.<\/p>\n<p>A 3. k\u00f6rben azt\u00e1n j\u00f6tt a dr\u00e1mai v\u00e9gkifejlet, az ekkor m\u00e1r Oscar Piastrival csat\u00e1z\u00f3 Leclerc a c\u00e9legyenesre vezet\u0151 kanyarban megcs\u00faszott, \u00e9s b\u0151d\u00fcletes er\u0151vel csap\u00f3dott a falba:<\/p>\n<p>\n                          Leclerc \u00f3ri\u00e1si balesete\n                        <\/p>\n<p lang=\"fr\" dir=\"ltr\">LA CATASTROPHE POUR FERRARI, CHARLES LECLERC DANS LE MUR \u00c0 LA PARABOLICA ! \ud83e\udd2f\ud83e\udd2f\ud83e\udd2f<\/p>\n<p>Apr\u00e8s avoir emmen\u00e9 son co\u00e9quipier dans les graviers, la course se termine pour le mon\u00e9gasque.<\/p>\n<p>Le pilote est OK.<a href=\"https:\/\/x.com\/hashtag\/F1?src=hash&amp;ref_src=twsrc%5Etfw\" rel=\"nofollow\">#F1<\/a> <a href=\"https:\/\/x.com\/hashtag\/ItalianGP?src=hash&amp;ref_src=twsrc%5Etfw\" rel=\"nofollow\">#ItalianGP<\/a> <a href=\"https:\/\/t.co\/9KpLnkXuTa\" rel=\"nofollow\">pic.twitter.com\/9KpLnkXuTa<\/a><\/p>\n<p>\u2014 Le Sprint (@LeSprintEdition) <a href=\"https:\/\/x.com\/LeSprintEdition\/status\/2096586457993412948?ref_src=twsrc%5Etfw\" rel=\"nofollow\">September 6, 2026<\/a> <\/p>\n<p>A friss h\u00edrek szerint 50G k\u00f6r\u00fcli er\u0151hat\u00e1ssal j\u00e1r\u00f3 eset ut\u00e1n term\u00e9szetesen hamar piros z\u00e1szl\u00f3val szak\u00edtott\u00e1k f\u00e9lbe a futamot, majd a p\u00e1lya jav\u00edt\u00e1s\u00e1nak haladt\u00e1val jelezt\u00e9k, hogy 15.39-kor folytat\u00f3dhat a k\u00f6r\u00f6zget\u00e9s.<\/p>\n<p>                        Antonelli \u0151r\u00fclt temp\u00f3ban kapaszkodott, Gasly folyamatosan esett vissza<\/p>\n<p>Az \u00fajabb \u00e1ll\u00f3 rajtra Russell, Gasly, Verstappen, Colapinto, Piastri, Norris, Lindblad, Hamilton, Bearman, Ocon sorrendben \u00e9rkezhetett meg az els\u0151 t\u00edzes.<\/p>\n<p>A megszak\u00edtott futam es\u00e9lyt adott r\u00e1, hogy gumit v\u00e1ltsanak a pil\u00f3t\u00e1k, a t\u00f6bbs\u00e9g a kem\u00e9ny kever\u00e9kre szavazott, de Max Verstappen, Lewis Hamilton, Gabriel Bortoleto \u00e9s Kimi Antonelli is k\u00f6zepesen v\u00e1rta az \u00fajabb rajtokat \u2013 merthogy Cunoda Juki rossz be\u00e1ll\u00e1sa miatt ebb\u0151l kett\u0151 is lett.<\/p>\n<p>Nem indultak rosszul az Alpine-ok, de Gasly maradt a m\u00e1sodik helyen, a Verstappennel nagyot csat\u00e1z\u00f3 Colapinto pedig lecs\u00faszott a p\u00e1ly\u00e1r\u00f3l, \u00e9s eg\u00e9szen a 15. poz\u00edci\u00f3ig esett vissza.<\/p>\n<p>Antonelli dupla el\u0151z\u00e9st bemutatva a 7. k\u00f6r elej\u00e9n m\u00e1r a hatodik helyen haladt, \u00e9s k\u00f6zeledett az \u00f3ri\u00e1sit k\u00fczd\u0151 Hamilton, Piastri kett\u0151sre.<\/p>\n<p>Pillanatokkal k\u00e9s\u0151bb Verstappen m\u00e1r Gaslyt megel\u0151zve a m\u00e1sodik helyen haladt, a francia m\u00f6g\u00f6tt \u00f3ri\u00e1si vonatoz\u00e1s indult, mik\u00f6zben Russell l\u00e9legzetv\u00e9telnyi el\u0151nyh\u00f6z jutott az \u00e9len, de a holland az\u00e9rt b\u0151ven l\u0151t\u00e1volban volt.<\/p>\n<p>Olyannyira, hogy a 11. k\u00f6r elej\u00e9n m\u00e1r n\u00e9gy tizeden bel\u00fcl volt, Gaslyt pedig sz\u00e9pen fokozatosan vad\u00e1szt\u00e1k le h\u00e1rman is, ekkor Russell, Verstappen, Hamilton, Piastri, Antonelli, Gasly, Norris, Lindblad, Cunoda \u00e9s Bearman volt az els\u0151 t\u00edz sorrendje.\u00a0<\/p>\n<p>                        A 18. k\u00f6rben m\u00e1r Antonelli vezetett!<\/p>\n<p>Leveg\u0151h\u00f6z is alig juthattunk, mire Verstappen \u00e1tvette a vezet\u00e9st, Hamiltont pedig r\u00f6vid id\u0151 alatt Piastri \u00e9s Antonelli is megel\u0151zte, az olasz pedig a k\u00f6r v\u00e9g\u00e9n az ausztr\u00e1lt is megel\u0151zve m\u00e1r a harmadik volt!<\/p>\n<p>\u00d3ri\u00e1si csata vette kezdet\u00e9t az els\u0151 hely\u00e9rt, a holland foggal-k\u00f6r\u00f6mmel k\u00fczd\u00f6tt a f\u00e9kt\u00e1vokon, \u00edgy Antonelli gyorsan felz\u00e1rk\u00f3zott r\u00e1juk, amikor j\u00f6tt az \u00fajabb csavar: a 15. k\u00f6rben Russell elment Verstappen mellett, majd eggyel k\u00e9s\u0151bb Antonelli is, ekkor m\u00e1r az els\u0151 k\u00e9t helyen haladt a k\u00e9t Mercedes, Hamilton r\u00f6vid id\u0151re megel\u0151zte Piastrit, de a McLaren versenyz\u0151je vissza tudott v\u00e1rni.<\/p>\n<p>A 18. k\u00f6rben j\u00f6tt el a pont, amikor a hazai k\u00f6z\u00f6ns\u00e9g nagy \u00f6r\u00f6m\u00e9re a 19. helyr\u0151l rajtol\u00f3 Antonelli bevet\u0151d\u00f6tt Russell mell\u00e9, \u00e9s \u00e1tvette a vezet\u00e9st!<\/p>\n<p>Ezzel ugyanakkor nem \u00e9rt v\u00e9get a csata, a k\u00f6vetkez\u0151 k\u00f6rben h\u00e1rman voltak egy-k\u00e9t tizeden bel\u00fcl Verstappennel, mik\u00f6zben kicsit leszakadva Hamilton\u00e9k v\u00edvtak nagyot a negyedik hely\u00e9rt \u2013 gyakorlatilag k\u00f6rr\u0151l k\u00f6rre v\u00e1ltozott a pil\u00f3t\u00e1k sorrendje.<\/p>\n<p>\n                          Cikk\u00fcnk friss\u00fcl&#8230;\u00a0\n                        <\/p>\n<p>(Bor\u00edt\u00f3k\u00e9p:\u00a0 A versenyb\u00edr\u00f3k piros z\u00e1szl\u00f3t lengetnek a futam k\u00f6zben. Fot\u00f3: Jakub Porzycki \/ Reuters)<\/p>\n<p><a href=\"https:\/\/dex.hu\/x.php?id=googlepref_desktop&amp;url=https:\/\/google.com\/preferences\/source?q=https:\/\/index.hu\" class=\"google-pref-banner \" id=\"googlePrefBanner\" rel=\"nofollow noopener\" target=\"_blank\"><\/p>\n<p>    Itt \u00e1ll\u00edtsa be, hogy az Index az els\u0151k k\u00f6z\u00f6tt legyen a Google-tal\u00e1latokban!<\/p>\n<p><\/a><\/p>\n<p>    <img decoding=\"async\" src=\"https:\/\/index.hu\/assets\/images\/social-follow\/logo-big.svg\" alt=\"Index.hu logo\"\/><\/p>\n<p>K\u00f6vesse az Indexet Facebookon is!<\/p>\n<p>    <a href=\"https:\/\/facebook.com\/Indexhu\" target=\"_blank\" rel=\"nofollow noopener\"><\/p>\n<p>        K\u00f6vetem!<br \/>\n    <\/a><\/p>\n<p>                    <script async src=\"https:\/\/platform.twitter.com\/widgets.js\" charset=\"utf-8\"><\/script><\/p>\n","protected":false},"excerpt":{"rendered":"Az \u0151szi folytat\u00e1sra kellemesen l\u00e1that\u00f3 el\u0151nnyel, \u00e9s egy laza 30 helyes rajtb\u00fcntet\u00e9ssel \u00e9rkezett meg a hazai futam\u00e1ra k\u00e9sz\u00fcl\u0151&hellip;\n","protected":false},"author":2,"featured_media":235056,"comment_status":"","ping_status":"","sticky":false,"template":"","format":"standard","meta":{"footnotes":"","_share_on_mastodon":"0"},"categories":[33],"tags":[12009,7772,637,638,38,704,8190,35,37,44,42,40,10952,1309,640,43,41,1330,1310,494,34,38640,1327,40715,3056,45,36,39],"class_list":["post-235055","post","type-post","status-publish","format-standard","has-post-thumbnail","category-hirek","tag-alpine","tag-charles-leclerc","tag-f1","tag-ferrari","tag-focimek","tag-formula-1","tag-george-russell","tag-headlines","tag-hirek","tag-hu","tag-hungarian","tag-hungary","tag-kimi-antonelli","tag-lando-norris","tag-lewis-hamilton","tag-magyar","tag-magyarorszag","tag-max-verstappen","tag-mclaren","tag-mercedes","tag-news","tag-olasz-nagydij","tag-oscar-piastri","tag-pierre-gasly","tag-red-bull","tag-sport","tag-top-stories","tag-vezeto-hirek"],"share_on_mastodon":{"url":"https:\/\/pubeurope.com\/@hu\/117224504983274956","error":""},"_links":{"self":[{"href":"https:\/\/www.europesays.com\/hu\/wp-json\/wp\/v2\/posts\/235055","targetHints":{"allow":["GET"]}}],"collection":[{"href":"https:\/\/www.europesays.com\/hu\/wp-json\/wp\/v2\/posts"}],"about":[{"href":"https:\/\/www.europesays.com\/hu\/wp-json\/wp\/v2\/types\/post"}],"author":[{"embeddable":true,"href":"https:\/\/www.europesays.com\/hu\/wp-json\/wp\/v2\/users\/2"}],"replies":[{"embeddable":true,"href":"https:\/\/www.europesays.com\/hu\/wp-json\/wp\/v2\/comments?post=235055"}],"version-history":[{"count":0,"href":"https:\/\/www.europesays.com\/hu\/wp-json\/wp\/v2\/posts\/235055\/revisions"}],"wp:featuredmedia":[{"embeddable":true,"href":"https:\/\/www.europesays.com\/hu\/wp-json\/wp\/v2\/media\/235056"}],"wp:attachment":[{"href":"https:\/\/www.europesays.com\/hu\/wp-json\/wp\/v2\/media?parent=235055"}],"wp:term":[{"taxonomy":"category","embeddable":true,"href":"https:\/\/www.europesays.com\/hu\/wp-json\/wp\/v2\/categories?post=235055"},{"taxonomy":"post_tag","embeddable":true,"href":"https:\/\/www.europesays.com\/hu\/wp-json\/wp\/v2\/tags?post=235055"}],"curies":[{"name":"wp","href":"https:\/\/api.w.org\/{rel}","templated":true}]}}