{"id":235063,"date":"2026-09-06T14:24:19","date_gmt":"2026-09-06T14:24:19","guid":{"rendered":"https:\/\/www.europesays.com\/hu\/235063\/"},"modified":"2026-09-06T14:24:19","modified_gmt":"2026-09-06T14:24:19","slug":"index-tech-tudomany-ilyen-van-itt-a-munkahelyi-csucsdolgozo-aki-nem-sertodik-meg-es-mindent-megcsinal","status":"publish","type":"post","link":"https:\/\/www.europesays.com\/hu\/235063\/","title":{"rendered":"Index &#8211; Tech-Tudom\u00e1ny &#8211; Ilyen van? Itt a munkahelyi cs\u00facsdolgoz\u00f3, aki nem s\u00e9rt\u0151dik meg, \u00e9s mindent megcsin\u00e1l"},"content":{"rendered":"<p>Kaprinay Zolt\u00e1n neve az elm\u00falt k\u00e9t \u00e9vtized magyar v\u00e1llalkoz\u00e1saihoz k\u00f6t\u0151dik: az Index \u00e9s a B\u00f3nusz Brig\u00e1d \u2013 az akci\u00f3s aj\u00e1nlatokat \u00f6sszegy\u0171jt\u0151 kuponoldal \u2013 t\u00e1rsalap\u00edt\u00f3ja, az A38 Haj\u00f3 els\u0151 vezet\u0151je volt, ma pedig az Ipsilon Group egyik alap\u00edt\u00f3ja. Ez ut\u00f3bbi olyan c\u00e9g, amely nem csup\u00e1n t\u0151k\u00e9t tesz indul\u00f3 v\u00e1llalkoz\u00e1sokba, hanem maga \u00e9p\u00edti fel \u0151ket, saj\u00e1t szakemberekkel.<\/p>\n<p>Emellett <a href=\"https:\/\/index.hu\/gazdasag\/2024\/10\/08\/coach-tanacsadas-sparring-partner-in-business-kaprinay-zoltan\/\" id=\"hyperlink_c3f2e9c02db5cbf6ea9645d0086178f5\" target=\"_blank\" title=\"Hemzsegnek az \u00f6njel\u00f6lt szak\u00e9rt\u0151k ebben a szakm\u00e1ban, r\u00e9sen kell lenni\" data-recommendation=\"bekezdes_utan\" data-recommendation-preview=\"{&quot;og:title&quot;:&quot;Hemzsegnek az \u00f6njel\u00f6lt szak\u00e9rt\\u0151k ebben a szakm\u00e1ban, r\u00e9sen kell lenni&quot;,&quot;og:description&quot;:&quot;\u00c9rdemes ellen\\u0151rizni a szakemberek tapasztalatait.&quot;,&quot;og:image&quot;:&quot;\\\/\\\/kep.cdn.indexvas.hu\\\/1\\\/0\\\/5867\\\/58673\\\/586732\\\/58673215_4338131_86b555be895de773d6333ffe6d8136e3_wm.jpg&quot;}\" data-recommendation-id=\"5870511\" rel=\"nofollow noopener\">vezet\u0151i sparring partnerk\u00e9nt<\/a> dolgozik: k\u00fcls\u0151s besz\u00e9lget\u0151t\u00e1rsk\u00e9nt seg\u00edt c\u00e9gvezet\u0151knek megvizsg\u00e1lni a saj\u00e1t d\u00f6nt\u00e9seiket. Arra voltunk k\u00edv\u00e1ncsiak, hogyan alak\u00edtja \u00e1t a mesters\u00e9ges intelligencia azt a legr\u00e9gebbi vezet\u0151i gyakorlatot, amit deleg\u00e1l\u00e1snak h\u00edvunk.<\/p>\n<p>                        N\u00e9gy csapda, ami a vezet\u0151 kez\u00e9ben tartja a munk\u00e1t<\/p>\n<p>Az els\u0151 k\u00e9rd\u00e9s\u00fcnk arra vonatkozott, milyen konkr\u00e9t feladatokn\u00e1l l\u00e1tja, hogy a vezet\u0151 ink\u00e1bb a g\u00e9pnek adja ki azt, amit kor\u00e1bban egy munkat\u00e1rs kapott meg. Kaprinay szerint a v\u00e1lasz nem a feladatlist\u00e1n van, hanem m\u00e9lyebben: mindenki azt hiszi, hogy a deleg\u00e1l\u00e1s id\u0151beoszt\u00e1s k\u00e9rd\u00e9se, pedig val\u00f3j\u00e1ban \u00f6nismereti k\u00e9rd\u00e9s.<\/p>\n<p>N\u00e9gy pszichol\u00f3giai csapd\u00e1t k\u00fcl\u00f6nb\u00f6ztet meg, amelyek a vezet\u0151 kez\u00e9ben tartj\u00e1k a munk\u00e1t.<\/p>\n<p>                        Az els\u0151 a dopamincsapda: gyorsabb, ha \u0151 csin\u00e1lja, az apr\u00f3 sikerek azonnali jutalmat adnak, a strat\u00e9giai munka lass\u00fa megt\u00e9r\u00fcl\u00e9se pedig ezzel nem tud versenyezni.<br \/>\n                        A m\u00e1sodik a j\u00f3fi\u00facsapda, amikor a vezet\u0151 nem akar senkit terhelni, nem tud nemet mondani, \u00e9s ott is elv\u00e9gzi a munk\u00e1t, ahol tan\u00edtania kellene.<br \/>\n                        A harmadik a felfel\u00e9 menedzsel\u00e9s csapd\u00e1ja: mindent tudnom kell, mert a f\u0151n\u00f6k vagy az \u00fcgyf\u00e9l b\u00e1rmikor k\u00e9rdezhet.<br \/>\n                        A negyediket tartja a legm\u00e9lyebbnek, ez az identit\u00e1s csapd\u00e1ja \u2013 ha nem \u00e9n csin\u00e1lom, akkor ki vagyok?<\/p>\n<p>A mesters\u00e9ges intelligencia mind a n\u00e9gyben mened\u00e9ket k\u00edn\u00e1l, de a j\u00f3fi\u00facsapd\u00e1ban a legl\u00e1tv\u00e1nyosabban.<\/p>\n<p>Hajnali kett\u0151kor is dolgozik, \u00e9s sosem n\u00e9z r\u00e1 csal\u00f3dottan.<\/p>\n<p>A g\u00e9p r\u00e1ad\u00e1sul nem k\u00e9rdez vissza, nem s\u00e9rt\u0151dik meg, \u00e9s nem v\u00e1r indokl\u00e1st.<\/p>\n<p>                        Az AI-jal \u00edrt sz\u00f6vegnek szaga van<\/p>\n<p>Megk\u00e9rdezt\u00fck, mit vesznek \u00e9szre az AI t\u00e9rnyer\u00e9s\u00e9r\u0151l a beosztottak. Kaprinay szerint \u00e9szreveszik, csak nem mindig tudj\u00e1k megnevezni: az AI-jal \u00edrt sz\u00f6vegnek szaga van, t\u00fal kerek mondatok, \u00e9s mindenre jut egy \u201eugyanakkor\u201d.<\/p>\n<p>Ami viszont hi\u00e1nyzik bel\u0151le, az a konkr\u00e9tum: a keddi \u00f6sszekacsint\u00e1s, a megbesz\u00e9l\u00e9sen elhangzott egy mondat, ami megmentette az \u00fcgyf\u00e9lprezent\u00e1ci\u00f3t.<\/p>\n<p>Egy g\u00e9ppel \u00edrt \u00e9rt\u00e9kel\u00e9sb\u0151l hi\u00e1nyzik az \u00e9let \u2013 \u00e9s az emberek val\u00f3j\u00e1ban nem az AI-t \u00e9rzik meg, hanem azt, hogy rosszul deleg\u00e1lt\u00e1k a feladatot. Vagy annak a hi\u00e1ny\u00e1t, amit\u0151l egy vezet\u0151 vezet\u0151: hogy v\u00e1llalja a felel\u0151ss\u00e9get minden szav\u00e1\u00e9rt.<\/p>\n<p>A bizalomra ez alattomosan hat. A beosztott nem azt gondolja, hogy a f\u0151n\u00f6ke modern vagy \u00fcgyes, hanem azt, hogy nem sz\u00e1nt r\u00e1 t\u00edz percet.<\/p>\n<p>Kaprinay szerint a j\u00f3fi\u00facsapd\u00e1n\u00e1l a vezet\u0151 emp\u00e1tiak\u00e9nt \u00e9li meg azt, amit a csapata bizalomhi\u00e1nynak \u00e9rez \u2013 a teljes eg\u00e9sz\u00e9ben g\u00e9ppel \u00edrt visszajelz\u00e9s pedig ugyanez, csak felnagy\u00edtva. Hozz\u00e1tette, hogy nem az a baj, ha egy vezet\u0151 AI-jal dolgozik, \u0151 maga is naponta deleg\u00e1l a Claude-nak, az Anthropic mesters\u00e9ges intelligencia-asszisztens\u00e9nek, \u00e9s workshopokat is tart.<\/p>\n<p>A munk\u00e1t kiszervezheted az AI-nak, a meg\u00e9rt\u00e9st soha<\/p>\n<p>\u2013 vallja. Szerinte a\u00a0g\u00e9p \u00edrhat v\u00e1zlatot \u00e9s \u00f6sszeszedheti a t\u00e9nyeket, de a mondanival\u00f3nak a vezet\u0151n\u00e9l kell maradnia, mert a koll\u00e9ga vele dolgozik, nem a modellel.<\/p>\n<p>                        A csend, ami a hibakeres\u00e9s ut\u00e1n j\u00f6n<\/p>\n<p>A m\u00e1sodik jelens\u00e9g, amir\u0151l k\u00e9rdezt\u00fck, a vezet\u0151i \u201eAI-f\u00e9lt\u00e9kenys\u00e9g\u201d: az a bizonytalans\u00e1g, amely akkor keletkezik, amikor a modell m\u00e1sodpercek alatt \u00e1ll\u00edt el\u0151 olyan anyagot, amihez a vezet\u0151 \u00e9vek tapasztalat\u00e1t \u00e9rezte sz\u00fcks\u00e9gesnek.<\/p>\n<p>Kaprinay saj\u00e1t p\u00e9ld\u00e1val v\u00e1laszolt. Egy fontos t\u00e1rgyal\u00e1s el\u0151k\u00e9sz\u00edt\u00e9se n\u00e1la \u00e9vekig k\u00e9t \u00f3r\u00e1t vett ig\u00e9nybe: megnyitotta a LinkedInt \u00e9s a c\u00e9g honlapj\u00e1t, \u00e1tn\u00e9zte a h\u00edreket, \u00e9s \u00edrt egy oldalnyi felk\u00e9sz\u00edt\u0151t.<\/p>\n<p>Amikor el\u0151sz\u00f6r kiadta a feladatot az AI-nak, t\u00edz perc m\u00falva jobb anyagot kapott vissza, mint amit mag\u00e1nak \u00edrt volna. A benne \u00e9l\u0151 szakmai kontroll \u00f6szt\u00f6n\u00f6sen tiltakozott, elkezdett hib\u00e1t keresni \u2013 azt\u00e1n kider\u00fclt, hogy nem az anyaggal van baja, hanem azzal, hogy akkor mi marad neki.<\/p>\n<p>Ugyanezt a sorrendet l\u00e1tja a workshopjain is: hitetlenked\u00e9s, hibakeres\u00e9s, csend.<\/p>\n<p>\u00c9s szerinte a csend a l\u00e9nyeg, mert onnant\u00f3l a vezet\u0151 m\u00e1r nem az eszk\u00f6zr\u0151l gondolkodik, hanem mag\u00e1r\u00f3l. Ez az identit\u00e1s csapd\u00e1ja m\u0171k\u00f6d\u00e9s k\u00f6zben. A r\u00e9gi \u00f6nk\u00e9p szerint \u0151 az, aki megoldja, az \u00e9rt\u00e9k a t\u0171zolt\u00e1s, a b\u00fcszkes\u00e9g pedig az, hogy mindent egyed\u00fcl old meg.<\/p>\n<p>Csakhogy ha a t\u0171zolt\u00e1s az identit\u00e1s, akkor a tudatalatti l\u00e1ngba bor\u00edtja a vil\u00e1got \u2013 am\u00edg a vezet\u0151 \u00f6nk\u00e9pe arra \u00e9p\u00fcl, hogy \u0151 oldja meg a dolgokat, addig minden gyors AI-megold\u00e1s nem seg\u00edts\u00e9g, hanem fenyeget\u00e9s<\/p>\n<p>\u2013 magyar\u00e1zta Kaprinay. Az AI-f\u00e9lt\u00e9kenys\u00e9g teh\u00e1t nem a technol\u00f3gi\u00e1r\u00f3l sz\u00f3l, hanem az \u00f6nk\u00e9p elveszt\u00e9s\u00e9r\u0151l.<\/p>\n<p>Arr\u00f3l, hogy a mesters\u00e9ges intelligencia mekkora munkamennyis\u00e9get k\u00e9pes \u00e1tvenni, nemr\u00e9g egy magyar v\u00e1llalkoz\u00f3 <a href=\"https:\/\/index.hu\/techtud\/2026\/08\/12\/aisummit2026-mesterseges-intelligencia-ai-mi\/\" id=\"hyperlink_c1f1eaf0be875ce30f0a4ef69eeaabd4\" target=\"_blank\" title=\"Tizenegy h\u00f3napnyi munk\u00e1t v\u00e1ltott ki 30 \u00f3ra alatt a mesters\u00e9ges intelligencia\" data-recommendation=\"bekezdes_utan\" data-recommendation-preview=\"{&quot;og:title&quot;:&quot;Tizenegy h\u00f3napnyi munk\u00e1t v\u00e1ltott ki 30 \u00f3ra alatt a mesters\u00e9ges intelligencia&quot;,&quot;og:description&quot;:&quot;Szoftvermoderniz\u00e1ci\u00f3s, marketing-, adminisztr\u00e1ci\u00f3s \u00e9s riport\u00e1l\u00e1si feladatokat v\u00e9geztek az AI-\u00fcgyn\u00f6k\u00f6k.&quot;,&quot;og:image&quot;:&quot;\\\/\\\/kep.cdn.indexvas.hu\\\/1\\\/0\\\/7096\\\/70964\\\/709649\\\/70964905_5233915_5e98cfef6027e816cf608b3045ed68a7_wm.jpg&quot;}\" data-recommendation-id=\"6261821\" rel=\"nofollow noopener\">sz\u00e1molt be az Indexnek<\/a>, \u00e1ll\u00edt\u00e1sa szerint nagyj\u00e1b\u00f3l tizenegy h\u00f3napnyi hagyom\u00e1nyos munk\u00e1t v\u00e1ltott ki AI-\u00fcgyn\u00f6k\u00f6kkel, harminc \u00f3ra saj\u00e1t r\u00e1ford\u00edt\u00e1ssal.<\/p>\n<p>                        \u00d6t szint a \u201ecsin\u00e1ld pontosan\u201d \u00e9s a \u201ed\u00f6nts te\u201d k\u00f6z\u00f6tt<\/p>\n<p>Arra k\u00e9rt\u00fck, h\u00fazza meg a hat\u00e1rt: mit adhat \u00e1t nyugodtan a vezet\u0151, \u00e9s mit nem szabad soha. Az alapelv szerinte ugyanaz, mint az emberekn\u00e9l:<\/p>\n<p>tartsd meg azt, amit csak te tudsz j\u00f3l, \u00e9s engedd el azt, amit m\u00e1s olcs\u00f3bban megcsin\u00e1l.<\/p>\n<p>Nyugodtan \u00e1tadhat\u00f3 minden, ami el\u0151k\u00e9sz\u00edt\u00e9s \u2013 kutat\u00e1s, elemz\u00e9s, \u00f6sszefoglal\u00f3, opci\u00f3k, els\u0151 v\u00e1zlatok, adminisztr\u00e1ci\u00f3. De a \u201emit\u201d csak az els\u0151 k\u00e9rd\u00e9s, a m\u00e1sodikat a legt\u00f6bb vezet\u0151 kihagyja: mekkora szabads\u00e1ggal adja ki a feladatot.<\/p>\n<p>A deleg\u00e1l\u00e1si kudarcok nagy r\u00e9sze ugyanis egyetlen pontra vezethet\u0151 vissza, arra, hogy a vezet\u0151 nem mondta ki a szintet, a m\u00e1sik f\u00e9l pedig nem tudta, meddig mehet el.<\/p>\n<p>Kaprinay \u00f6t szintet k\u00fcl\u00f6nb\u00f6ztet meg a kontroll \u00e9s az \u00f6n\u00e1ll\u00f3s\u00e1g k\u00f6z\u00f6tt, a \u201ecsin\u00e1ld pontosan, ahogy k\u00e9rtem\u201d-t\u0151l a \u201ed\u00f6nts, cselekedj, \u00e9s csak akkor sz\u00f3lj, ha sz\u00fcks\u00e9ges\u201d-ig.<\/p>\n<p>A l\u00e9nyeg, hogy a szint mindk\u00e9t f\u00e9l sz\u00e1m\u00e1ra vil\u00e1gos \u00e9s kimondott legyen, mert a deleg\u00e1l\u00e1s csak akkor m\u0171k\u00f6dik, ha ugyanazt gondolja a feladatr\u00f3l az, aki kiadja, \u00e9s az, aki kapja. Ugyanilyen fontosnak tartja, hogy mindig legyen felel\u0151s, m\u00e9ghozz\u00e1 egyetlen ember. M\u00e1s az, aki elv\u00e9gzi a munk\u00e1t, \u00e9s m\u00e1s az, aki felel \u00e9rte \u2013 ha a kett\u0151 \u00f6sszecs\u00faszik, abb\u00f3l lesz a \u201emindenki felel\u0151s volt, teh\u00e1t senki\u201d.<\/p>\n<p>Innen l\u00e1tszik a hat\u00e1r is. A d\u00f6nt\u00e9st sosem adn\u00e1 \u00e1t, mert az AI opci\u00f3kat ad, a v\u00e1laszt\u00e1s viszont az ember\u00e9; a felel\u0151ss\u00e9get sem, mert a g\u00e9p megcsin\u00e1lja, de a munka a vezet\u0151 neve alatt megy ki.<\/p>\n<p>Nem deleg\u00e1ln\u00e1 a neh\u00e9z besz\u00e9lget\u00e9seket sem \u2013 a felmond\u00e1s, a konfliktus, a rossz h\u00edr szerinte szemt\u0151l szemben j\u00e1r az embereknek \u2013, \u00e9s nem deleg\u00e1ln\u00e1 a meg\u00e9rt\u00e9st:<\/p>\n<p>aki m\u00e1r azt sem tudja elmagyar\u00e1zni, mi\u00e9rt d\u00f6nt\u00f6tt \u00fagy, ahogy, az nem deleg\u00e1lt, hanem kapitul\u00e1lt<\/p>\n<p>\u2013 vallja. Szerinte besz\u00e9lni kell az AI korl\u00e1tair\u00f3l is, mert a vezet\u0151k hajlamosak t\u00falbecs\u00fclni a g\u00e9pet: az AI nem \u00e9rzi, ha baj van, \u00e9s nem ismeri a bels\u0151 politik\u00e1t, azt, hogy ki kivel van j\u00f3ban.<\/p>\n<p>Azt is elmondta, hogy mit vesz\u00edt a vezet\u0151 visszavonhatatlanul. Kifel\u00e9 a bizalmat, amit a neh\u00e9z pillanatok k\u00f6z\u00f6s meg\u00e9l\u00e9se \u00e9p\u00edt, \u00e9s amit ut\u00f3lag nem lehet visszav\u00e1s\u00e1rolni. Befel\u00e9 pedig az \u00edt\u00e9l\u0151k\u00e9pess\u00e9g\u00e9t: ahogy a Waze leszoktatta a felhaszn\u00e1l\u00f3it a t\u00e1j\u00e9koz\u00f3d\u00e1sr\u00f3l, \u00fagy sorvad el a vezet\u0151i \u00edt\u00e9let is, ha minden m\u00e9rlegel\u00e9st a g\u00e9p v\u00e9gez.<\/p>\n<p>Az elenged\u00e9st\u0151l viszont nem f\u00e9lti a vezet\u0151ket \u2013 szerinte ha egy c\u00e9gben elengedhetetlen a vezet\u0151 \u00e1lland\u00f3 jelenl\u00e9te, akkor nem biztos, hogy j\u00f3l szervezett a munka. Az \u0151 olvasat\u00e1ban a \u201en\u00e9lk\u00fclem is megy\u201d nem a p\u00f3tolhat\u00f3s\u00e1g jele, hanem a vezet\u0151i siker m\u00e9rc\u00e9je.<\/p>\n<p>                        Csetelnek vele, de nem deleg\u00e1lnak neki<\/p>\n<p>V\u00e9g\u00fcl arr\u00f3l k\u00e9rdezt\u00fck, hol tart mindebben a hazai vezet\u0151i r\u00e9teg. Kaprinay h\u00e1rom sz\u00e1mot eml\u00edtett a saj\u00e1t workshopjair\u00f3l, ahol jellemz\u0151en kkv-tulajdonosok \u00e9s nagyv\u00e1llalati vezet\u0151k \u00fclnek, \u00e9s ahol a regisztr\u00e1ci\u00f3kor mindig felm\u00e9r\u00e9st k\u00e9sz\u00edt.<\/p>\n<p>A legut\u00f3bbi adatai szerint a r\u00e9sztvev\u0151k 86 sz\u00e1zal\u00e9ka deleg\u00e1l rendszeresen, 70 sz\u00e1zal\u00e9kuk haszn\u00e1l valamilyen AI-t, de csak 16 sz\u00e1zal\u00e9kuk adott m\u00e1r ki t\u00e9nylegesen munk\u00e1t a g\u00e9pnek.<\/p>\n<p>Csetelnek vele, de nem deleg\u00e1lnak neki \u2013 ez a r\u00e9s szerinte a magyar val\u00f3s\u00e1g.<\/p>\n<p>A nemzetk\u00f6zi sz\u00e1mok ugyanezt mutatj\u00e1k nagyban: a kelet-eur\u00f3pai c\u00e9geknek kevesebb mint a tizede haszn\u00e1lja versenyel\u0151nyk\u00e9nt az AI-t, mik\u00f6zben az uni\u00f3s \u00e1tlag h\u00fasz sz\u00e1zal\u00e9k.<\/p>\n<p>Hivatkozott a Massachusetts Institute of Technology (MIT) kutat\u00e1s\u00e1ra is, amely szerint a v\u00e1llalati AI-bevezet\u00e9sek 95 sz\u00e1zal\u00e9ka nem hoz m\u00e9rhet\u0151 eredm\u00e9nyt, mert a c\u00e9gek csak az eszk\u00f6zt vezett\u00e9k be, a folyamatot nem \u00edrt\u00e1k \u00fajra.<\/p>\n<p>Ez szerinte nem innov\u00e1ci\u00f3s, hanem hat\u00e9konys\u00e1gi k\u00e9rd\u00e9s. A magyar helyzetet a workshopjain kapott visszajelz\u00e9sek \u00edrj\u00e1k le a legpontosabban. Az egyik r\u00e9sztvev\u0151 azt \u00edrta neki, hogy \u201eaz AI-nak kor\u00e1bban feladatot adtam, most gondolatot\u201d, egy m\u00e1sik szerint a deleg\u00e1l\u00e1s ink\u00e1bb pszichol\u00f3gia, mint c\u00e9gvezet\u00e9s, egy harmadik pedig k\u00e9t nappal az esem\u00e9ny ut\u00e1n jelezte, hogy el\u0151fizetett, \u00e9s m\u00e1r k\u00e9sz az els\u0151 AI-munkat\u00e1rsa. Van, aki m\u00e1r v\u00e1ltott, van, aki most \u00e9rti meg, \u00e9s a t\u00f6bbs\u00e9g m\u00e9g el sem kezdte.<\/p>\n<p>Az \u00e9letkori k\u00e9rd\u00e9sn\u00e9l \u00e9rdekesebbnek tartja, amit a gyakorlatban l\u00e1t:<\/p>\n<p>a fiatalabbak hamarabb kipr\u00f3b\u00e1lj\u00e1k, de jobban deleg\u00e1lni a tapasztaltabbak tudnak, mert \u0151k tudj\u00e1k, mit akarnak, \u00e9s er\u0151sebb a kritikus gondolkod\u00e1suk.<\/p>\n<p>Aki az AI-nak j\u00f3l deleg\u00e1l, az szerinte az embereinek is jobban fog, mert a g\u00e9p r\u00e1k\u00e9nyszer\u00edti, hogy tiszt\u00e1n kimondja a feladatot, a szabads\u00e1got, a kontextust \u00e9s a felel\u0151ss\u00e9get.<\/p>\n<p>Mindezt kock\u00e1zat n\u00e9lk\u00fcl lehet gyakorolni. Ha a vezet\u0151 rosszul fogalmaz, a modell nem s\u00e9rt\u0151dik meg, \u00e9s ha t\u00edzszer \u00fajrakezdi, nem f\u00e1rad el. Aki viszont embernek sem tudott soha deleg\u00e1lni, az a g\u00e9pt\u0151l hi\u00e1ba v\u00e1r csod\u00e1t \u2013 a v\u00e9g\u00e9n ugyanis nem az a k\u00e9rd\u00e9s, mit tud az AI, hanem hogy mennyire ismeri a vezet\u0151 kontextus\u00e1t.<\/p>\n<p>\n                          (Bor\u00edt\u00f3k\u00e9p: Egy alkalmazott dolgozik az irod\u00e1j\u00e1ban. Fot\u00f3:\u00a0Joe Amon \/ Getty Images)\n                        <\/p>\n<p><a href=\"https:\/\/dex.hu\/x.php?id=googlepref_desktop&amp;url=https:\/\/google.com\/preferences\/source?q=https:\/\/index.hu\" class=\"google-pref-banner \" id=\"googlePrefBanner\" rel=\"nofollow noopener\" target=\"_blank\"><\/p>\n<p>    Itt \u00e1ll\u00edtsa be, hogy az Index az els\u0151k k\u00f6z\u00f6tt legyen a Google-tal\u00e1latokban!<\/p>\n<p><\/a><\/p>\n<p>      <a class=\"\" href=\"https:\/\/indexadhu.hit.gemius.pl\/hitredir?id=d7.rQk91pCyMn7AhP950spbfLW9UV09Vz2WGFmgcDGv.N7&amp;stparam=ubqqhsgonq&amp;fastid=iaaimdmjgovrqxgmpnrdbsbmcajp&amp;nc=0&amp;url=https:\/\/aisummitbudapest.hu\/\" target=\"_blank\" rel=\"nofollow noopener\"><img decoding=\"async\" src=\"https:\/\/www.europesays.com\/hu\/wp-content\/uploads\/2026\/09\/1788704656_804_69486391_58fec5c1ccb7a721181e512a7783d891_wm.jpg\" width=\"100%\"\/><\/a><\/p>\n<p><img loading=\"lazy\" decoding=\"async\" src=\"https:\/\/www.europesays.com\/hu\/wp-content\/uploads\/2026\/09\/1788704657_879_redot.gif\" border=\"0\" height=\"0\" width=\"0\"\/><\/p>\n<p>                <a href=\"https:\/\/konyvek.index.hu\/\" target=\"_blank\" rel=\"nofollow noopener\"><br \/>\n                <img decoding=\"async\" src=\"https:\/\/index.hu\/assets\/images\/konyvajanlo\/book_indapress\/book_indapress_logo.svg\" loading=\"lazy\" alt=\"Inda Press Kiad\u00f3\"\/><br \/>\n                <\/a><\/p>\n<p>                <img decoding=\"async\" src=\"https:\/\/www.europesays.com\/hu\/wp-content\/uploads\/2026\/09\/1788704659_606_whatsnext.png\" loading=\"lazy\" alt=\"What's next is now!\"\/><\/p>\n<p>Mi lenne, ha a j\u00f6v\u0151 nem csak t\u00f6rt\u00e9nne veled, hanem te alak\u00edtan\u00e1d? Ez a k\u00f6nyv seg\u00edt felk\u00e9sz\u00fclni, sosem tapasztalt m\u00f3don. Tedd meg az els\u0151 l\u00e9p\u00e9st most.  <\/p>\n<p>                <a class=\"book_index_btn\" href=\"https:\/\/indexadhu.hit.gemius.pl\/hitredir?id=nSCbubuYpDWJZLZs0TssLrbt33Lk5kbipuiZrkg89G3.g7&amp;stparam=vcfjpqgmbf&amp;fastid=lplbwtajxrtlabdtadgtgveqxwlp&amp;nc=0&amp;url=https:\/\/www.indapresskiado.hu\/products\/whats-next-is-now-tervezd-a-jelent\" target=\"_blank\" rel=\"nofollow noopener\">MEGVESZEM<\/a><\/p>\n<p>    <img decoding=\"async\" src=\"https:\/\/www.europesays.com\/hu\/wp-content\/uploads\/2026\/09\/1788704659_518_redot.gif\"\/><\/p>\n<p>    <img decoding=\"async\" src=\"https:\/\/index.hu\/assets\/images\/social-follow\/logo-big.svg\" alt=\"Index.hu logo\"\/><\/p>\n<p>K\u00f6vesse az Indexet Facebookon is!<\/p>\n<p>    <a href=\"https:\/\/facebook.com\/Indexhu\" target=\"_blank\" rel=\"nofollow noopener\"><\/p>\n<p>        K\u00f6vetem!<br \/>\n    <\/a><\/p>\n","protected":false},"excerpt":{"rendered":"Kaprinay Zolt\u00e1n neve az elm\u00falt k\u00e9t \u00e9vtized magyar v\u00e1llalkoz\u00e1saihoz k\u00f6t\u0151dik: az Index \u00e9s a B\u00f3nusz Brig\u00e1d \u2013 az&hellip;\n","protected":false},"author":2,"featured_media":235064,"comment_status":"","ping_status":"","sticky":false,"template":"","format":"standard","meta":{"footnotes":"","_share_on_mastodon":"0"},"categories":[6],"tags":[282,35068,35419,53133,152,23856,44,42,40,61830,43,41,283,357],"class_list":["post-235063","post","type-post","status-publish","format-standard","has-post-thumbnail","category-magyarorszag","tag-ai","tag-ai-summit","tag-ai-summit-2026","tag-aisummit2026","tag-ce-napi","tag-feltekenyseg","tag-hu","tag-hungarian","tag-hungary","tag-kaprinay-zoltan","tag-magyar","tag-magyarorszag","tag-mesterseges-intelligencia","tag-tech-tudomany"],"share_on_mastodon":{"url":"https:\/\/pubeurope.com\/@hu\/117224555949775281","error":""},"_links":{"self":[{"href":"https:\/\/www.europesays.com\/hu\/wp-json\/wp\/v2\/posts\/235063","targetHints":{"allow":["GET"]}}],"collection":[{"href":"https:\/\/www.europesays.com\/hu\/wp-json\/wp\/v2\/posts"}],"about":[{"href":"https:\/\/www.europesays.com\/hu\/wp-json\/wp\/v2\/types\/post"}],"author":[{"embeddable":true,"href":"https:\/\/www.europesays.com\/hu\/wp-json\/wp\/v2\/users\/2"}],"replies":[{"embeddable":true,"href":"https:\/\/www.europesays.com\/hu\/wp-json\/wp\/v2\/comments?post=235063"}],"version-history":[{"count":0,"href":"https:\/\/www.europesays.com\/hu\/wp-json\/wp\/v2\/posts\/235063\/revisions"}],"wp:featuredmedia":[{"embeddable":true,"href":"https:\/\/www.europesays.com\/hu\/wp-json\/wp\/v2\/media\/235064"}],"wp:attachment":[{"href":"https:\/\/www.europesays.com\/hu\/wp-json\/wp\/v2\/media?parent=235063"}],"wp:term":[{"taxonomy":"category","embeddable":true,"href":"https:\/\/www.europesays.com\/hu\/wp-json\/wp\/v2\/categories?post=235063"},{"taxonomy":"post_tag","embeddable":true,"href":"https:\/\/www.europesays.com\/hu\/wp-json\/wp\/v2\/tags?post=235063"}],"curies":[{"name":"wp","href":"https:\/\/api.w.org\/{rel}","templated":true}]}}