{"id":235086,"date":"2026-09-06T14:52:15","date_gmt":"2026-09-06T14:52:15","guid":{"rendered":"https:\/\/www.europesays.com\/hu\/235086\/"},"modified":"2026-09-06T14:52:15","modified_gmt":"2026-09-06T14:52:15","slug":"tram-train-epul-a-borsodi-varosok-kozott","status":"publish","type":"post","link":"https:\/\/www.europesays.com\/hu\/235086\/","title":{"rendered":"Tram-train \u00e9p\u00fcl a borsodi v\u00e1rosok k\u00f6z\u00f6tt"},"content":{"rendered":"<p>Traim-train \u00e9p\u00fcl Borsod-Aba\u00faj-Zempl\u00e9n megye nagyobb v\u00e1rosai k\u00f6z\u00f6tt\u00a0\u2013 <a href=\"https:\/\/www.facebook.com\/reel\/1393851136197218\" target=\"_blank\" rel=\"nofollow noopener\">jelentette be<\/a> Vit\u00e9zy D\u00e1vid k\u00f6zleked\u00e9si \u00e9s beruh\u00e1z\u00e1si miniszter. A vas\u00fat \u00e9s villamos kombin\u00e1ci\u00f3jak\u00e9nt m\u0171k\u00f6d\u0151 h\u00e1l\u00f3zat meg\u00e1ll\u00f3i a tervek szerint k\u00f6zelebb ker\u00fclnek a v\u00e1rosok k\u00f6zpontj\u00e1hoz.\u00a0<\/p>\n<p>\u201eA c\u00e9l egy olyan, a megl\u00e9v\u0151 vas\u00fati infrastrukt\u00far\u00e1ra \u00e9p\u00fcl\u0151 h\u00e1l\u00f3zat kialak\u00edt\u00e1sa, amely Tisza\u00fajv\u00e1ros, Miskolc, Kazincbarcika \u00e9s ak\u00e1r \u00d3zd t\u00e9rs\u00e9g\u00e9t is \u00f6sszekapcsolhatja\u201d\u00a0\u2013 mondta Vit\u00e9zy.<\/p>\n<p>A n\u00e9gy v\u00e1rosban \u00f6sszesen k\u00f6zel 210 ezer ember \u00e9l, k\u00f6z\u00fcl\u00fck t\u00f6bb mint 140 ezren a megyesz\u00e9khelyen, Miskolcon. A tram-train tervez\u00e9se megkezd\u0151d\u00f6tt, de Vit\u00e9zy arra figyelmeztetett, hogy a megval\u00f3s\u00edt\u00e1s hossz\u00fa t\u00e1v\u00fa feladat, teh\u00e1t bel\u00e1that\u00f3 id\u0151n bel\u00fcl nem v\u00e1rhat\u00f3 a szem\u00e9lyforgalom elindul\u00e1sa.<\/p>\n","protected":false},"excerpt":{"rendered":"Traim-train \u00e9p\u00fcl Borsod-Aba\u00faj-Zempl\u00e9n megye nagyobb v\u00e1rosai k\u00f6z\u00f6tt\u00a0\u2013 jelentette be Vit\u00e9zy D\u00e1vid k\u00f6zleked\u00e9si \u00e9s beruh\u00e1z\u00e1si miniszter. A vas\u00fat \u00e9s&hellip;\n","protected":false},"author":2,"featured_media":235087,"comment_status":"","ping_status":"","sticky":false,"template":"","format":"standard","meta":{"footnotes":"","_share_on_mastodon":"0"},"categories":[6],"tags":[44,42,40,456,43,41,454,5164,593],"class_list":["post-235086","post","type-post","status-publish","format-standard","has-post-thumbnail","category-magyarorszag","tag-hu","tag-hungarian","tag-hungary","tag-kozossegi-kozlekedes","tag-magyar","tag-magyarorszag","tag-makro","tag-miskolc","tag-vitezy-david"],"share_on_mastodon":{"url":"https:\/\/pubeurope.com\/@hu\/117224665709146919","error":""},"_links":{"self":[{"href":"https:\/\/www.europesays.com\/hu\/wp-json\/wp\/v2\/posts\/235086","targetHints":{"allow":["GET"]}}],"collection":[{"href":"https:\/\/www.europesays.com\/hu\/wp-json\/wp\/v2\/posts"}],"about":[{"href":"https:\/\/www.europesays.com\/hu\/wp-json\/wp\/v2\/types\/post"}],"author":[{"embeddable":true,"href":"https:\/\/www.europesays.com\/hu\/wp-json\/wp\/v2\/users\/2"}],"replies":[{"embeddable":true,"href":"https:\/\/www.europesays.com\/hu\/wp-json\/wp\/v2\/comments?post=235086"}],"version-history":[{"count":0,"href":"https:\/\/www.europesays.com\/hu\/wp-json\/wp\/v2\/posts\/235086\/revisions"}],"wp:featuredmedia":[{"embeddable":true,"href":"https:\/\/www.europesays.com\/hu\/wp-json\/wp\/v2\/media\/235087"}],"wp:attachment":[{"href":"https:\/\/www.europesays.com\/hu\/wp-json\/wp\/v2\/media?parent=235086"}],"wp:term":[{"taxonomy":"category","embeddable":true,"href":"https:\/\/www.europesays.com\/hu\/wp-json\/wp\/v2\/categories?post=235086"},{"taxonomy":"post_tag","embeddable":true,"href":"https:\/\/www.europesays.com\/hu\/wp-json\/wp\/v2\/tags?post=235086"}],"curies":[{"name":"wp","href":"https:\/\/api.w.org\/{rel}","templated":true}]}}