{"id":235140,"date":"2026-09-06T15:49:12","date_gmt":"2026-09-06T15:49:12","guid":{"rendered":"https:\/\/www.europesays.com\/hu\/235140\/"},"modified":"2026-09-06T15:49:12","modified_gmt":"2026-09-06T15:49:12","slug":"telex-turistatomegek-leptek-el-a-dobrudzsai-falut-hogy-a-chatgpt-altal-bekamuzott-halaszlefesztivalon-vegyenek-reszt","status":"publish","type":"post","link":"https:\/\/www.europesays.com\/hu\/235140\/","title":{"rendered":"Telex: Turistat\u00f6megek lept\u00e9k el a dobrudzsai falut, hogy a ChatGPT \u00e1ltal bekamuzott hal\u00e1szl\u00e9fesztiv\u00e1lon vegyenek r\u00e9szt"},"content":{"rendered":"<p>T\u00f6bb mint t\u00edz turistabusz \u00e9rkezett a h\u00e9tv\u00e9g\u00e9n a Duna-deltai Jurilovc\u00e1ra, a dobrudzsai lipov\u00e1nok hal\u00e1szl\u00e9fesztiv\u00e1lj\u00e1ra. A vend\u00e9gek lelkesek voltak, az \u00fati c\u00e9l stimmelt, egyetlen apr\u00f3s\u00e1g hi\u00e1nyzott: <a href=\"https:\/\/www.news.ro\/social\/tulcea-peste-10-autocare-turisti-au-venit-festivalul-borsului-lipovenesc-jurilovca-evenimentul-organizat-acest-an-primarul-sustine-vinovate-situatii-unele-agentii-turism-inteligenta-artificiala-1922401006112026091522701762\" target=\"_blank\" rel=\"nofollow noopener\">a fesztiv\u00e1l, amelyet id\u00e9n nem rendeztek meg<\/a>. A korg\u00f3 gyomr\u00fa t\u00f6meget a falu polg\u00e1rmestere, Eugen Ion fogadta, aki az esem\u00e9ny f\u0151szervez\u0151jek\u00e9nt k\u00e9nytelen volt k\u00f6z\u00f6lni az \u00e9rkez\u0151kkel, hogy nincsenek kond\u00e9rok, nincs zene, \u00e9s hal\u00e1szl\u00e9 sincs.<\/p>\n<p>A polg\u00e1rmester szerint egyes utaz\u00e1si irod\u00e1k m\u00e1r ny\u00e1r elej\u00e9t\u0151l hirdett\u00e9k a programot, v\u00e1ltozatos id\u0151pontokkal. Volt, aki augusztus v\u00e9g\u00e9re, m\u00e1s szeptember elej\u00e9re vagy k\u00f6zep\u00e9re szervezett utat a telep\u00fcl\u00e9sre. A k\u00edn\u00e1lat teh\u00e1t rugalmas volt, k\u00fcl\u00f6n\u00f6sen ahhoz k\u00e9pest, hogy maga a hal\u00e1szl\u00e9fesztiv\u00e1l nem is l\u00e9tezett.<\/p>\n<p>A szervez\u0151 \u00f6nkorm\u00e1nyzatot a polg\u00e1rmester elmond\u00e1sa szerint egyik \u00e9rintett iroda sem k\u00e9rdezte meg. Pedig egy telefonh\u00edv\u00e1ssal kider\u00fclhetett volna, hogy a rendezv\u00e9ny idei programja meglehet\u0151sen r\u00f6vid: nem lesz. A telep\u00fcl\u00e9s vezet\u00e9se megpr\u00f3b\u00e1lta le\u00e1ll\u00edttani ezeket a szervez\u00e9seket, de nem minden esetben j\u00e1rtak sikerrel. Egyes irod\u00e1k eln\u00e9z\u00e9st k\u00e9rtek, m\u00e1sok egyszer\u0171en visszavont\u00e1k az aj\u00e1nlatot, de akadtak olyanok is, amelyek az internetre \u00e9s a mesters\u00e9ges intelligencia \u00e1lt adott v\u00e1laszokra hivatkozva bizonygatt\u00e1k a szervez\u0151knek, hogy m\u00e1rpedig megtartj\u00e1k a saj\u00e1t fesztiv\u00e1ljukat, mert l\u00e1ttak r\u00f3la besz\u00e1mol\u00f3t.<\/p>\n<p>A polg\u00e1rmester szerint t\u00f6bb turista elmondta neki, hogy a ChatGPT-t\u0151l kapott meger\u0151s\u00edt\u00e9st, hogy a rendezv\u00e9nyt megtartj\u00e1k. A po\u00e9n kedv\u00e9\u00e9rt maga a polg\u00e1rmester is bep\u00f6ty\u00f6gte a k\u00e9rd\u00e9st a g\u00e9pnek, amely k\u00f6z\u00f6lte vele \u2013 a t\u00e9nyleges szervez\u0151vel \u2013, hogy a fesztiv\u00e1l bizony g\u0151zer\u0151vel zajlik, rotyog a hal\u00e1szl\u00e9, nagy a d\u00ednom-d\u00e1nom Jurilovc\u00e1n.<\/p>\n<p><img decoding=\"async\" src=\"https:\/\/www.europesays.com\/hu\/wp-content\/uploads\/2026\/09\/1788702174-temp-jltopo90ehr3afhhipm_cikktorzs:xl.jpg\"  loading=\"lazy\" alt=\"A lipov\u00e1n hal\u00e1szl\u00e9t a kor\u00e1bbi \u00e9vekben 50 kond\u00e9rban f\u0151zt\u00e9k, hogy mindenkinek jusson \u2013 Fot\u00f3: Discover Dobrogea\" class=\"placeholder_\"\/><img decoding=\"async\" src=\"https:\/\/www.europesays.com\/hu\/wp-content\/uploads\/2026\/09\/1788702184-temp-p46khm1lleoi9gmndom_cikktorzs:xl.jpg\"  loading=\"lazy\" alt=\"A lipov\u00e1n hal\u00e1szl\u00e9t a kor\u00e1bbi \u00e9vekben 50 kond\u00e9rban f\u0151zt\u00e9k, hogy mindenkinek jusson \u2013 Fot\u00f3: Discover Dobrogea\" class=\"placeholder_\"\/><\/p>\n<p>A lipov\u00e1n hal\u00e1szl\u00e9t a kor\u00e1bbi \u00e9vekben 50 kond\u00e9rban f\u0151zt\u00e9k, hogy mindenkinek jusson \u2013 Fot\u00f3: Discover Dobrogea<\/p>\n<p>A hal\u00e1szl\u00e9fesztiv\u00e1l egy\u00e9bk\u00e9nt <a href=\"https:\/\/agerpres.ro\/comunicate\/2025\/05\/10\/comunicat-de-presa---primaria-jurilovca--1447865\" target=\"_blank\" rel=\"nofollow noopener\">2009-ben indult, m\u00e9g mind\u00f6ssze k\u00e9tsz\u00e1z r\u00e9sztvev\u0151s helyi \u00fcnneps\u00e9gk\u00e9nt<\/a>, azt\u00e1n h\u00edre ment a gasztrorendezv\u00e9nynek \u00e9s a lipov\u00e1n szak\u00e1csok bogr\u00e1csai k\u00f6r\u00fcl egyre nagyobb lett a sor. A hagyom\u00e1nyos lipov\u00e1n halleves \u00e9s a nagyszab\u00e1s\u00fa koncertek egy\u00fctt tett\u00e9k orsz\u00e1gosan ismertt\u00e9: <a href=\"https:\/\/www.radiovacanta.ro\/stiri\/tulcea-festivalul-borsului-lipovenesc-de-jurilovca-2023-o-editie-a-recordurilor-16372.html\" target=\"_blank\" rel=\"nofollow noopener\">2023-ban p\u00e9ld\u00e1ul Goran Bregovi\u0107 is fell\u00e9pett, \u00e9s a besz\u00e1mol\u00f3k szerint \u00f6tvenezer adag levest f\u0151ztek 55 bogr\u00e1csban<\/a>. A lipov\u00e1n hal\u00e1szl\u00e9, vagyis a bor\u0219 lipovenesc eredetileg a hal\u00e1szok egyszer\u0171, ak\u00e1r a cs\u00f3nakban elk\u00e9sz\u00edtett eb\u00e9dje volt: k\u00fcl\u00f6nlegess\u00e9g\u00e9t a <a href=\"https:\/\/discoverdobrogea.ro\/la-jurilovca-retetele-traditionale-se-transmit-de-la-o-generatie-la-alta-sa-nu-se-piarda\/\" target=\"_blank\" rel=\"nofollow noopener\">frissen fogott, t\u00f6bbf\u00e9le hal \u00e9s az ecettel savany\u00edtott l\u00e9<\/a> adja. Receptje h\u00e1zank\u00e9nt v\u00e1ltozik, de \u00e1ltal\u00e1ban egy z\u00f6lds\u00e9ges alaphoz adj\u00e1k hozz\u00e1 a halat, majd a megf\u0151tt haldarabokat gyakran <a href=\"https:\/\/www.descoperadeltadunarii.ro\/bors-de-peste-lipovenesc\/\" target=\"_blank\" rel=\"nofollow noopener\">k\u00fcl\u00f6n, fokhagym\u00e1s m\u00e1rt\u00e1ssal, azaz muzsd\u00e9jjal t\u00e1lalj\u00e1k<\/a>. Vonzereje a friss alapanyagokban \u00e9s a helyi hal\u00e1szhagyom\u00e1nyban rejlik, orsz\u00e1gos h\u00edrnev\u00e9t pedig a k\u00f6r\u00e9 szervezett fesztiv\u00e1l is er\u0151s\u00edtette. A recept teh\u00e1t viszonylag egyszer\u0171, de a legfontosabb hozz\u00e1val\u00f3t a ChatGPT sem tudta p\u00f3tolni: a val\u00f3di halat.<\/p>\n<p>A turist\u00e1k csal\u00f3dottan szembes\u00fcltek a helyzettel, a polg\u00e1rmester pedig sajn\u00e1lat\u00e1t fejezte ki. A mesters\u00e9ges intelligencia k\u00e9ts\u00e9gk\u00edv\u00fcl remek h\u00e9tv\u00e9gi programokat tud gener\u00e1lni, csak \u00e9pp a vend\u00e9gl\u00e1t\u00f3nak felejt el sz\u00f3lni, hogy gy\u00fajtson al\u00e1 a bogr\u00e1csnak.<\/p>\n","protected":false},"excerpt":{"rendered":"T\u00f6bb mint t\u00edz turistabusz \u00e9rkezett a h\u00e9tv\u00e9g\u00e9n a Duna-deltai Jurilovc\u00e1ra, a dobrudzsai lipov\u00e1nok hal\u00e1szl\u00e9fesztiv\u00e1lj\u00e1ra. A vend\u00e9gek lelkesek voltak,&hellip;\n","protected":false},"author":2,"featured_media":235141,"comment_status":"","ping_status":"","sticky":false,"template":"","format":"standard","meta":{"footnotes":"","_share_on_mastodon":"0"},"categories":[33],"tags":[785,61837,38,10106,61838,35,37,44,42,40,43,41,34,2061,36,2709,39],"class_list":["post-235140","post","type-post","status-publish","format-standard","has-post-thumbnail","category-hirek","tag-chatgpt","tag-dobrudzsa","tag-focimek","tag-halaszle","tag-halaszle-fesztival","tag-headlines","tag-hirek","tag-hu","tag-hungarian","tag-hungary","tag-magyar","tag-magyarorszag","tag-news","tag-romania","tag-top-stories","tag-transtelex","tag-vezeto-hirek"],"share_on_mastodon":{"url":"https:\/\/pubeurope.com\/@hu\/117224890160575387","error":""},"_links":{"self":[{"href":"https:\/\/www.europesays.com\/hu\/wp-json\/wp\/v2\/posts\/235140","targetHints":{"allow":["GET"]}}],"collection":[{"href":"https:\/\/www.europesays.com\/hu\/wp-json\/wp\/v2\/posts"}],"about":[{"href":"https:\/\/www.europesays.com\/hu\/wp-json\/wp\/v2\/types\/post"}],"author":[{"embeddable":true,"href":"https:\/\/www.europesays.com\/hu\/wp-json\/wp\/v2\/users\/2"}],"replies":[{"embeddable":true,"href":"https:\/\/www.europesays.com\/hu\/wp-json\/wp\/v2\/comments?post=235140"}],"version-history":[{"count":0,"href":"https:\/\/www.europesays.com\/hu\/wp-json\/wp\/v2\/posts\/235140\/revisions"}],"wp:featuredmedia":[{"embeddable":true,"href":"https:\/\/www.europesays.com\/hu\/wp-json\/wp\/v2\/media\/235141"}],"wp:attachment":[{"href":"https:\/\/www.europesays.com\/hu\/wp-json\/wp\/v2\/media?parent=235140"}],"wp:term":[{"taxonomy":"category","embeddable":true,"href":"https:\/\/www.europesays.com\/hu\/wp-json\/wp\/v2\/categories?post=235140"},{"taxonomy":"post_tag","embeddable":true,"href":"https:\/\/www.europesays.com\/hu\/wp-json\/wp\/v2\/tags?post=235140"}],"curies":[{"name":"wp","href":"https:\/\/api.w.org\/{rel}","templated":true}]}}