{"id":235142,"date":"2026-09-06T15:50:06","date_gmt":"2026-09-06T15:50:06","guid":{"rendered":"https:\/\/www.europesays.com\/hu\/235142\/"},"modified":"2026-09-06T15:50:06","modified_gmt":"2026-09-06T15:50:06","slug":"rekordot-dontott-a-budapest-felmaraton-tobb-mint-24-ezren-futottak","status":"publish","type":"post","link":"https:\/\/www.europesays.com\/hu\/235142\/","title":{"rendered":"Rekordot d\u00f6nt\u00f6tt a Budapest F\u00e9lmaraton, t\u00f6bb mint 24 ezren futottak"},"content":{"rendered":"<p>\n              A Fidesz buk\u00e1sa \u00f3ta sorra adj\u00e1k el j\u00e1t\u00e9kosaikat az NB I.-es klubok, mintha nem lenne holnap\n              <\/p>\n<p>\n                            A magyar \u00e9lvonalbeli klubok egyetlen ny\u00e1r alatt 16 j\u00e1t\u00e9kost adtak el k\u00fclf\u00f6ldre, amivel soha nem l\u00e1tott bev\u00e9telre tettek szert. Az elad\u00e1si hull\u00e1mot a tavaszi v\u00e1laszt\u00e1sok ut\u00e1ni, sportfinansz\u00edroz\u00e1sban v\u00e1rt forr\u00e1scs\u00f6kken\u00e9s ind\u00edtotta el.                        <\/p>\n<p>A 2026-os korm\u00e1nyv\u00e1lt\u00e1s ut\u00e1ni els\u0151 ny\u00e1ri \u00e1tigazol\u00e1si szezonban val\u00f3s\u00e1ggal felp\u00f6rg\u00f6tt a magyar futballpiac: az NB I-es klubok \u00f6sszesen 16 j\u00e1t\u00e9kost adtak el k\u00fclf\u00f6ldre, amivel rekordot jelent\u0151 34,5 milli\u00f3 eur\u00f3s (aktu\u00e1lis \u00e1rfolyamon t\u00f6bb mint 13 milli\u00e1rd forintos) bev\u00e9telt termeltek.<\/p>\n<p>A jelens\u00e9g h\u00e1tter\u00e9ben a sport\u00e1gba \u00e1raml\u00f3 \u00e1llami \u00e9s NER-k\u00f6zeli forr\u00e1sok v\u00e1rt cs\u00f6kken\u00e9se \u00e1ll, ami a klubokat a j\u00e1t\u00e9koselad\u00e1sok fel\u00e9 terelte, szerencs\u00e9j\u00fckre pedig volt is kikhez ny\u00falniuk a tavaly bevezetett, fiatalokat t\u00e1mogat\u00f3 \u201emagyaraj\u00e1nl\u00e1snak\u201d k\u00f6sz\u00f6nhet\u0151en, melynek keret\u00e9ben a fiatal honfit\u00e1rsak j\u00e1t\u00e9kpercei\u00e9rt p\u00e9nzt kapnak a klubok &#8211; \u00edrja a <a href=\"https:\/\/telex.hu\/sport\/2026\/08\/29\/nb1-nyari-jatekosmozgas-rekordbevetel\" target=\"_blank\" rel=\"noopener noreferrer nofollow\">Telex<\/a>.<\/p>\n<p>A p\u00e9nz\u00fcgyi k\u00f6rnyezet megv\u00e1ltoz\u00e1s\u00e1t az MLSZ f\u0151titk\u00e1ra is el\u0151re jelezte.<\/p>\n<p>V\u00e1gi M\u00e1rton egy j\u00faniusi h\u00e1tt\u00e9rbesz\u00e9lget\u00e9sen \u00fagy fogalmazott: \u201eaz NB I. lehet\u0151s\u00e9gei sz\u0171k\u00fclhetnek, a profikn\u00e1l biztosan kevesebb lesz a p\u00e9nz.\u201d<\/p>\n<p>A legt\u00f6bbet, 9,8 milli\u00f3 eur\u00f3t a bajnok Gy\u0151r kereste, amely h\u00e1rom v\u00e1logatott j\u00e1t\u00e9kos\u00e1t\u00f3l, Csinger M\u00e1rkt\u00f3l (Groningen), T\u00f3th Rajmundt\u00f3l (Konyaspor) \u00e9s Vit\u00e1lis Mil\u00e1nt\u00f3l (AEK Ath\u00e9n) is megv\u00e1lt. Az MTK 5,5 milli\u00f3 eur\u00f3s bev\u00e9telre tett szert \u00f6t j\u00e1t\u00e9kos, k\u00f6zt\u00fck a Sparta Prah\u00e1hoz igazol\u00f3 Vit\u00e1lyos Viktor elad\u00e1s\u00e1val. A Ferencv\u00e1ros Gruber Zsombort adta el 1,7 milli\u00f3\u00e9rt a belga La Louvi\u00e8re csapat\u00e1nak, m\u00edg a ZTE a nig\u00e9riai Akpe Victory\u00e9rt 3 milli\u00f3 eur\u00f3t kapott a sv\u00e1jci Baselt\u0151l.<\/p>\n<p>A Kisv\u00e1rda egy sza\u00fadi klubnak \u00e9rt\u00e9kes\u00edtette Ridwan Popool\u00e1t k\u00f6zel k\u00e9tmilli\u00f3 eur\u00f3\u00e9rt. Jellemz\u0151 a piac felgyorsul\u00e1s\u00e1ra Markgr\u00e1f \u00c1kos esete: a Pusk\u00e1s Akad\u00e9mi\u00e1t\u00f3l egymilli\u00f3 eur\u00f3\u00e9rt vette meg az \u00dajpest, amely egyetlen meccs ut\u00e1n m\u00e1sf\u00e9l milli\u00f3\u00e9rt adta tov\u00e1bb a d\u00e1n FC K\u00f8benhavnhoz.<\/p>\n<p>Ez a 34,5 milli\u00f3s ny\u00e1ri bev\u00e9tel dr\u00e1mai ugr\u00e1s a kor\u00e1bbi \u00e9vekhez k\u00e9pest: a 2013\u20132014-es szezonban a teljes NB I. mind\u00f6ssze 350 ezer eur\u00f3t termelt j\u00e1t\u00e9koselad\u00e1sokb\u00f3l.<\/p>\n<p>A mostani exportrobban\u00e1s egy olyan id\u0151szakot k\u00f6vet, amikor jelent\u0151s \u00e1llami forr\u00e1sok \u00e9rkeztek a magyar futballba. Ez a p\u00e9nzb\u0151s\u00e9g azonban nem felt\u00e9tlen\u00fcl p\u00e1rosult hat\u00e9konys\u00e1ggal is a nemzetk\u00f6zi porondon, \u00e9s a fiatal magyar j\u00e1t\u00e9kosok h\u00e1tt\u00e9rbe szorultak.<\/p>\n<p>A m\u00e9lypont a 2021\u20132022-es szezon volt, amikor a 21 \u00e9v alatti hazaiak a j\u00e1t\u00e9kpercek mind\u00f6ssze 8,7 sz\u00e1zal\u00e9k\u00e1t kapt\u00e1k meg. Ez a trend a tavaly bevezetett, p\u00e9nz\u00fcgyi \u00f6szt\u00f6nz\u0151k\u00f6n alapul\u00f3 \u201emagyaraj\u00e1nl\u00e1ssal\u201d fordult meg, amelynek c\u00e9lja \u00e9ppen az volt, hogy a klubok t\u00f6bb lehet\u0151s\u00e9get adjanak a tehets\u00e9geknek, akiket a forr\u00e1ssz\u0171ke miatt most k\u00e9nytelenek voltak \u00e9rt\u00e9kes\u00edteni.<\/p>\n<p>A 2026-os korm\u00e1nyv\u00e1lt\u00e1s ut\u00e1ni els\u0151 ny\u00e1ri \u00e1tigazol\u00e1si szezonban val\u00f3s\u00e1ggal felp\u00f6rg\u00f6tt a magyar futballpiac: az NB I-es klubok \u00f6sszesen 16 j\u00e1t\u00e9kost adtak el k\u00fclf\u00f6ldre, amivel rekordot jelent\u0151 34,5 milli\u00f3 eur\u00f3s (aktu\u00e1lis \u00e1rfolyamon t\u00f6bb mint 13 milli\u00e1rd forintos) bev\u00e9telt termeltek.<\/p>\n<p>A jelens\u00e9g h\u00e1tter\u00e9ben a sport\u00e1gba \u00e1raml\u00f3 \u00e1llami \u00e9s NER-k\u00f6zeli forr\u00e1sok v\u00e1rt cs\u00f6kken\u00e9se \u00e1ll, ami a klubokat a j\u00e1t\u00e9koselad\u00e1sok fel\u00e9 terelte, szerencs\u00e9j\u00fckre pedig volt is kikhez ny\u00falniuk a tavaly bevezetett, fiatalokat t\u00e1mogat\u00f3 \u201emagyaraj\u00e1nl\u00e1snak\u201d k\u00f6sz\u00f6nhet\u0151en, melynek keret\u00e9ben a fiatal honfit\u00e1rsak j\u00e1t\u00e9kpercei\u00e9rt p\u00e9nzt kapnak a klubok &#8211; \u00edrja a <a href=\"https:\/\/telex.hu\/sport\/2026\/08\/29\/nb1-nyari-jatekosmozgas-rekordbevetel\" target=\"_blank\" rel=\"noopener noreferrer nofollow\">Telex<\/a>.<\/p>\n<p>                        Regisztr\u00e1lj, vagy l\u00e9pj be, hogy tov\u00e1bb tudd olvasni a cikket!<\/p>\n<p>Regisztr\u00e1lok<br \/>\n                        Bel\u00e9pek<\/p>\n","protected":false},"excerpt":{"rendered":"A Fidesz buk\u00e1sa \u00f3ta sorra adj\u00e1k el j\u00e1t\u00e9kosaikat az NB I.-es klubok, mintha nem lenne holnap A magyar&hellip;\n","protected":false},"author":2,"featured_media":235143,"comment_status":"","ping_status":"","sticky":false,"template":"","format":"standard","meta":{"footnotes":"","_share_on_mastodon":"0"},"categories":[22],"tags":[3714,73,61811,8578,7188,15657,44,42,40,61795,43,41,9888,57388],"class_list":["post-235142","post","type-post","status-publish","format-standard","has-post-thumbnail","category-budapest","tag-atletika","tag-budapest","tag-budapest-felmaraton","tag-cimvedes","tag-futas","tag-futoverseny","tag-hu","tag-hungarian","tag-hungary","tag-karsai-gabor","tag-magyar","tag-magyarorszag","tag-maratonfutas","tag-vindics-toth-lili-anna"],"share_on_mastodon":{"url":"https:\/\/pubeurope.com\/@hu\/117224893799406550","error":""},"_links":{"self":[{"href":"https:\/\/www.europesays.com\/hu\/wp-json\/wp\/v2\/posts\/235142","targetHints":{"allow":["GET"]}}],"collection":[{"href":"https:\/\/www.europesays.com\/hu\/wp-json\/wp\/v2\/posts"}],"about":[{"href":"https:\/\/www.europesays.com\/hu\/wp-json\/wp\/v2\/types\/post"}],"author":[{"embeddable":true,"href":"https:\/\/www.europesays.com\/hu\/wp-json\/wp\/v2\/users\/2"}],"replies":[{"embeddable":true,"href":"https:\/\/www.europesays.com\/hu\/wp-json\/wp\/v2\/comments?post=235142"}],"version-history":[{"count":0,"href":"https:\/\/www.europesays.com\/hu\/wp-json\/wp\/v2\/posts\/235142\/revisions"}],"wp:featuredmedia":[{"embeddable":true,"href":"https:\/\/www.europesays.com\/hu\/wp-json\/wp\/v2\/media\/235143"}],"wp:attachment":[{"href":"https:\/\/www.europesays.com\/hu\/wp-json\/wp\/v2\/media?parent=235142"}],"wp:term":[{"taxonomy":"category","embeddable":true,"href":"https:\/\/www.europesays.com\/hu\/wp-json\/wp\/v2\/categories?post=235142"},{"taxonomy":"post_tag","embeddable":true,"href":"https:\/\/www.europesays.com\/hu\/wp-json\/wp\/v2\/tags?post=235142"}],"curies":[{"name":"wp","href":"https:\/\/api.w.org\/{rel}","templated":true}]}}