{"id":26012,"date":"2026-03-14T06:40:12","date_gmt":"2026-03-14T06:40:12","guid":{"rendered":"https:\/\/www.europesays.com\/hu\/26012\/"},"modified":"2026-03-14T06:40:12","modified_gmt":"2026-03-14T06:40:12","slug":"index-belfold-orban-viktor-elarulta-hogyan-tanult-meg-vezetni","status":"publish","type":"post","link":"https:\/\/www.europesays.com\/hu\/26012\/","title":{"rendered":"Index &#8211; Belf\u00f6ld &#8211; Orb\u00e1n Viktor el\u00e1rulta, hogyan tanult meg vezetni"},"content":{"rendered":"<p>        <img decoding=\"async\" src=\"https:\/\/www.europesays.com\/hu\/wp-content\/uploads\/2026\/03\/63773855_2b8e06048002b17e730688d711be87b2_wm.jpg\" alt=\"K\u00e9perny\u0151k\u00e9p 2025-08-10 090728 m\u00e1solat\"\/><\/p>\n<p>\n                Orb\u00e1n Viktor a Facebook-oldal\u00e1n osztotta meg els\u0151 vezet\u00e9si \u00e9lm\u00e9nyeit: elmond\u00e1sa szerint el\u0151sz\u00f6r nagyapja piros Polski fiatj\u00e1t vezette, majd egyetemista kor\u00e1ban iratkozott be egy aut\u00f3siskol\u00e1ba.            <\/p>\n<p>Els\u0151 vezet\u00e9si \u00e9lm\u00e9ny\u00e9r\u0151l mes\u00e9lt Orb\u00e1n Viktor a Facebook-oldal\u00e1ra felt\u00f6lt\u00f6tt vide\u00f3j\u00e1ban. A minisztereln\u00f6k elmond\u00e1sa szerint el\u0151sz\u00f6r a nagyapja piros sz\u00edn\u0171 Polski fiatj\u00e1t vezette, amin begyakorolta a j\u00e1rm\u0171 ir\u00e1ny\u00edt\u00e1s\u00e1t.<\/p>\n<p>Aut\u00f3s iskol\u00e1ba egyetemista kor\u00e1ban iratkozott be, mert azt gondolta, ha Pesten tud vezetni, akkor mindenhol tud vezetni. Elmond\u00e1sa szerint az\u00f3ta pedig \u201et\u00f6bb milli\u00f3 kilom\u00e9tert\u201d vezetett le. Az els\u0151 aut\u00f3ja nem a saj\u00e1tja volt, hanem a feles\u00e9g\u00e9\u00e9, egy \u201ebugyi k\u00e9k\u201d sz\u00edn\u0171 Renault 5-\u00f6s.<\/p>\n<p>A Renaultot pedig nem vezethette, mert a feles\u00e9ge nem engedte meg neki.<\/p>\n<p>\n                          (Bor\u00edt\u00f3k\u00e9p: Orb\u00e1n Viktor \/ Facebook)\u00a0\n                        <\/p>\n<p>                <a href=\"https:\/\/konyvek.index.hu\/\" target=\"_blank\" rel=\"nofollow noopener\"><br \/>\n                <img decoding=\"async\" src=\"https:\/\/index.hu\/assets\/images\/konyvajanlo\/book_indapress\/book_indapress_logo.svg\" loading=\"lazy\" alt=\"Inda Press Kiad\u00f3\"\/><br \/>\n                <\/a><\/p>\n<p>                <img decoding=\"async\" src=\"https:\/\/www.europesays.com\/hu\/wp-content\/uploads\/2026\/02\/1772046968_809_hogyantudnek.png\" loading=\"lazy\" alt=\"Hogyan tudn\u00e9k \u00e9lni n\u00e9lk\u00fcled?\"\/><\/p>\n<p>Ismerd meg a film m\u00f6g\u00f6tt \u00e1ll\u00f3 m\u0171v\u00e9szek t\u00f6rt\u00e9neteit \u00e9s szerezd be a Hogyan tudn\u00e9k \u00e9lni n\u00e9lk\u00fcled? kulisszak\u00f6nyv\u00e9t!<\/p>\n<p>                <a class=\"book_index_btn\" href=\"https:\/\/indexadhu.hit.gemius.pl\/hitredir?id=nSCbubuYpDWJZLZs0TssLrbt33Lk5kbipuiZrkg89G3.g7&amp;stparam=uidhlvpiig&amp;fastid=hlkzmkpizaaluhlbedwldibviqkk&amp;nc=0&amp;url=https:\/\/www.indapresskiado.hu\/products\/hogyan-tudnek-elni-nelkuled\" target=\"_blank\" rel=\"nofollow noopener\">MEGVESZEM<\/a><\/p>\n<p>    <img loading=\"lazy\" decoding=\"async\" src=\"https:\/\/www.europesays.com\/hu\/wp-content\/uploads\/2026\/03\/1773470411_850_redot.gif\" border=\"0\" height=\"0\" width=\"0\"\/><\/p>\n<p>    <img decoding=\"async\" src=\"https:\/\/index.hu\/assets\/images\/social-follow\/logo-big.svg\" alt=\"Index.hu logo\"\/><\/p>\n<p>K\u00f6vesse az Indexet Facebookon is!<\/p>\n<p>    <a href=\"https:\/\/facebook.com\/Indexhu\" target=\"_blank\" rel=\"nofollow noopener\"><\/p>\n<p>        K\u00f6vetem!<br \/>\n    <\/a><\/p>\n","protected":false},"excerpt":{"rendered":"Orb\u00e1n Viktor a Facebook-oldal\u00e1n osztotta meg els\u0151 vezet\u00e9si \u00e9lm\u00e9nyeit: elmond\u00e1sa szerint el\u0151sz\u00f6r nagyapja piros Polski fiatj\u00e1t vezette, majd&hellip;\n","protected":false},"author":2,"featured_media":26013,"comment_status":"","ping_status":"","sticky":false,"template":"","format":"standard","meta":{"footnotes":"","_share_on_mastodon":"0"},"categories":[6],"tags":[115,80,44,42,40,43,41,66,13007,11905,245],"class_list":["post-26012","post","type-post","status-publish","format-standard","has-post-thumbnail","category-magyarorszag","tag-auto","tag-belfold","tag-hu","tag-hungarian","tag-hungary","tag-magyar","tag-magyarorszag","tag-orban-viktor","tag-polski-fiat","tag-renault-5","tag-vezetes"],"share_on_mastodon":{"url":"https:\/\/pubeurope.com\/@hu\/116226164180256605","error":""},"_links":{"self":[{"href":"https:\/\/www.europesays.com\/hu\/wp-json\/wp\/v2\/posts\/26012","targetHints":{"allow":["GET"]}}],"collection":[{"href":"https:\/\/www.europesays.com\/hu\/wp-json\/wp\/v2\/posts"}],"about":[{"href":"https:\/\/www.europesays.com\/hu\/wp-json\/wp\/v2\/types\/post"}],"author":[{"embeddable":true,"href":"https:\/\/www.europesays.com\/hu\/wp-json\/wp\/v2\/users\/2"}],"replies":[{"embeddable":true,"href":"https:\/\/www.europesays.com\/hu\/wp-json\/wp\/v2\/comments?post=26012"}],"version-history":[{"count":0,"href":"https:\/\/www.europesays.com\/hu\/wp-json\/wp\/v2\/posts\/26012\/revisions"}],"wp:featuredmedia":[{"embeddable":true,"href":"https:\/\/www.europesays.com\/hu\/wp-json\/wp\/v2\/media\/26013"}],"wp:attachment":[{"href":"https:\/\/www.europesays.com\/hu\/wp-json\/wp\/v2\/media?parent=26012"}],"wp:term":[{"taxonomy":"category","embeddable":true,"href":"https:\/\/www.europesays.com\/hu\/wp-json\/wp\/v2\/categories?post=26012"},{"taxonomy":"post_tag","embeddable":true,"href":"https:\/\/www.europesays.com\/hu\/wp-json\/wp\/v2\/tags?post=26012"}],"curies":[{"name":"wp","href":"https:\/\/api.w.org\/{rel}","templated":true}]}}