{"id":27169,"date":"2026-03-15T07:13:06","date_gmt":"2026-03-15T07:13:06","guid":{"rendered":"https:\/\/www.europesays.com\/hu\/27169\/"},"modified":"2026-03-15T07:13:06","modified_gmt":"2026-03-15T07:13:06","slug":"index-sport-ket-kozel-keleti-formula-1-es-nagydijat-is-toroltek-az-irani-haboru-miatt","status":"publish","type":"post","link":"https:\/\/www.europesays.com\/hu\/27169\/","title":{"rendered":"Index &#8211; Sport &#8211; K\u00e9t k\u00f6zel-keleti Formula\u20131-es nagyd\u00edjat is t\u00f6r\u00f6ltek az ir\u00e1ni h\u00e1bor\u00fa miatt"},"content":{"rendered":"<p>Az ir\u00e1ni h\u00e1bor\u00faval kapcsolatos biztons\u00e1gi agg\u00e1lyok miatt \u00e1prilisban elmarad <a href=\"https:\/\/index.hu\/sport\/forma1\/2026\/03\/14\/formula-forma-1-f1-mercedes-kinai-nagydij-idomero-pole-pozico-andrea-kimi-antonelli\/\" id=\"hyperlink_c996b77ebf7d62b980a31c4e7c4ee8a8\" target=\"_blank\" title=\"Kimi Antonelli a pole poz\u00edci\u00f3val F1-es t\u00f6rt\u00e9nelmet \u00edrt Sanghajban\" data-recommendation=\"bekezdes_utan\" data-recommendation-preview=\"{&quot;og:title&quot;:&quot;Kimi Antonelli a pole poz\u00edci\u00f3val F1-es t\u00f6rt\u00e9nelmet \u00edrt Sanghajban&quot;,&quot;og:description&quot;:&quot;A Mercedes olasz versenyz\\u0151je a sport\u00e1g legfiatalabb id\\u0151m\u00e9r\\u0151s gy\\u0151ztese lett.&quot;,&quot;og:image&quot;:&quot;\\\/\\\/kep.cdn.indexvas.hu\\\/1\\\/0\\\/6826\\\/68261\\\/682617\\\/68261713_5039269_1af21b6d8d0b01f33ef0c1c1d2011e66_wm.jpg&quot;}\" data-recommendation-id=\"6177985\" rel=\"nofollow noopener\">a Formula\u20131<\/a> k\u00e9t k\u00f6zel-keleti versenye, a Bahreini Nagyd\u00edj \u00e9s a Sza\u00fad-ar\u00e1biai Nagyd\u00edj \u2013 k\u00f6z\u00f6lte a sorozat vezet\u00e9se.<\/p>\n<p>A Formula\u20131 t\u00e1j\u00e9koztat\u00e1sa szerint a t\u00e9rs\u00e9gben kialakult helyzet miatt nem lehet biztons\u00e1gosan lebonyol\u00edtani az esem\u00e9nyeket. A szervez\u0151k t\u00f6bb alternat\u00edv\u00e1t is megvizsg\u00e1ltak, de v\u00e9g\u00fcl \u00fagy d\u00f6nt\u00f6ttek, hogy a k\u00e9t futamot nem rendezik meg az eredeti id\u0151pontban, \u00e9s egyel\u0151re helyettes\u00edt\u0151 verseny sem ker\u00fcl be a napt\u00e1rba.<\/p>\n<p>A bahreini futamot \u00e1prilis 12-\u00e9n, a sza\u00fadit pedig egy h\u00e9ttel k\u00e9s\u0151bb tartott\u00e1k volna.<\/p>\n<p>Stefano Domenicali, a Formula\u20131 eln\u00f6k-vez\u00e9rigazgat\u00f3ja \u00fagy fogalmazott, hogy b\u00e1r neh\u00e9z d\u00f6nt\u00e9st hoztak, a jelenlegi k\u00f6zel-keleti helyzetet figyelembe v\u00e9ve ez volt a felel\u0151s l\u00e9p\u00e9s.<\/p>\n<p>A Nemzetk\u00f6zi Automobil-sz\u00f6vets\u00e9g (FIA) a bejelent\u00e9sben nem haszn\u00e1lta sem a t\u00f6rl\u00e9s, sem a halaszt\u00e1s kifejez\u00e9st, ez\u00e9rt elk\u00e9pzelhet\u0151, hogy a futamokat k\u00e9s\u0151bb p\u00f3tolj\u00e1k az eredeti helysz\u00edneken.<\/p>\n<p>A v\u00e1ltoztat\u00e1s miatt \u00f6t h\u00e9t sz\u00fcnet lesz a versenynapt\u00e1rban: a m\u00e1rcius 29-i Jap\u00e1n Nagyd\u00edj ut\u00e1n a k\u00f6vetkez\u0151 futamra csak m\u00e1jus 3-\u00e1n, a Miami Nagyd\u00edjon ker\u00fcl sor.<\/p>\n<p>                        A 2026-os versenynapt\u00e1r<\/p>\n<p>                        m\u00e1rcius 6\u20138.,\u00a0<a href=\"https:\/\/index.hu\/sport\/forma1\/2026\/03\/08\/formula-1-ausztral-nagydij-futam-osszefoglalo-george-russell-kimi-antonelli-charles-leclerc\/\" id=\"hyperlink_5ecd9bd650f2a251b8a7bea709446a22\" target=\"_blank\" title=\"Kett\u0151s Mercedes-siker az F1-es szezonnyit\u00f3n, Piastri el sem rajtolt hazai verseny\u00e9n\" rel=\"nofollow noopener\">Ausztr\u00e1l Nagyd\u00edj, Melbourne:\u00a01. George Russell\u00a0(brit, Mercedes)<\/a><br \/>\n                        m\u00e1rcius 13\u201315., K\u00ednai Nagyd\u00edj, Sanghaj (sprint)<br \/>\n                        m\u00e1rcius 27\u201329., Jap\u00e1n Nagyd\u00edj, Szuzuka<br \/>\n                        m\u00e1jus 1\u20133., Miami Nagyd\u00edj, Miami (sprint)<br \/>\n                        m\u00e1jus 22\u201324., Kanadai Nagyd\u00edj, Montr\u00e9al (sprint)<br \/>\n                        j\u00fanius 5\u20137., Monac\u00f3i Nagyd\u00edj, Monaco<br \/>\n                        j\u00fanius 12\u201314., Barcelonai Nagyd\u00edj, Barcelona<br \/>\n                        j\u00fanius 26\u201328., Osztr\u00e1k Nagyd\u00edj, Spielberg<br \/>\n                        j\u00falius 3\u20135., Brit Nagyd\u00edj, Silverstone (sprint)<br \/>\n                        j\u00falius 17\u201319., Belga Nagyd\u00edj, Spa-Francorchamps<br \/>\n                        j\u00falius 24\u201326., Magyar Nagyd\u00edj, Mogyor\u00f3d<br \/>\n                        augusztus 21\u201323., Holland Nagyd\u00edj, Zandvoort (sprint, utols\u00f3 alkalom!)<br \/>\n                        szeptember 4\u20136., Olasz Nagyd\u00edj, Monza<br \/>\n                        szeptember 11\u201313., Spanyol Nagyd\u00edj, Madrid (\u00faj helysz\u00edn!)<br \/>\n                        szeptember 26., Azeri Nagyd\u00edj, Baku (szombati futam)<br \/>\n                        okt\u00f3ber 9\u201311., Szingap\u00fari Nagyd\u00edj, Szingap\u00far (sprint)<br \/>\n                        okt\u00f3ber 23\u201325., Egyes\u00fclt \u00c1llamok Nagyd\u00edj, Austin<br \/>\n                        okt\u00f3ber 30.\u2013november 1., Mexik\u00f3i Nagyd\u00edj, Mexik\u00f3v\u00e1ros<br \/>\n                        november 6\u20138., Brazil Nagyd\u00edj, Sao Paulo<br \/>\n                        november 21., Las Vegas-i Nagyd\u00edj, Las Vegas (szombati futam)<br \/>\n                        november 27\u201329., Katari Nagyd\u00edj, Lusail<br \/>\n                        december 4\u20136., Abu-Dzabi Nagyd\u00edj, Jas Marina<\/p>\n<p>\n                          Az Indexen percr\u0151l percre h\u00edrfolyamban tud\u00f3s\u00edtunk a k\u00f6zel-keleti esem\u00e9nyekr\u0151l, amelyet <a href=\"https:\/\/index.hu\/kulfold\/2026\/03\/15\/iran-egyesult-allamok-izrael-teheran-haboru-kozel-kelet-konfliktus-libanon-hezbollah-donald-trump\/\" id=\"hyperlink_9988893fb1ac622ef34629772f0086af\" target=\"_blank\" title=\"Donald Trump szerint Ir\u00e1n \u00faj legf\u0151bb vezet\u0151je halott lehet, de felmer\u00fclt egy moszkvai sz\u00e1l is\" rel=\"nofollow noopener\">ide kattintva<\/a> k\u00f6vethet.\n                        <\/p>\n<p>\n                          (Bor\u00edt\u00f3k\u00e9p: A Bahreini Nagyd\u00edj r\u00e9sztvev\u0151i a Bahrein Nemzetk\u00f6zi Versenyp\u00e1ly\u00e1n 2025 \u00e1prilis 13-\u00e1n.\u00a0Fot\u00f3:\u00a0Hamad I Mohammed \/ Reuters)\u00a0\n                        <\/p>\n<p>    <img decoding=\"async\" src=\"https:\/\/index.hu\/assets\/images\/social-follow\/logo-big.svg\" alt=\"Index.hu logo\"\/><\/p>\n<p>K\u00f6vesse az Indexet Facebookon is!<\/p>\n<p>    <a href=\"https:\/\/facebook.com\/Indexhu\" target=\"_blank\" rel=\"nofollow noopener\"><\/p>\n<p>        K\u00f6vetem!<br \/>\n    <\/a><\/p>\n","protected":false},"excerpt":{"rendered":"Az ir\u00e1ni h\u00e1bor\u00faval kapcsolatos biztons\u00e1gi agg\u00e1lyok miatt \u00e1prilisban elmarad a Formula\u20131 k\u00e9t k\u00f6zel-keleti versenye, a Bahreini Nagyd\u00edj \u00e9s&hellip;\n","protected":false},"author":2,"featured_media":27170,"comment_status":"","ping_status":"","sticky":false,"template":"","format":"standard","meta":{"footnotes":"","_share_on_mastodon":"0"},"categories":[14],"tags":[12834,13444,1326,44,42,40,7219,43,41,45,131],"class_list":["post-27169","post","type-post","status-publish","format-standard","has-post-thumbnail","category-sport","tag-bahreini-nagydij","tag-elmarad","tag-forma-1","tag-hu","tag-hungarian","tag-hungary","tag-irani-haboru","tag-magyar","tag-magyarorszag","tag-sport","tag-sports"],"share_on_mastodon":{"url":"https:\/\/pubeurope.com\/@hu\/116231956202397631","error":""},"_links":{"self":[{"href":"https:\/\/www.europesays.com\/hu\/wp-json\/wp\/v2\/posts\/27169","targetHints":{"allow":["GET"]}}],"collection":[{"href":"https:\/\/www.europesays.com\/hu\/wp-json\/wp\/v2\/posts"}],"about":[{"href":"https:\/\/www.europesays.com\/hu\/wp-json\/wp\/v2\/types\/post"}],"author":[{"embeddable":true,"href":"https:\/\/www.europesays.com\/hu\/wp-json\/wp\/v2\/users\/2"}],"replies":[{"embeddable":true,"href":"https:\/\/www.europesays.com\/hu\/wp-json\/wp\/v2\/comments?post=27169"}],"version-history":[{"count":0,"href":"https:\/\/www.europesays.com\/hu\/wp-json\/wp\/v2\/posts\/27169\/revisions"}],"wp:featuredmedia":[{"embeddable":true,"href":"https:\/\/www.europesays.com\/hu\/wp-json\/wp\/v2\/media\/27170"}],"wp:attachment":[{"href":"https:\/\/www.europesays.com\/hu\/wp-json\/wp\/v2\/media?parent=27169"}],"wp:term":[{"taxonomy":"category","embeddable":true,"href":"https:\/\/www.europesays.com\/hu\/wp-json\/wp\/v2\/categories?post=27169"},{"taxonomy":"post_tag","embeddable":true,"href":"https:\/\/www.europesays.com\/hu\/wp-json\/wp\/v2\/tags?post=27169"}],"curies":[{"name":"wp","href":"https:\/\/api.w.org\/{rel}","templated":true}]}}