{"id":27689,"date":"2026-03-15T16:34:08","date_gmt":"2026-03-15T16:34:08","guid":{"rendered":"https:\/\/www.europesays.com\/hu\/27689\/"},"modified":"2026-03-15T16:34:08","modified_gmt":"2026-03-15T16:34:08","slug":"az-f1-torolte-a-bahreini-es-szaud-arabiai-nagydijakat-az-irani-haboru-miatt","status":"publish","type":"post","link":"https:\/\/www.europesays.com\/hu\/27689\/","title":{"rendered":"Az F1 t\u00f6r\u00f6lte a Bahreini \u00e9s Sza\u00fad-ar\u00e1biai Nagyd\u00edjakat az ir\u00e1ni h\u00e1bor\u00fa miatt"},"content":{"rendered":"<p><a href=\"https:\/\/telex.hu\/szerzo\/peli-koroknai-gergely\" class=\"author__avatar\" rel=\"nofollow noopener\" target=\"_blank\"><img decoding=\"async\" src=\"https:\/\/www.europesays.com\/hu\/wp-content\/uploads\/2026\/03\/_JO_3988__avatar@4x.jpg\" alt=\"P\u00e9li-Koroknai Gergely\" class=\"avatar\" loading=\"lazy\"\/><\/a><\/p>\n<p>Az ir\u00e1ni h\u00e1bor\u00fa jelentette els\u0151sorban biztons\u00e1gi kock\u00e1zat \u00e9s m\u00e1sodsorban logisztikai probl\u00e9m\u00e1k miatt k\u00e9t futamot is t\u00f6r\u00f6ltek az F1-napt\u00e1rb\u00f3l, nem tartj\u00e1k meg az \u00e1prilis 10-12. k\u00f6z\u00e9 tervezett Bahreini \u00e9s az \u00e1prilis 17-19. k\u00f6z\u00e9 tervezett Sza\u00fad-ar\u00e1biai Nagyd\u00edjakat \u2013 <a href=\"https:\/\/www.formula1.com\/en\/latest\/article\/bahrain-and-saudi-arabian-grands-prix-will-not-take-place-in-april.1hnqllVG85RSt8pbFc5Ivx\" target=\"_blank\" rel=\"nofollow noopener\">k\u00f6z\u00f6lte a Nemzetk\u00f6zi Automobil Sz\u00f6vets\u00e9g<\/a> (FIA). A t\u00f6r\u00f6lt futamokat k\u00e9s\u0151bb sem p\u00f3tolj\u00e1k, \u00edgy a 2026-os szezon csak 22 futamb\u00f3l \u00e1ll majd, \u00e1prilisban pedig egy\u00e1ltal\u00e1n nem rendeznek versenyt.<\/p>\n<p>A k\u00e9t arab verseny megrendez\u00e9se tulajdonk\u00e9ppen az ir\u00e1ni h\u00e1bor\u00fa kit\u00f6r\u00e9sekor, m\u00e9g a Forma\u20131-szezon kezdete el\u0151tt bizonytalann\u00e1 v\u00e1lt. A szervez\u0151k az\u00f3ta folyamatosan k\u00f6vett\u00e9k a konfliktus alakul\u00e1s\u00e1t, de mostanra biztoss\u00e1 v\u00e1lt, hogy sem biztons\u00e1gi, sem logisztikai oldalr\u00f3l nem megoldhat\u00f3 a k\u00e9t futam megtart\u00e1sa.<\/p>\n<p>Mivel nem mutatkozik jele annak, hogy a h\u00e1bor\u00fa a k\u00f6zelj\u00f6v\u0151ben v\u00e9get \u00e9rhet, \u00e9s folyamatosan korl\u00e1tozott a t\u00e9rs\u00e9g l\u00e9giforgalma, az FIA k\u00e9nytelen volt a K\u00ednai Nagyd\u00edj h\u00e9tv\u00e9g\u00e9j\u00e9n meghozni a d\u00f6nt\u00e9st, hogy a csapatoknak a lehet\u0151 legk\u00f6nnyebb legyen alkalmazkodni a helyzethez. Ez azt is jelenti, hogy a m\u00e1rcius 27-29. k\u00f6zti Jap\u00e1n Nagyd\u00edj ut\u00e1n az F1 kont\u00e9nereit nem a K\u00f6zel-Keletre sz\u00e1ll\u00edtj\u00e1k vissza teherhaj\u00f3val, hanem a m\u00e1jus eleji Miami Nagyd\u00edj helysz\u00edn\u00e9re k\u00fcldik egyb\u0151l a felszerel\u00e9seket. A nagy le\u00e1ll\u00e1s miatt ugyanakkor a csapatoknak lehet\u0151s\u00e9g\u00fck lesz arra is, hogy a saj\u00e1t felszerel\u00e9seiket, bele\u00e9rtve a versenyaut\u00f3kat az eur\u00f3pai csapatk\u00f6zpontokba reptess\u00e9k vissza ig\u00e9ny szerint.<\/p>\n<p><img decoding=\"async\" src=\"https:\/\/www.europesays.com\/hu\/wp-content\/uploads\/2026\/03\/1773411126-temp-t32sbdfhtpag3Lgklec_cikktorzs:xl.jpg\"  loading=\"lazy\" alt=\"Az el\u0151szezoni teszt ut\u00e1n m\u00e9gsem t\u00e9r vissza az F1 Bahreinbe 2026-ban \u2013 Fot\u00f3: Hamad I Mohammed \/ Reuters\" class=\"placeholder_\"\/><\/p>\n<p>Az el\u0151szezoni teszt ut\u00e1n m\u00e9gsem t\u00e9r vissza az F1 Bahreinbe 2026-ban \u2013 Fot\u00f3: Hamad I Mohammed \/ Reuters<\/p>\n<p>A helyzetet nehez\u00edti, hogy szinte minden F1-csapat hagyott felszerel\u00e9st Bahreinben a szezon el\u0151tti teszt ut\u00e1n, hiszen \u00e1prilisban am\u00fagy is visszat\u00e9rt volna oda a sorozat, most viszont ezek begy\u0171jt\u00e9s\u00e9t is meg kell oldani.<\/p>\n<p>A k\u00e9t kies\u0151 futammal a csapatok egy h\u00f3nap fejleszt\u00e9si id\u0151t nyernek, egy\u00fattal az F1 maga is kap egy kis id\u0151t arra, hogy kital\u00e1lja, milyen <a href=\"https:\/\/www.the-race.com\/formula-1\/f1-could-change-its-2026-rules-as-early-as-round-three\/\" target=\"_blank\" rel=\"nofollow noopener\">kisebb, de gyorsabb v\u00e1ltoztat\u00e1sokkal<\/a> tudnak jav\u00edtani a <a href=\"https:\/\/telex.hu\/sport\/2026\/01\/25\/forma-1-f1-2026-szabalyvaltozasok-motor-mercedes-red-bull-cadillac-ferrari-mclaren\" rel=\"nofollow noopener\" target=\"_blank\">2026-os, \u00faj F1-szab\u00e1lyokkal<\/a> \u00e9rkezett probl\u00e9m\u00e1kra.<\/p>\n<p>Partnereinkt\u0151l<\/p>\n<p>K\u00f6vess minket Facebookon is!<\/p>\n","protected":false},"excerpt":{"rendered":"Az ir\u00e1ni h\u00e1bor\u00fa jelentette els\u0151sorban biztons\u00e1gi kock\u00e1zat \u00e9s m\u00e1sodsorban logisztikai probl\u00e9m\u00e1k miatt k\u00e9t futamot is t\u00f6r\u00f6ltek az F1-napt\u00e1rb\u00f3l,&hellip;\n","protected":false},"author":2,"featured_media":27690,"comment_status":"","ping_status":"","sticky":false,"template":"","format":"standard","meta":{"footnotes":"","_share_on_mastodon":"0"},"categories":[14],"tags":[12834,13444,637,1326,44,42,40,7219,43,41,45,131,9484],"class_list":["post-27689","post","type-post","status-publish","format-standard","has-post-thumbnail","category-sport","tag-bahreini-nagydij","tag-elmarad","tag-f1","tag-forma-1","tag-hu","tag-hungarian","tag-hungary","tag-irani-haboru","tag-magyar","tag-magyarorszag","tag-sport","tag-sports","tag-szaud-arabiai-nagydij"],"share_on_mastodon":{"url":"https:\/\/pubeurope.com\/@hu\/116234162176184011","error":""},"_links":{"self":[{"href":"https:\/\/www.europesays.com\/hu\/wp-json\/wp\/v2\/posts\/27689","targetHints":{"allow":["GET"]}}],"collection":[{"href":"https:\/\/www.europesays.com\/hu\/wp-json\/wp\/v2\/posts"}],"about":[{"href":"https:\/\/www.europesays.com\/hu\/wp-json\/wp\/v2\/types\/post"}],"author":[{"embeddable":true,"href":"https:\/\/www.europesays.com\/hu\/wp-json\/wp\/v2\/users\/2"}],"replies":[{"embeddable":true,"href":"https:\/\/www.europesays.com\/hu\/wp-json\/wp\/v2\/comments?post=27689"}],"version-history":[{"count":0,"href":"https:\/\/www.europesays.com\/hu\/wp-json\/wp\/v2\/posts\/27689\/revisions"}],"wp:featuredmedia":[{"embeddable":true,"href":"https:\/\/www.europesays.com\/hu\/wp-json\/wp\/v2\/media\/27690"}],"wp:attachment":[{"href":"https:\/\/www.europesays.com\/hu\/wp-json\/wp\/v2\/media?parent=27689"}],"wp:term":[{"taxonomy":"category","embeddable":true,"href":"https:\/\/www.europesays.com\/hu\/wp-json\/wp\/v2\/categories?post=27689"},{"taxonomy":"post_tag","embeddable":true,"href":"https:\/\/www.europesays.com\/hu\/wp-json\/wp\/v2\/tags?post=27689"}],"curies":[{"name":"wp","href":"https:\/\/api.w.org\/{rel}","templated":true}]}}