{"id":30364,"date":"2026-03-17T20:15:07","date_gmt":"2026-03-17T20:15:07","guid":{"rendered":"https:\/\/www.europesays.com\/hu\/30364\/"},"modified":"2026-03-17T20:15:07","modified_gmt":"2026-03-17T20:15:07","slug":"tavaszi-kormok-2026-ime-6-legtrendibb-manikur","status":"publish","type":"post","link":"https:\/\/www.europesays.com\/hu\/30364\/","title":{"rendered":"Tavaszi k\u00f6rm\u00f6k 2026: \u00edme 6 legtrendibb manik\u0171r"},"content":{"rendered":"<p>Term\u00e9szetesen id\u0151sebb korban sincs tilt\u00f3lista \u00e9s b\u00e1rmilyen k\u00f6rm\u00f6kkel k\u00eds\u00e9rletezhet az ember.<br \/>\nHa az eleg\u00e1ns, letisztult sz\u00e9ps\u00e9g a c\u00e9l, akkor j\u00f3 helyen j\u00e1rsz!<br \/>\nL\u00e1ssuk 2026 tavasz\u00e1nak legtrendibb k\u00f6rmeit!<\/p>\n<p>2026-ban divatba j\u00f6nnek a <a href=\"https:\/\/marieclaire.hu\/szepseg\/2026\/02\/18\/szogletes-korom-2026\/\" target=\"_blank\" rel=\"noopener nofollow\">sz\u00f6gletes k\u00f6rm\u00f6k<\/a>, ami pedig a <a href=\"https:\/\/marieclaire.hu\/szepseg\/2026\/03\/02\/tavaszi-kormok-2026-ezek-a-szinek-hoditanak-iden\/\" target=\"_blank\" rel=\"noopener nofollow\">sz\u00edneket illeti<\/a>, olyanok h\u00f3d\u00edtanak, mint a napcs\u00f3kolta v\u00f6r\u00f6s vagy a tomp\u00edtott pasztellk\u00e9k. Persze \u00e9rthet\u0151, ha a trendek mellett sz\u00e1modra olyan legyen, ami illik egy 40 feletti \u00e9rett n\u0151h\u00f6z. Legyen divatos, mutat\u00f3s, m\u00e9gis kifinomult. Szerencs\u00e9re nem kell tov\u00e1bb keresg\u00e9lned \u00f6tleteket!<\/p>\n<p>\u00cdme 2026 tavasz\u00e1nak 6 legtrendibb manik\u0171rje:<br \/>\n1. Tejes k\u00f6rm\u00f6k<\/p>\n<p>A <a href=\"https:\/\/marieclaire.hu\/szepseg\/2023\/04\/27\/manikur-koromtrend-tejuveg\/\" target=\"_blank\" rel=\"noopener nofollow\">tejszer\u0171 k\u00f6rm\u00f6k<\/a> el\u0151sz\u00f6r tavaly ny\u00e1ron kezdtek divatba j\u00f6nni, de id\u00e9n a m\u00e9g semlegesebb\u00a0hat\u00e1s\u00fa BB kr\u00e9mes k\u00f6r\u00f6mlakk a trend. Vigy\u00e9l fel egy v\u00e9kony r\u00e9teg alig l\u00e1that\u00f3, \u00e1ttetsz\u0151 r\u00f3zsasz\u00edn vagy feh\u00e9r k\u00f6r\u00f6mlakkot, hogy a term\u00e9szetes k\u00f6r\u00f6m el\u0151t\u0171nj\u00f6n a finom hat\u00e1s \u00e9rdek\u00e9ben.<\/p>\n<p>2. Smaragdz\u00f6ldek<\/p>\n<p>Gazdag \u00e9s eleg\u00e1ns megjelen\u00e9s\u0171, s\u00f6t\u00e9tz\u00f6ld\u00a0manik\u0171rrel\u00a0sikkes sz\u00ednt vihetsz a megjelen\u00e9sedbe. K\u00f6vesd Iram szt\u00e1rmanik\u0171r\u00f6s p\u00e9ld\u00e1j\u00e1t, \u00e9s fejezd be egy f\u00e9nyes fed\u0151lakkal a magasf\u00e9ny\u0171 v\u00e9geredm\u00e9ny\u00e9rt.<\/p>\n<p>3. Klasszikus v\u00f6r\u00f6sbor<\/p>\n<p>Ak\u00e1r egy \u00e9l\u00e9nk postal\u00e1da \u00e1rnyalatot, ak\u00e1r egy gazdag cseresznye \u00e1rnyalatot v\u00e1lasztasz, a v\u00f6r\u00f6s manik\u0171r\u00f6k mindig nyer\u0151ek, kort\u00f3l f\u00fcggetlen\u00fcl. Az ilyen mandulav\u00e1g\u00e1s\u00fa k\u00f6rm\u00f6k eleg\u00e1ns hat\u00e1st keltenek, de \u00e9n a r\u00f6vid, sz\u00f6gletes v\u00f6r\u00f6s k\u00f6rm\u00f6ket is szeretem a letisztult megjelen\u00e9s \u00e9rdek\u00e9ben.<\/p>\n<p>4. R\u00f6vid form\u00e1k<\/p>\n<p>B\u00e1r nincsenek szigor\u00fa szab\u00e1lyok a 40 feletti n\u0151k sz\u00e1m\u00e1ra legmegfelel\u0151bb k\u00f6r\u00f6mform\u00e1t illet\u0151en, Emilie Sanscartier,\u00a0a Gelcare alap\u00edt\u00f3ja azt javasolja, hogy a praktikum kedv\u00e9\u00e9rt\u00a0r\u00f6vid k\u00f6rm\u00f6ket\u00a0v\u00e1lasszanak. \u201e\u00c9n egy r\u00f6vid, sz\u00f6gletes, lekerek\u00edtett k\u00f6r\u00f6mform\u00e1t aj\u00e1nlan\u00e9k\u201d \u2013 mondja. \u201eEz a kombin\u00e1ci\u00f3 strukt\u00far\u00e1t \u00e9s term\u00e9szetes megjelen\u00e9st biztos\u00edt, ami k\u00fcl\u00f6n\u00f6sen el\u0151ny\u00f6s az \u00e9rett kezeken.\u201d<\/p>\n<p>5. Csokol\u00e1d\u00e9 \u00e1rnyalatok<\/p>\n<p>B\u00e1r a barna sz\u00ednt \u0151szi manik\u0171rt\u00f3nusnak gondolhatod, hidd el, eg\u00e9sz \u00e9vben kiv\u00e9telesen j\u00f3l mutat. A gazdag <a href=\"https:\/\/marieclaire.hu\/szepseg\/2023\/09\/27\/hailey-bieber-csoki-manikur\/\" target=\"_blank\" rel=\"noopener nofollow\">csokol\u00e1d\u00e9 \u00e1rnyalat<\/a> t\u00f6k\u00e9letes p\u00e1ros\u00edt\u00e1s a napbarn\u00edtott ny\u00e1ri b\u0151rh\u00f6z \u00e9s az arany \u00e9kszerekhez, mik\u00f6zben tov\u00e1bbra is sikkes \u00e9s klasszikus hat\u00e1st kelt.<\/p>\n<p>6. Francia manik\u0171r<\/p>\n<p>A\u00a0<a href=\"https:\/\/marieclaire.hu\/szepseg\/2026\/02\/11\/francia-maniku-2026\/\" target=\"_blank\" rel=\"noopener nofollow\">francia manik\u0171r<\/a>\u00a0egy \u00f6r\u00f6k klasszikus, \u00e9s t\u00e9nyleg nem lehet mell\u00e9ny\u00falni vele. Ha k\u00eds\u00e9rletezni szeretn\u00e9l a sz\u00ednekkel, mi\u00e9rt ne pr\u00f3b\u00e1ln\u00e1l ki egy\u00a0\u00e9l\u00e9nk francia manik\u0171rv\u00e9get? A 40 felettiek \u00e9rettebb keze is profit\u00e1lhatnak a kontrasztos manik\u0171rv\u00e9g el\u0151ny\u00f6s hat\u00e1s\u00e1b\u00f3l, \u00e9s a szolid sz\u00ednfolt biztosan \u00f6r\u00f6met okoz, valah\u00e1nyszor megl\u00e1tod \u0151ket.<\/p>\n<p>Forr\u00e1s: Marie Claire UK\/<a href=\"https:\/\/www.marieclaire.co.uk\/beauty\/best-nail-trends-for-older-women\" target=\"_blank\" rel=\"noopener nofollow\">Jazzria Harris<\/a>, Fot\u00f3: Getty Images<\/p>\n<p>\t\tOlvass tov\u00e1bb<\/p>\n<p>\t\t\t\t\t\t\t\t\t<a class=\"m-postListWidget__img m-postList__img\" href=\"https:\/\/marieclaire.hu\/szepseg\/2025\/02\/18\/szappan-kormok-nude\/\" rel=\"nofollow noopener\" target=\"_blank\"><br \/>\n\t\t\t\t\t\t<img loading=\"lazy\" width=\"480\" height=\"320\" src=\"https:\/\/www.europesays.com\/hu\/wp-content\/uploads\/2026\/03\/szappan-kormok-480x320.jpg\" class=\"attachment-central-medium size-central-medium wp-post-image\" alt=\"szappan-kormok\" decoding=\"async\"   title=\"szappan-kormok | Marie Claire\"\/>\t\t\t\t\t<\/a><\/p>\n<p>\t\t\t\t\t\t\t\t\t<a class=\"m-postListWidget__img m-postList__img\" href=\"https:\/\/marieclaire.hu\/szepseg\/2026\/02\/25\/orosz-mandula-korom-trend-mini\/\" rel=\"nofollow noopener\" target=\"_blank\"><br \/>\n\t\t\t\t\t\t<img width=\"480\" height=\"320\" src=\"https:\/\/www.europesays.com\/hu\/wp-content\/uploads\/2026\/03\/oroszmandula-korom-trend-mini-480x320.jpg\" class=\"attachment-central-medium size-central-medium wp-post-image\" alt=\"Orosz mandula k\u00f6r\u00f6mtrend mini verzi\u00f3ban\" decoding=\"async\" loading=\"lazy\"   title=\"oroszmandula-korom-trend-mini | Marie Claire\"\/>\t\t\t\t\t<\/a><\/p>\n<p>\t\tAj\u00e1nlott vide\u00f3<\/p>\n","protected":false},"excerpt":{"rendered":"Term\u00e9szetesen id\u0151sebb korban sincs tilt\u00f3lista \u00e9s b\u00e1rmilyen k\u00f6rm\u00f6kkel k\u00eds\u00e9rletezhet az ember. Ha az eleg\u00e1ns, letisztult sz\u00e9ps\u00e9g a c\u00e9l,&hellip;\n","protected":false},"author":2,"featured_media":30365,"comment_status":"","ping_status":"","sticky":false,"template":"","format":"standard","meta":{"footnotes":"","_share_on_mastodon":"0"},"categories":[16],"tags":[14554,137,44,42,40,14555,43,41,14556,138,14557],"class_list":["post-30364","post","type-post","status-publish","format-standard","has-post-thumbnail","category-szorakozas","tag-40-felett","tag-entertainment","tag-hu","tag-hungarian","tag-hungary","tag-koromtrendek","tag-magyar","tag-magyarorszag","tag-manikur","tag-szorakozas","tag-tavaszi-korom"],"share_on_mastodon":{"url":"https:\/\/pubeurope.com\/@hu\/116246356276249864","error":""},"_links":{"self":[{"href":"https:\/\/www.europesays.com\/hu\/wp-json\/wp\/v2\/posts\/30364","targetHints":{"allow":["GET"]}}],"collection":[{"href":"https:\/\/www.europesays.com\/hu\/wp-json\/wp\/v2\/posts"}],"about":[{"href":"https:\/\/www.europesays.com\/hu\/wp-json\/wp\/v2\/types\/post"}],"author":[{"embeddable":true,"href":"https:\/\/www.europesays.com\/hu\/wp-json\/wp\/v2\/users\/2"}],"replies":[{"embeddable":true,"href":"https:\/\/www.europesays.com\/hu\/wp-json\/wp\/v2\/comments?post=30364"}],"version-history":[{"count":0,"href":"https:\/\/www.europesays.com\/hu\/wp-json\/wp\/v2\/posts\/30364\/revisions"}],"wp:featuredmedia":[{"embeddable":true,"href":"https:\/\/www.europesays.com\/hu\/wp-json\/wp\/v2\/media\/30365"}],"wp:attachment":[{"href":"https:\/\/www.europesays.com\/hu\/wp-json\/wp\/v2\/media?parent=30364"}],"wp:term":[{"taxonomy":"category","embeddable":true,"href":"https:\/\/www.europesays.com\/hu\/wp-json\/wp\/v2\/categories?post=30364"},{"taxonomy":"post_tag","embeddable":true,"href":"https:\/\/www.europesays.com\/hu\/wp-json\/wp\/v2\/tags?post=30364"}],"curies":[{"name":"wp","href":"https:\/\/api.w.org\/{rel}","templated":true}]}}