{"id":30469,"date":"2026-03-17T22:14:07","date_gmt":"2026-03-17T22:14:07","guid":{"rendered":"https:\/\/www.europesays.com\/hu\/30469\/"},"modified":"2026-03-17T22:14:07","modified_gmt":"2026-03-17T22:14:07","slug":"penz-jar-vissza-az-allamtol-erdemes-sietnie-az-en-penzem","status":"publish","type":"post","link":"https:\/\/www.europesays.com\/hu\/30469\/","title":{"rendered":"P\u00e9nz j\u00e1r vissza az \u00e1llamt\u00f3l? \u00c9rdemes sietnie &#8211; Az \u00e9n p\u00e9nzem"},"content":{"rendered":"<p><a href=\"https:\/\/news.google.com\/rss\/articles\/CBMiiwFBVV95cUxNRkNPalJ6WjBEdnhwSlpLeEp6OGk1bnRzYVhiRTlRS29EelFaeS0wRlZCcHh6RU80bXRwQ0w3T3hnamFMQWViZmM2eklQM1FrWE01a29WT29xOVhGNXhVWER1bm1neTk3RTZja3lGT3ZsNEVaT1RITUJ3QkpLc1hOQVdRZWQ4SWd1MGtz?oc=5\" target=\"_blank\" rel=\"nofollow noopener\">P\u00e9nz j\u00e1r vissza az \u00e1llamt\u00f3l? \u00c9rdemes sietnie<\/a>&nbsp;&nbsp;Az \u00e9n p\u00e9nzem<a href=\"https:\/\/news.google.com\/rss\/articles\/CBMipgFBVV95cUxPWUd0a3h6aEhEbGJqV2x0QVhVcTJJeFRQeEFmNURSMDZuYjdsQ0h1bElERzVTSFlGczlVeEt2Y1N5a3d2eHpiN3dFZTZaMUtJXzZkZFRJckt4VFRNWGxGUURvMVh5VHhDaExocjZOYkhLNDFKREpiV2xsNEY2bGQ0RUNwVXFKNnVsWFFtdDlHNzQtR28zWFoxaDVOblltT3hRY0ZwOVZB?oc=5\" target=\"_blank\" rel=\"nofollow noopener\">Gazdas\u00e1g &#8211; Fontos hat\u00e1rid\u0151 j\u00e1r le ma \u00e9jf\u00e9lkor az ad\u00f3bevall\u00e1ssal kapcsolatban<\/a>&nbsp;&nbsp;Index.hu<a href=\"https:\/\/news.google.com\/rss\/articles\/CBMijwFBVV95cUxPdl9fT0M3aGJ4OTJUWkRTNEMxeVJVNloyYVl2dHduWXBOdXJHYVZySUVVNzNMYVpBTV82eG4wMHpTNXBSR1BFTE5fYUNkVnFQLTdpMnJLVUw5OHQ2azU1VXJhRlk2UmVBemliZ2tIRVg3dlZaY2RCdDY2YmJreXptRk1zLXBlc1RLQzhfVGNUaw?oc=5\" target=\"_blank\" rel=\"nofollow noopener\">Ad\u00f3bevall\u00e1s: milli\u00f3kat hagyhatnak veszni az ad\u00f3z\u00f3k \u2013 most kell l\u00e9pni a NAV szerint<\/a>&nbsp;&nbsp;ORIGO<a href=\"https:\/\/news.google.com\/rss\/articles\/CBMitwFBVV95cUxOQ212NENVb21idjNLQ2ZVU3RSTk1nMlVBQ2xmaGs3WGtMcU1hZllwcHBsWS05eWdDYmN1bEM1bFZlb2k0Mlh2Mi1LdmdLTmpzdjM1bDJ3LV9yZlpLQjJBUEFva1FncXZQTG5EckgyMm1ibVdJRnROZWVjQlVrVXhaNm16eXAydkUxYk12VlBENnNsTlNCd3gta2tacGNsbkpnSWJZWVFYRDg1a0RlS0N2TkNPdjdQbGc?oc=5\" target=\"_blank\" rel=\"nofollow noopener\">Nagy pofonba szaladhat bele, aki nem n\u00e9zi \u00e1t az ad\u00f3bevall\u00e1s\u00e1t<\/a>&nbsp;&nbsp;Priv\u00e1tbank\u00e1r.hu<a href=\"https:\/\/news.google.com\/rss\/articles\/CBMiqwFBVV95cUxONTB3NTlwNnhIZmduMk51VmdIZ1FVMVAxYmNJU0VpOVgzck81TWU1VXkxekFDeE9HWFVIVkZxbExQUEFIZ0hWbUlaWWtxMW1mWHEyckhQUy1ZUzZZWWxPV0Z3M21lRTVYcmdNZWtsNTJ4OVAtSDZpVEJsU21qOW9PMjlyUHpRNW15OGZ3WGpQak13a0djZmlfajktb3ROb2RGQnRUcmRHcE93Ykk?oc=5\" target=\"_blank\" rel=\"nofollow noopener\">SZJA-bevall\u00e1s 2026: ezekre a hat\u00e1rid\u0151kre \u00e9s kedvezm\u00e9nyekre kell figyelni<\/a>&nbsp;&nbsp;H\u00edrstart<\/p>\n","protected":false},"excerpt":{"rendered":"P\u00e9nz j\u00e1r vissza az \u00e1llamt\u00f3l? \u00c9rdemes sietnie&nbsp;&nbsp;Az \u00e9n p\u00e9nzemGazdas\u00e1g &#8211; Fontos hat\u00e1rid\u0151 j\u00e1r le ma \u00e9jf\u00e9lkor az ad\u00f3bevall\u00e1ssal&hellip;\n","protected":false},"author":2,"featured_media":30470,"comment_status":"","ping_status":"","sticky":false,"template":"","format":"standard","meta":{"footnotes":"","_share_on_mastodon":"0"},"categories":[33],"tags":[14057,38,35,37,44,42,40,43,41,34,13989,13990,36,39],"class_list":["post-30469","post","type-post","status-publish","format-standard","has-post-thumbnail","category-hirek","tag-adobevallas","tag-focimek","tag-headlines","tag-hirek","tag-hu","tag-hungarian","tag-hungary","tag-magyar","tag-magyarorszag","tag-news","tag-szemelyi-jovedelemado","tag-szja","tag-top-stories","tag-vezeto-hirek"],"share_on_mastodon":{"url":"https:\/\/pubeurope.com\/@hu\/116246823724453790","error":""},"_links":{"self":[{"href":"https:\/\/www.europesays.com\/hu\/wp-json\/wp\/v2\/posts\/30469","targetHints":{"allow":["GET"]}}],"collection":[{"href":"https:\/\/www.europesays.com\/hu\/wp-json\/wp\/v2\/posts"}],"about":[{"href":"https:\/\/www.europesays.com\/hu\/wp-json\/wp\/v2\/types\/post"}],"author":[{"embeddable":true,"href":"https:\/\/www.europesays.com\/hu\/wp-json\/wp\/v2\/users\/2"}],"replies":[{"embeddable":true,"href":"https:\/\/www.europesays.com\/hu\/wp-json\/wp\/v2\/comments?post=30469"}],"version-history":[{"count":0,"href":"https:\/\/www.europesays.com\/hu\/wp-json\/wp\/v2\/posts\/30469\/revisions"}],"wp:featuredmedia":[{"embeddable":true,"href":"https:\/\/www.europesays.com\/hu\/wp-json\/wp\/v2\/media\/30470"}],"wp:attachment":[{"href":"https:\/\/www.europesays.com\/hu\/wp-json\/wp\/v2\/media?parent=30469"}],"wp:term":[{"taxonomy":"category","embeddable":true,"href":"https:\/\/www.europesays.com\/hu\/wp-json\/wp\/v2\/categories?post=30469"},{"taxonomy":"post_tag","embeddable":true,"href":"https:\/\/www.europesays.com\/hu\/wp-json\/wp\/v2\/tags?post=30469"}],"curies":[{"name":"wp","href":"https:\/\/api.w.org\/{rel}","templated":true}]}}