{"id":33022,"date":"2026-03-19T21:19:07","date_gmt":"2026-03-19T21:19:07","guid":{"rendered":"https:\/\/www.europesays.com\/hu\/33022\/"},"modified":"2026-03-19T21:19:07","modified_gmt":"2026-03-19T21:19:07","slug":"europa-liga-klubtortenelmi-siker-helyett-dramai-tizenegyesek","status":"publish","type":"post","link":"https:\/\/www.europesays.com\/hu\/33022\/","title":{"rendered":"Eur\u00f3pa Liga: klubt\u00f6rt\u00e9nelmi siker helyett dr\u00e1mai tizenegyesek"},"content":{"rendered":"<p>A 1-0-\u00e1s h\u00e1tr\u00e1nyban kezd\u0151 Nottingham Forest m\u00e1r 2-0-ra is vezetett \u2013 Nicolas Dominguez a 40., Ryan Yates az 52. percben tal\u00e1lt be \u2013, \u00e1m a hazaiak a 69. percben Martin Erlic tal\u00e1lat\u00e1val hosszabb\u00edt\u00e1sra mentett\u00e9k a tal\u00e1lkoz\u00f3t.<\/p>\n<p>Az eredm\u00e9ny se a rendes j\u00e1t\u00e9kid\u0151ben, se a r\u00e1ad\u00e1sban nem v\u00e1ltozott, \u00edgy j\u00f6hettek a tizenegyesek. Azonban am\u00edg az angolok hib\u00e1tlanul l\u0151ttek, addig a hazaiakn\u00e1l Cso Gjuszong \u00e9s Aral Simsir is a jobb kapuf\u00e1t tal\u00e1lta el, m\u00edg a harmadik v\u00e1llalkoz\u00f3, a zambiai Edward Chilufya l\u00f6v\u00e9s k\u00f6zbe elcs\u00faszott, \u00e9s a labda magasan elker\u00fclte a kaput.<\/p>\n<p>A Freiburg a m\u00falt h\u00e9ten 1-0-ra kikapott Genkben, a visszav\u00e1g\u00f3n viszont m\u00e1r az els\u0151 f\u00e9lid\u0151ben megford\u00edtotta a p\u00e1rharcot, a m\u00e1sodik f\u00e9lid\u0151ben pedig f\u00f6l\u00e9nyess\u00e9 tette siker\u00e9t (5-1).<\/p>\n<p>A Celta Vigo idegenben aratott gy\u0151zelemmel harcolta ki a tov\u00e1bbjut\u00e1s\u00e1t, igaz, Lyonban a hazaiak sors\u00e1t megpecs\u00e9telte, hogy a 19. percben emberh\u00e1tr\u00e1nyba ker\u00fcltek, amit a spanyol egy\u00fcttes a m\u00e1sodik f\u00e9lid\u0151ben k\u00e9t g\u00f3llal haszn\u00e1lt ki (0-2)<\/p>\n<p>\nEur\u00f3pa Liga, nyolcadd\u00f6nt\u0151, visszav\u00e1g\u00f3k\n<\/p>\n<p>FC Midtjylland (d\u00e1n) \u2013 Nottingham Forest (angol) 1-2 (0-1, 1-2, 1-2) \u2013 tizenegyesekkel: 0-3<br \/>g\u00f3l: Erlic (69.), illetve Dom\u00ednguez (41.), Yates (52.)<br \/>tov\u00e1bbjutott:a Nottingham, 2-2-es \u00f6sszes\u00edt\u00e9s ut\u00e1n tizenegyesekkel.<\/p>\n<p>\u00a0<\/p>\n<p>Olympique Lyon (francia) \u2013 Celta Vigo (spanyol) 0-2 (0-0)<br \/>g\u00f3l: Rueda (61.), Jutgla (90+2.)<br \/>piros lap: Niakhat\u00e9 (19., Lyon), Tagliafico (90+6., Lyon)<br \/>tov\u00e1bbjutott: a Celta Vigo, 3-1-es \u00f6sszes\u00edt\u00e9ssel.<\/p>\n<p>\u00a0<\/p>\n<p>Freiburg (n\u00e9met) \u2013 Genk (belga) 5-1 (2-1)<br \/>g\u00f3l: Ginter (19.), Matanovic (25.), Grifo (53.), Suzuki (57.), Eggestein (79.), illetve Smets (39.)<br \/>tov\u00e1bbjutott: a Freiburg, 5-2-es \u00f6sszes\u00edt\u00e9ssel.<\/p>\n<p>\u00a0<\/p>\n<p>k\u00e9s\u0151bb:<br \/>21.00: Betis (spanyol) \u2013 Panathinaikosz (g\u00f6r\u00f6g)<br \/>21.00: FC Porto (portug\u00e1l) \u2013 Stuttgart (n\u00e9met)<br \/>21.00: AS Roma (olasz) \u2013 Bologna (olasz)<br \/>21.00: Aston Villa (angol) \u2013 Lille (francia)<\/p>\n","protected":false},"excerpt":{"rendered":"A 1-0-\u00e1s h\u00e1tr\u00e1nyban kezd\u0151 Nottingham Forest m\u00e1r 2-0-ra is vezetett \u2013 Nicolas Dominguez a 40., Ryan Yates az&hellip;\n","protected":false},"author":2,"featured_media":33023,"comment_status":"","ping_status":"","sticky":false,"template":"","format":"standard","meta":{"footnotes":"","_share_on_mastodon":"0"},"categories":[3],"tags":[107,106,47,105,378,42,502,43,15407,15408,45,14949],"class_list":["post-33022","post","type-post","status-publish","format-standard","has-post-thumbnail","category-europa","tag-eu","tag-europa","tag-europa-liga","tag-europe","tag-foci","tag-hungarian","tag-labdarugas","tag-magyar","tag-midtjylland","tag-nottingham","tag-sport","tag-tizenegyesek"],"share_on_mastodon":{"url":"https:\/\/pubeurope.com\/@hu\/116257932307979792","error":""},"_links":{"self":[{"href":"https:\/\/www.europesays.com\/hu\/wp-json\/wp\/v2\/posts\/33022","targetHints":{"allow":["GET"]}}],"collection":[{"href":"https:\/\/www.europesays.com\/hu\/wp-json\/wp\/v2\/posts"}],"about":[{"href":"https:\/\/www.europesays.com\/hu\/wp-json\/wp\/v2\/types\/post"}],"author":[{"embeddable":true,"href":"https:\/\/www.europesays.com\/hu\/wp-json\/wp\/v2\/users\/2"}],"replies":[{"embeddable":true,"href":"https:\/\/www.europesays.com\/hu\/wp-json\/wp\/v2\/comments?post=33022"}],"version-history":[{"count":0,"href":"https:\/\/www.europesays.com\/hu\/wp-json\/wp\/v2\/posts\/33022\/revisions"}],"wp:featuredmedia":[{"embeddable":true,"href":"https:\/\/www.europesays.com\/hu\/wp-json\/wp\/v2\/media\/33023"}],"wp:attachment":[{"href":"https:\/\/www.europesays.com\/hu\/wp-json\/wp\/v2\/media?parent=33022"}],"wp:term":[{"taxonomy":"category","embeddable":true,"href":"https:\/\/www.europesays.com\/hu\/wp-json\/wp\/v2\/categories?post=33022"},{"taxonomy":"post_tag","embeddable":true,"href":"https:\/\/www.europesays.com\/hu\/wp-json\/wp\/v2\/tags?post=33022"}],"curies":[{"name":"wp","href":"https:\/\/api.w.org\/{rel}","templated":true}]}}