{"id":33522,"date":"2026-03-20T09:18:11","date_gmt":"2026-03-20T09:18:11","guid":{"rendered":"https:\/\/www.europesays.com\/hu\/33522\/"},"modified":"2026-03-20T09:18:11","modified_gmt":"2026-03-20T09:18:11","slug":"index-kulfold-egy-harckocsit-vezetve-mutatkozott-a-nyilvanossag-elott-kim-dzsongun-lanya","status":"publish","type":"post","link":"https:\/\/www.europesays.com\/hu\/33522\/","title":{"rendered":"Index &#8211; K\u00fclf\u00f6ld &#8211; Egy harckocsit vezetve mutatkozott a nyilv\u00e1noss\u00e1g el\u0151tt Kim Dzsongun l\u00e1nya"},"content":{"rendered":"<p>        <img decoding=\"async\" src=\"https:\/\/www.europesays.com\/hu\/wp-content\/uploads\/2026\/03\/68361427_8c9647932bc12ca2b23f6c506f2728f4_wm.jpg\" alt=\"2026-03-19T221911Z 2054826688 RC2X7KA5TMLU RTRMADP 3 NORTHKOREA-\"\/><\/p>\n<p>\n                \u00dajabb nyilv\u00e1nos megjelen\u00e9se volt Kim Dzsongun l\u00e1ny\u00e1nak. A KCNA \u00e1llami h\u00edr\u00fcgyn\u00f6ks\u00e9g \u00e1ltal k\u00f6zz\u00e9tett k\u00e9peken a tin\u00e9dzser Kim Dzsuet egy harckocsi vezet\u0151f\u00fclk\u00e9j\u00e9ben fot\u00f3zt\u00e1k le.            <\/p>\n<p>Harckocsivezet\u00e9s k\u00f6zben fot\u00f3zt\u00e1k le\u00a0Kim Dzsongun \u00e9szak-koreai vezet\u0151 \u00e9s tin\u00e9dzser l\u00e1ny\u00e1t.\u00a0A\u00a0KCNA \u00e1llami h\u00edr\u00fcgyn\u00f6ks\u00e9g p\u00e9nteken k\u00f6zz\u00e9tett fot\u00f3in l\u00e1that\u00f3, ahogy\u00a0Kim Dzsue\u00a0vezet\u0151f\u00fclk\u00e9b\u0151l figyelmesen el\u0151re n\u00e9z, haja lobog a sz\u00e9lben, mik\u00f6zben mosolyg\u00f3 apja a toronyhoz t\u00e1maszkodik, h\u00e1rom egyenruh\u00e1s t\u00e1rsas\u00e1g\u00e1ban \u2013 \u00edrja a <a href=\"https:\/\/www.reuters.com\/world\/asia-pacific\/north-koreas-kim-leads-offensive-tactical-drill-with-new-tanks-kcna-says-2026-03-19\/\" id=\"hyperlink_da3149b1cace4f083c4c40e16e47a1b3\" rel=\"nofollow noopener\" target=\"_blank\">Reuters<\/a>.<\/p>\n<p>Az \u00e9szak-koreai vezet\u0151 l\u00e1nya egyre gyakrabban szerepel a nyilv\u00e1noss\u00e1g el\u0151tt. Egy h\u00e9ttel kor\u00e1bban egy <a href=\"https:\/\/index.hu\/kulfold\/2026\/03\/13\/kim-dzsongun-eszak-korea-fegyver-pisztoly-fegyvergyar-loter\/\" id=\"hyperlink_bd8b760837384bb9f9fee24f82d3dc31\" target=\"_blank\" title=\"Kim Dzsongun \u00faj pisztolyt kapott, azonnal ki is pr\u00f3b\u00e1lta\" rel=\"nofollow noopener\">l\u0151t\u00e9ren fot\u00f3zt\u00e1k le<\/a>.<\/p>\n<p>Kim\u00a0Dzsongun\u00a0cs\u00fct\u00f6rt\u00f6k\u00f6n tekintette meg\u00a0a hadsereg gyakorlat\u00e1t, ahol egy\u00a0\u00faj t\u00edpus\u00fa harckocsit mutattak be. A KCNA jelent\u00e9se szerint a j\u00e1rm\u0171 kiv\u00e1l\u00f3 t\u00e1mad\u00f3 \u00e9s v\u00e9dekez\u0151 k\u00e9pess\u00e9geket mutatott be dr\u00f3nok \u00e9s p\u00e1nc\u00e9lt\u00f6r\u0151 rak\u00e9t\u00e1k ellen.<\/p>\n<p>\n                          (Bor\u00edt\u00f3k\u00e9p: Kim Dzsongun \u00e9s l\u00e1nya, Kim Dzsue egy harckocsin 2026. m\u00e1rcius 19-\u00e9n. Fot\u00f3: KCNA \/ Reuters)\u00a0\n                        <\/p>\n<p>        <a class=\"m-automatic-file-snippet_header_link no_ct\" href=\"https:\/\/dex.hu\/x.php?id=autoakta_aktak&amp;url=https%3A%2F%2Findex.hu%2Faktak%2F\" rel=\"nofollow noopener\" target=\"_blank\"><\/p>\n<p>            Akt\u00e1k<br \/>\n        <\/a><\/p>\n<p>        <a class=\"m-automatic-file-snippet_footer_button no_ct\" href=\"https:\/\/dex.hu\/x.php?id=autoakta_tovabb&amp;url=https%3A%2F%2Findex.hu%2Faktak%2Feszak-korea_kim_dzsongun_kinzas_atomprogram_szemelyi_kultusz_diktatura_kommunizmus%2F\" rel=\"nofollow noopener\" target=\"_blank\"><\/p>\n<p>                M\u00e9g 2443 cikk az akt\u00e1ban<\/p>\n<p>        <\/a><\/p>\n<p>            T\u00f6lt\u00e9s<\/p>\n<p>    <img decoding=\"async\" src=\"https:\/\/index.hu\/assets\/images\/social-follow\/logo-big.svg\" alt=\"Index.hu logo\"\/><\/p>\n<p>K\u00f6vesse az Indexet Facebookon is!<\/p>\n<p>    <a href=\"https:\/\/facebook.com\/Indexhu\" target=\"_blank\" rel=\"nofollow noopener\"><\/p>\n<p>        K\u00f6vetem!<br \/>\n    <\/a><\/p>\n","protected":false},"excerpt":{"rendered":"\u00dajabb nyilv\u00e1nos megjelen\u00e9se volt Kim Dzsongun l\u00e1ny\u00e1nak. A KCNA \u00e1llami h\u00edr\u00fcgyn\u00f6ks\u00e9g \u00e1ltal k\u00f6zz\u00e9tett k\u00e9peken a tin\u00e9dzser Kim Dzsuet&hellip;\n","protected":false},"author":2,"featured_media":33523,"comment_status":"","ping_status":"","sticky":false,"template":"","format":"standard","meta":{"footnotes":"","_share_on_mastodon":"0"},"categories":[21],"tags":[198,137,3488,199,44,42,40,3487,3763,64,43,41,138,3975,245],"class_list":["post-33522","post","type-post","status-publish","format-standard","has-post-thumbnail","category-hiressegek","tag-celebrities","tag-entertainment","tag-eszak-korea","tag-hiressegek","tag-hu","tag-hungarian","tag-hungary","tag-kim-dzsongun","tag-kim-dzsue","tag-kulfold","tag-magyar","tag-magyarorszag","tag-szorakozas","tag-tank","tag-vezetes"],"share_on_mastodon":{"url":"https:\/\/pubeurope.com\/@hu\/116260759319186046","error":""},"_links":{"self":[{"href":"https:\/\/www.europesays.com\/hu\/wp-json\/wp\/v2\/posts\/33522","targetHints":{"allow":["GET"]}}],"collection":[{"href":"https:\/\/www.europesays.com\/hu\/wp-json\/wp\/v2\/posts"}],"about":[{"href":"https:\/\/www.europesays.com\/hu\/wp-json\/wp\/v2\/types\/post"}],"author":[{"embeddable":true,"href":"https:\/\/www.europesays.com\/hu\/wp-json\/wp\/v2\/users\/2"}],"replies":[{"embeddable":true,"href":"https:\/\/www.europesays.com\/hu\/wp-json\/wp\/v2\/comments?post=33522"}],"version-history":[{"count":0,"href":"https:\/\/www.europesays.com\/hu\/wp-json\/wp\/v2\/posts\/33522\/revisions"}],"wp:featuredmedia":[{"embeddable":true,"href":"https:\/\/www.europesays.com\/hu\/wp-json\/wp\/v2\/media\/33523"}],"wp:attachment":[{"href":"https:\/\/www.europesays.com\/hu\/wp-json\/wp\/v2\/media?parent=33522"}],"wp:term":[{"taxonomy":"category","embeddable":true,"href":"https:\/\/www.europesays.com\/hu\/wp-json\/wp\/v2\/categories?post=33522"},{"taxonomy":"post_tag","embeddable":true,"href":"https:\/\/www.europesays.com\/hu\/wp-json\/wp\/v2\/tags?post=33522"}],"curies":[{"name":"wp","href":"https:\/\/api.w.org\/{rel}","templated":true}]}}