{"id":3581,"date":"2026-02-22T20:33:09","date_gmt":"2026-02-22T20:33:09","guid":{"rendered":"https:\/\/www.europesays.com\/hu\/3581\/"},"modified":"2026-02-22T20:33:09","modified_gmt":"2026-02-22T20:33:09","slug":"index-fomo-bruti-beleallt-hajdu-peterbe-a-musorvezeto-most-valaszolt-szegyelld-magad-imre","status":"publish","type":"post","link":"https:\/\/www.europesays.com\/hu\/3581\/","title":{"rendered":"Index &#8211; FOMO &#8211; Bruti bele\u00e1llt Hajd\u00fa P\u00e9terbe, a m\u0171sorvezet\u0151 most v\u00e1laszolt: Sz\u00e9gyelld magad, Imre!"},"content":{"rendered":"<p>A kamp\u00e1nyid\u0151szak kezdet\u00e9vel val\u00f3ban szinte sz\u00f3 szerint berobbant a v\u00e1laszt\u00e1si adok-kapok Magyarorsz\u00e1gon, \u00e9s a politikusok mellett k\u00f6zszerepl\u0151k \u00e9s h\u00edress\u00e9gek is egyre akt\u00edvabban form\u00e1lnak v\u00e9lem\u00e9nyt k\u00f6z\u00e9leti k\u00e9rd\u00e9sekr\u0151l. A k\u00f6z\u00f6ss\u00e9gim\u00e9dia-fel\u00fcleteken egym\u00e1st \u00e9rik a politikai utal\u00e1sok, kritik\u00e1k \u00e9s odasz\u00far\u00e1sok, a napokban pedig egy \u00fajabb nyilv\u00e1nos sz\u00f3v\u00e1lt\u00e1s borzolta fel a ked\u00e9lyeket.<\/p>\n<p>Ez\u00fattal a humorista Bruti, azaz T\u00f3th Imre \u00e9s Hajd\u00fa P\u00e9ter ker\u00fcltek reflektorf\u00e9nybe, miut\u00e1n Bruti egy vide\u00f3ban \u00e9s a hozz\u00e1 f\u0171z\u00f6tt bejegyz\u00e9sben kem\u00e9nyen bele\u00e1llt a m\u0171sorvezet\u0151be.<\/p>\n<p>                        Hajd\u00fa P\u00e9ter kor\u00e1bbi \u00fcgye v\u00e1ltotta ki a cs\u00f6rt\u00e9t<\/p>\n<p>Bruti Facebook-reelj\u00e9ben \u00e9lesen b\u00edr\u00e1lta Hajd\u00fa P\u00e9tert, a vide\u00f3hoz f\u0171z\u00f6tt sz\u00f6vegben pedig konkr\u00e9tan azt \u00edrta, hogy<\/p>\n<p>Hajd\u00fa P\u00e9tert nagy \u00e9rt\u00e9k\u0171 (280 milli\u00f3s) k\u00f6lts\u00e9gvet\u00e9si csal\u00e1s miatt \u00edt\u00e9lt\u00e9k el 1 \u00e9v 6 h\u00f3nap b\u00f6rt\u00f6nb\u00fcntet\u00e9sre, amelyet 4 \u00e9v pr\u00f3baid\u0151re felf\u00fcggesztettek! Most a b\u0171n\u00f6z\u0151 \u00e9rtetlenkedett picit.<\/p>\n<p>A humorista a bevezet\u0151ben \u00edgy m\u00e9g nem \u00e9ppen politikai vagy k\u00f6z\u00e9leti kritik\u00e1t fogalmazott meg, hanem egy kor\u00e1bbi, joger\u0151s b\u00edr\u00f3s\u00e1gi \u00fcgyre utalt, amelyben Hajd\u00fa P\u00e9tert el\u00edt\u00e9lt\u00e9k. A bejegyz\u00e9s sz\u00f6veg\u00e9hez hasonl\u00f3an a\u00a0vide\u00f3 hangv\u00e9tele is\u00a0kifejezetten konfrontat\u00edvra siker\u00fclt.\u00a0<\/p>\n<p>Bruti <a href=\"https:\/\/www.facebook.com\/reel\/1449153650190755\" id=\"hyperlink_0f7d47afa297f715dc8b46ff4fb166e1\" rel=\"nofollow noopener\" target=\"_blank\">a vide\u00f3j\u00e1ban<\/a> arra a kor\u00e1bban Hajd\u00fa P\u00e9ter \u00e1ltal <a href=\"https:\/\/index.hu\/belfold\/2026\/02\/14\/hajdu-peter-mese-vori-magyar-peter-radnai-mark-weboldal\/\" id=\"hyperlink_f01a239403667723da572bb8fb56d101\" target=\"_blank\" title=\"Hajd\u00fa P\u00e9ter a radnaimark.hu-r\u00f3l: Ilyen csak a mes\u00e9ben van\" rel=\"nofollow noopener\">k\u00f6z\u00f6lt bejegyz\u00e9sre<\/a> reag\u00e1lt, amelyben a m\u0171sorvezet\u0151 azt taglalta, hogy szerinte mi\u00e9rt probl\u00e9m\u00e1s \u00e9s erk\u00f6lcsileg megk\u00e9rd\u0151jelezhet\u0151 az, hogy Magyar P\u00e9ter ki\u00e1llt a nyilv\u00e1noss\u00e1g el\u00e9, \u00e9s t\u00fczetesen <a href=\"https:\/\/index.hu\/belfold\/2026\/02\/18\/magyar-peter-radnai-mark-szoba\/\" id=\"hyperlink_d23fcc542ebd6371e667a62b43cd471f\" target=\"_blank\" title=\"Magyar P\u00e9ter elmondta, mi lehet az \u00f6sszet\u00fart \u00e1gyas szob\u00e1ban k\u00e9sz\u00fclt vide\u00f3n\" rel=\"nofollow noopener\">besz\u00e1molt arr\u00f3l, hogy mi t\u00f6rt\u00e9nt<\/a> az elm\u00falt hetekben tem\u00e9rdek besz\u00e9dt\u00e9m\u00e1t szolg\u00e1ltat\u00f3 radnaimark.hu oldalon l\u00e1that\u00f3 szob\u00e1ban, a t\u00f6rt\u00e9ntek ellen\u00e9re m\u00e9gis az orsz\u00e1g minisztereln\u00f6ke akar lenni.\u00a0<\/p>\n<p>A humorista azzal magyar\u00e1zta a mostani vide\u00f3ja elk\u00e9sz\u00edt\u00e9s\u00e9t, hogy Hajd\u00fa ezen bejegyz\u00e9se al\u00e1 \u00edrt kommentj\u00e9t letiltott\u00e1k, \u00edgy most azt \u00fajra felteszi.\u00a0<\/p>\n<p>Sz\u00f3val kedves Hajd\u00fa P\u00e9ter, Peti, ha sz\u00f3l\u00edthatlak \u00edgy, hogyha tudom\u00e1sodra jutna, hogy valaki mondjuk a Frizbi Entertainment Kft. nev\u00e9ben fikt\u00edv sz\u00e1ml\u00e1kat fogadna be, \u00e9s azok \u00e1fatartalm\u00e1t jogosulatlanul levonn\u00e1 az ad\u00f3bevall\u00e1saiban, \u00e9s ezzel a m\u00f3dszerrel t\u00f6bb mint 280 milli\u00f3 forint vagyoni h\u00e1tr\u00e1nyt okozna az \u00e1llami k\u00f6lts\u00e9gvet\u00e9snek, akkor te ezt a cs\u00e1v\u00f3t felnyomn\u00e1d a g*cibe? Vagy v\u00e1rj, hogy ez te volt\u00e1l?<\/p>\n<p>\u2013 hangzik el a vide\u00f3ban.<\/p>\n<p>                        Hajd\u00fa P\u00e9ter bele\u00e1llt a vit\u00e1ba<\/p>\n<p>A vide\u00f3t nem hagyta sz\u00f3 n\u00e9lk\u00fcl Hajd\u00fa P\u00e9ter, aki a humorist\u00e1hoz hasonl\u00f3an <a href=\"https:\/\/www.facebook.com\/reel\/1959423571326326\" id=\"hyperlink_57cdb2087d94a62b31291684e1430a80\" rel=\"nofollow noopener\" target=\"_blank\">kem\u00e9ny v\u00e9lem\u00e9nyt fogalmazott meg<\/a> aktu\u00e1lis vitapartner\u00e9r\u0151l.\u00a0\u201eIsm\u00e9t megtal\u00e1lt valaki, ism\u00e9t k\u00e9sz\u00fclt r\u00f3lam egy vide\u00f3, \u00e9s ez az illet\u0151 f\u0151 m\u0171ve, merthogy ekkora n\u00e9zetts\u00e9get kor\u00e1bban nem tudott el\u00e9rni, h\u00e1t ehhez is \u00e9n kellettem.\u201d Hozz\u00e1tette, hogy kor\u00e1bban nem ismerte a humorist\u00e1t, de \u201ealaposan ut\u00e1nan\u00e9zett\u201d, majd n\u00e9v szerint is megsz\u00f3l\u00edtotta. \u201eBruti a beceneve \u00e9s T\u00f3th Imr\u00e9nek h\u00edvj\u00e1k. Kedves Imre, akkor besz\u00e9lj\u00fcnk \u0151szint\u00e9n \u00e9s besz\u00e9lj\u00fcnk vil\u00e1gosan.\u201d<\/p>\n<p>Hajd\u00fa a kor\u00e1bbi \u00fcgy\u00e9re is kit\u00e9rt, elismerve: \u201e12 \u00e9vvel ezel\u0151tt \u00e9n val\u00f3ban hib\u00e1t k\u00f6vettem el.\u201d Ugyanakkor hangs\u00falyozta, hogy m\u00e1r az els\u0151 perct\u0151l v\u00e1llalta a felel\u0151ss\u00e9get. \u201eJeleztem, hogy megt\u00e9r\u00edtem, azaz visszafizetem a k\u00e1rt. Nem menteget\u0151ztem, nem k\u00e9rtem kegyelmet, bele\u00e1lltam \u00e9s kifizettem az utols\u00f3 fill\u00e9rig.\u201d \u00c1ll\u00edt\u00e1sa szerint az \u00fcgyet joger\u0151sen lez\u00e1rt\u00e1k, \u201eez\u00e9rt el\u0151zetes mentes\u00edt\u00e9st kaptam\u201d. Kiemelte, hogy \u201emindig volt, \u00e9s most is van erk\u00f6lcsi bizony\u00edtv\u00e1nyom. Nincs mentelmi jogom, nem akarok politikus lenni, \u00e9s nem akarok minisztereln\u00f6k lenni\u201d.<\/p>\n<p>A m\u0171sorvezet\u0151 szerint a mostani t\u00e1mad\u00e1s politikai motiv\u00e1ci\u00f3j\u00fa.<\/p>\n<p>Ha valaki a f\u0151n\u00f6k\u00f6d dolgait a sz\u00e1j\u00e1ra veszi, akkor te megpr\u00f3b\u00e1lod \u0151t hiteltelen\u00edteni. Megpr\u00f3b\u00e1lod \u0151t relativiz\u00e1lni. Ez t\u00f6rt\u00e9nt most is. Haver, \u00e9n nem akarok hatalmat, de nem k\u00e9rek \u00e9s nem adok kegyelmet neked sem.\u00a0Szuper, gratul\u00e1lok, ez nem trag\u00e9dia<\/p>\n<p>\u2013 utalt v\u00e9lhet\u0151en Magyar P\u00e9terre a m\u0171sorvezet\u0151.<\/p>\n<p>Ezt k\u00f6vet\u0151en Hajd\u00fa P\u00e9ter is szem\u00e9lyesebb hangnemre v\u00e1ltott, amikor Bruti k\u00f6z\u00e9leti szerepv\u00e1llal\u00e1s\u00e1t emlegette. \u201e55 \u00e9ves vagy, 40 \u00e9ves korodra siker\u00fclt le\u00e9retts\u00e9gizned. Szuper, gratul\u00e1lok, ez nem trag\u00e9dia. Az a trag\u00e9dia, amikor erk\u00f6lcsi magaslatr\u00f3l pr\u00e9dik\u00e1lsz\u201d \u2013 mondta. Felid\u00e9zte a 2017-es zugl\u00f3i id\u0151k\u00f6zi v\u00e1laszt\u00e1st is: \u201e109 szavazatot kapt\u00e1l, 109-en gondolt\u00e1k azt, hogy te alkalmas vagy \u0151ket k\u00e9pviselni.\u201d<\/p>\n<p>Hajd\u00fa szerint m\u00edg \u0151 v\u00e1llalta a felel\u0151ss\u00e9get a m\u00faltj\u00e1\u00e9rt, addig vitapartnere politikai oldalv\u00e1lt\u00e1sokkal pr\u00f3b\u00e1lt el\u0151rejutni. \u201e\u00c9n hib\u00e1ztam, bele\u00e1lltam, v\u00e1llaltam a tetteim\u00e9rt a felel\u0151ss\u00e9get, \u00e9s te mit csin\u00e1lt\u00e1l a 109 szavazat ut\u00e1n?\u201d \u2013 tette fel a k\u00e9rd\u00e9st. Azt is sz\u00f3v\u00e1 tette, hogy Bruti kor\u00e1bban a Magyar K\u00e9tfark\u00fa Kutya P\u00e1rt sz\u00edneiben szerepelt, majd szerinte \u201e2024-ben dobtad a K\u00e9tfark\u00fa Kutya P\u00e1rtot is, gyorsan alap\u00edtott\u00e1l egy Tisza-szigetet, hogy m\u00e9g k\u00f6zelebb ker\u00fclj a f\u0151n\u00f6k\u00f6dh\u00f6z\u201d.<\/p>\n<p>A vide\u00f3 v\u00e9g\u00e9n Hajd\u00fa egy telev\u00edzi\u00f3s szerepl\u00e9st emlegetve\u00a0a b\u00e1tors\u00e1g k\u00e9rd\u00e9s\u00e9t is felvetette, amikor \u2013 \u00e1ll\u00edt\u00e1sa szerint \u2013 bar\u00e1tj\u00e1t, Varga Attila Sixxet, Alekosz \u201esz\u00e9nn\u00e9 \u00e9gette\u201d a m\u0171sor\u00e1ban, Bruti pedig nem \u00e1llt ki mellette.<\/p>\n<p>Mondt\u00e1l egy hangot is a v\u00e9delm\u00e9ben? Dehogy mondt\u00e1l. Ez vagy te, bar\u00e1tokat \u00e1rulsz el \u00e9s p\u00e1rtokat v\u00e1ltogatsz, \u00e9n pedig gerincet nem. \u00c9s ez az, amit ut\u00f3lag nem lehet megszerezni. Sz\u00e9gyelld magad, Imre!<\/p>\n<p>\n                          \u2013 fogalmazott Hajd\u00fa P\u00e9ter.\u00a0\n                        <\/p>\n<p>\n                          (Bor\u00edt\u00f3k\u00e9p: T\u00f3th Imre 2024. m\u00e1rcius 15-\u00e9n. Fot\u00f3:\u00a0T\u00f6vissi Bence \/ Index)\n                        <\/p>\n<p>                <a href=\"https:\/\/konyvek.index.hu\/\" target=\"_blank\" rel=\"nofollow noopener\"><br \/>\n                <img decoding=\"async\" src=\"https:\/\/index.hu\/assets\/images\/konyvajanlo\/book_indapress\/book_indapress_logo.svg\" loading=\"lazy\" alt=\"Inda Press Kiad\u00f3\"\/><br \/>\n                <\/a><\/p>\n<p>                <img decoding=\"async\" src=\"https:\/\/www.europesays.com\/hu\/wp-content\/uploads\/2026\/02\/1771792388_928_asz.png\" loading=\"lazy\" alt=\"Amerikai sztahanov\"\/><\/p>\n<p>Sz\u00e1m\u0171zet\u00e9s, New York, Kelet-Eur\u00f3pa \u2013 egy \u00e9let k\u00f6nyvbe s\u0171r\u00edtve.<\/p>\n<p>                <a class=\"book_index_btn\" href=\"https:\/\/indexadhu.hit.gemius.pl\/hitredir?id=nSCbubuYpDWJZLZs0TssLrbt33Lk5kbipuiZrkg89G3.g7&amp;stparam=snnnpukulg&amp;fastid=jchxsmfcvlispykymeneccgzfglc&amp;nc=0&amp;url=https:\/\/www.indapresskiado.hu\/products\/amerikai-sztahanov\" target=\"_blank\" rel=\"nofollow noopener\">\u00c9RDEKEL<\/a><\/p>\n<p>    <img loading=\"lazy\" decoding=\"async\" src=\"https:\/\/www.europesays.com\/hu\/wp-content\/uploads\/2026\/02\/1771792389_812_redot.gif\" border=\"0\" height=\"0\" width=\"0\"\/><\/p>\n<p>    <img decoding=\"async\" src=\"https:\/\/index.hu\/assets\/images\/social-follow\/logo-big.svg\" alt=\"Index.hu logo\"\/><\/p>\n<p>K\u00f6vesse az Indexet Facebookon is!<\/p>\n<p>    <a href=\"https:\/\/facebook.com\/Indexhu\" target=\"_blank\" rel=\"nofollow noopener\"><\/p>\n<p>        K\u00f6vetem!<br \/>\n    <\/a><\/p>\n","protected":false},"excerpt":{"rendered":"A kamp\u00e1nyid\u0151szak kezdet\u00e9vel val\u00f3ban szinte sz\u00f3 szerint berobbant a v\u00e1laszt\u00e1si adok-kapok Magyarorsz\u00e1gon, \u00e9s a politikusok mellett k\u00f6zszerepl\u0151k \u00e9s&hellip;\n","protected":false},"author":2,"featured_media":3582,"comment_status":"","ping_status":"","sticky":false,"template":"","format":"standard","meta":{"footnotes":"","_share_on_mastodon":"0"},"categories":[21],"tags":[3122,198,3123,137,185,3121,199,44,42,40,43,41,2336,138,953,1064],"class_list":["post-3581","post","type-post","status-publish","format-standard","has-post-thumbnail","category-hiressegek","tag-bruti","tag-celebrities","tag-csorte","tag-entertainment","tag-fomo","tag-hajdu-peter","tag-hiressegek","tag-hu","tag-hungarian","tag-hungary","tag-magyar","tag-magyarorszag","tag-reakcio","tag-szorakozas","tag-velemeny","tag-video"],"share_on_mastodon":{"url":"","error":""},"_links":{"self":[{"href":"https:\/\/www.europesays.com\/hu\/wp-json\/wp\/v2\/posts\/3581","targetHints":{"allow":["GET"]}}],"collection":[{"href":"https:\/\/www.europesays.com\/hu\/wp-json\/wp\/v2\/posts"}],"about":[{"href":"https:\/\/www.europesays.com\/hu\/wp-json\/wp\/v2\/types\/post"}],"author":[{"embeddable":true,"href":"https:\/\/www.europesays.com\/hu\/wp-json\/wp\/v2\/users\/2"}],"replies":[{"embeddable":true,"href":"https:\/\/www.europesays.com\/hu\/wp-json\/wp\/v2\/comments?post=3581"}],"version-history":[{"count":0,"href":"https:\/\/www.europesays.com\/hu\/wp-json\/wp\/v2\/posts\/3581\/revisions"}],"wp:featuredmedia":[{"embeddable":true,"href":"https:\/\/www.europesays.com\/hu\/wp-json\/wp\/v2\/media\/3582"}],"wp:attachment":[{"href":"https:\/\/www.europesays.com\/hu\/wp-json\/wp\/v2\/media?parent=3581"}],"wp:term":[{"taxonomy":"category","embeddable":true,"href":"https:\/\/www.europesays.com\/hu\/wp-json\/wp\/v2\/categories?post=3581"},{"taxonomy":"post_tag","embeddable":true,"href":"https:\/\/www.europesays.com\/hu\/wp-json\/wp\/v2\/tags?post=3581"}],"curies":[{"name":"wp","href":"https:\/\/api.w.org\/{rel}","templated":true}]}}