{"id":40725,"date":"2026-03-26T08:02:13","date_gmt":"2026-03-26T08:02:13","guid":{"rendered":"https:\/\/www.europesays.com\/hu\/40725\/"},"modified":"2026-03-26T08:02:13","modified_gmt":"2026-03-26T08:02:13","slug":"boraros-gabort-letartoztattak-ezt-kovette-el-eljaras-is-indult-ellene-hazai-sztar","status":"publish","type":"post","link":"https:\/\/www.europesays.com\/hu\/40725\/","title":{"rendered":"Bor\u00e1ros G\u00e1bort letart\u00f3ztatt\u00e1k: ezt k\u00f6vette el, elj\u00e1r\u00e1s is indult ellene &#8211; Hazai szt\u00e1r"},"content":{"rendered":"<p>Letart\u00f3ztatt\u00e1k Bor\u00e1ros G\u00e1bort \u2013 a tragikusan fiatalon elhunyt J\u00e1kli M\u00f3nika p\u00e1rj\u00e1t egy k\u00f6z\u00fati ellen\u0151rz\u00e9s sor\u00e1n vette \u0151rizetbe a rend\u0151rs\u00e9g.<\/p>\n<p>Az MMa-harcost a hat\u00f3s\u00e1gok m\u00e1rcius 25-e d\u00e9lut\u00e1nj\u00e1n \u00e1ll\u00edtott\u00e1k meg a Dunaszerdahely j\u00e1r\u00e1sban tal\u00e1lhat\u00f3 Csilizpatas telep\u00fcl\u00e9sen.<\/p>\n<p>                        Bor\u00e1ros G\u00e1bor letart\u00f3ztat\u00e1sa<\/p>\n<p>Az ellen\u0151rz\u00e9s sor\u00e1n kider\u00fclt, Bor\u00e1rost eltiltott\u00e1k a vezet\u00e9st\u0151l, ennek ellen\u00e9re \u00fclt a vol\u00e1n m\u00f6g\u00e9n &#8211; \u00edrja a <a href=\"https:\/\/www.blikk.hu\/sztarvilag\/hazai-sztarok\/letartoztattak-boraros-gabort\/mt5dee4\" id=\"hyperlink_47161d3c46ced5b4a7268c58b6948766\" target=\"_blank\" rel=\"nofollow noopener\">Blikk<\/a>.<\/p>\n<p>Szlov\u00e1k sajt\u00f3h\u00edrek szerint nem csup\u00e1n \u0151rizetbe vett\u00e9k a helysz\u00ednen, elj\u00e1r\u00e1st is ind\u00edtottak ellene. Mindezt a rend\u0151rs\u00e9gi sz\u00f3viv\u0151 meg is er\u0151s\u00edtette a pluska.sk nev\u0171 lapnak.<\/p>\n<p>&#8211; Ma d\u00e9lut\u00e1n a dunaszerdahelyi j\u00e1r\u00e1sban, Csilizpatas faluban a rend\u0151r\u00f6k meg\u00e1ll\u00edtott\u00e1k \u00e9s igazoltatt\u00e1k egy Skoda t\u00edpus\u00fa j\u00e1rm\u0171 vezet\u0151j\u00e9t. Az ellen\u0151rz\u00e9s sor\u00e1n kider\u00fclt, hogy a sof\u0151rnek kor\u00e1bban m\u00e1r elvett\u00e9k a jogos\u00edtv\u00e1ny\u00e1t, tov\u00e1bb\u00e1 eltiltott\u00e1k a vezet\u00e9st\u0151l. A 33 \u00e9ves f\u00e9rfit a helysz\u00ednen \u0151rizetbe vett\u00e9k, \u00e9s elj\u00e1r\u00e1s indult ellene &#8211; \u00e1ll a hat\u00f3s\u00e1gok k\u00f6zlem\u00e9ny\u00e9ben.<\/p>\n<p>Bor\u00e1ros G\u00e1bort feltehet\u0151leg elengedt\u00e9k az \u0151rizetb\u0151l, ugyanis tegnap m\u00e1r a l\u00e1ny\u00e1val posztolt k\u00f6z\u00f6s fot\u00f3t a k\u00f6z\u00f6ss\u00e9gi oldal\u00e1ra. Ugyan a Blikk kereste az MMA-harcost, nem \u00e9rt\u00e9k utol.\u00a0<\/p>\n<p>                                    <a href=\"https:\/\/femina.hu\/hazai_sztar\/boraros-gabor-vadjai\/\" title=\"\" rel=\"nofollow noopener\" target=\"_blank\"><br \/>\n                                    <img decoding=\"async\" src=\"https:\/\/www.europesays.com\/hu\/wp-content\/uploads\/2026\/03\/67297335_4968929_4e5a8a7a2b8fc69f2a41aec1bf330d72_wm.jpg\" alt=\"\" title=\"\"\/><br \/>\n                                <\/a><\/p>\n<p>                                Bor\u00e1ros G\u00e1bor durv\u00e1bbn\u00e1l durv\u00e1bb v\u00e1djai J\u00e1kli M\u00f3nika v\u0151leg\u00e9ny\u00e9re: b\u00edr\u00f3s\u00e1g lehet a v\u00e9ge<\/p>\n<p class=\"lead\">Bor\u00e1ros G\u00e1bor szerint J\u00e1kli M\u00f3nika csal\u00e1dja tiszt\u00e1ban volt azzal, milyen k\u00f6r\u00fclm\u00e9nyek k\u00f6z\u00f6tt \u00e9lt az influenszer.<\/p>\n<p>                                <a href=\"https:\/\/femina.hu\/hazai_sztar\/boraros-gabor-vadjai\/\" class=\"btn btn-normal\" rel=\"nofollow noopener\" target=\"_blank\">Elolvasom<\/a><\/p>\n<p>Cover-fot\u00f3: RTL<\/p>\n<p>                                    <img loading=\"lazy\" decoding=\"async\" src=\"https:\/\/www.europesays.com\/hu\/wp-content\/uploads\/2026\/03\/1774432750_235_68204953_20bb222a049bca551bfa29b6ef389012_wm.jpg\" width=\"200\" height=\"290\" alt=\"\"\/><br \/>\n                            \t    \tA benn\u00fcnk \u00e9l\u0151 n\u0151k &#8211; Hol az egyens\u00faly a megfelel\u00e9s \u00e9s az \u00f6nazonoss\u00e1g k\u00f6z\u00f6tt?<\/p>\n<p>A 21. sz\u00e1zadi n\u0151 minden szerepben helyt \u00e1ll: dolgozik, \u00e9desanya, t\u00e1rs, bar\u00e1t, gondoskod\u00f3, \u00e9s k\u00f6zben pr\u00f3b\u00e1l \u00f6nmaga is maradni. Hogyan lehet lav\u00edrozni a rohan\u00f3 mindennapok, a teljes\u00edtm\u00e9nyk\u00e9nyszer \u00e9s a saj\u00e1t lelki b\u00e9k\u00e9nk k\u00f6z\u00f6tt? Hogyan tal\u00e1ljuk meg az egyens\u00falyt szerepeink k\u00f6z\u00f6tt?\u00a0Er\u0151s Ant\u00f3nia \u00e9s Pokorny Lia besz\u00e9lgetnek j\u00fanius 1-j\u00e9n a MOMkultban arr\u00f3l, mit jelent ma n\u0151nek lenni: hogyan lehet egyszerre helyt \u00e1llni a munka, a csal\u00e1d \u00e9s a saj\u00e1t v\u00e1gyak vil\u00e1g\u00e1ban, mik\u00f6zben meg\u0151rizz\u00fck \u00f6nmagunkat, bels\u0151 er\u0151nket \u00e9s harm\u00f3ni\u00e1nkat.\u00a0<\/p>\n<p><a href=\"https:\/\/indaevents.hu\/\/e\/erosantonia-pokornylia\" rel=\"nofollow noopener\" target=\"_blank\">Biztos\u00edtsd be a helyed most!<\/a><\/p>\n<p class=\"promocio\">Prom\u00f3ci\u00f3<\/p>\n","protected":false},"excerpt":{"rendered":"Letart\u00f3ztatt\u00e1k Bor\u00e1ros G\u00e1bort \u2013 a tragikusan fiatalon elhunyt J\u00e1kli M\u00f3nika p\u00e1rj\u00e1t egy k\u00f6z\u00fati ellen\u0151rz\u00e9s sor\u00e1n vette \u0151rizetbe a&hellip;\n","protected":false},"author":2,"featured_media":40726,"comment_status":"","ping_status":"","sticky":false,"template":"","format":"standard","meta":{"footnotes":"","_share_on_mastodon":"0"},"categories":[21],"tags":[5413,198,137,206,199,44,42,40,43,41,269,138,205,245],"class_list":["post-40725","post","type-post","status-publish","format-standard","has-post-thumbnail","category-hiressegek","tag-boraros-gabor","tag-celebrities","tag-entertainment","tag-hazai-sztar","tag-hiressegek","tag-hu","tag-hungarian","tag-hungary","tag-magyar","tag-magyarorszag","tag-rendorseg","tag-szorakozas","tag-sztar","tag-vezetes"],"share_on_mastodon":{"url":"https:\/\/pubeurope.com\/@hu\/116294434370612338","error":""},"_links":{"self":[{"href":"https:\/\/www.europesays.com\/hu\/wp-json\/wp\/v2\/posts\/40725","targetHints":{"allow":["GET"]}}],"collection":[{"href":"https:\/\/www.europesays.com\/hu\/wp-json\/wp\/v2\/posts"}],"about":[{"href":"https:\/\/www.europesays.com\/hu\/wp-json\/wp\/v2\/types\/post"}],"author":[{"embeddable":true,"href":"https:\/\/www.europesays.com\/hu\/wp-json\/wp\/v2\/users\/2"}],"replies":[{"embeddable":true,"href":"https:\/\/www.europesays.com\/hu\/wp-json\/wp\/v2\/comments?post=40725"}],"version-history":[{"count":0,"href":"https:\/\/www.europesays.com\/hu\/wp-json\/wp\/v2\/posts\/40725\/revisions"}],"wp:featuredmedia":[{"embeddable":true,"href":"https:\/\/www.europesays.com\/hu\/wp-json\/wp\/v2\/media\/40726"}],"wp:attachment":[{"href":"https:\/\/www.europesays.com\/hu\/wp-json\/wp\/v2\/media?parent=40725"}],"wp:term":[{"taxonomy":"category","embeddable":true,"href":"https:\/\/www.europesays.com\/hu\/wp-json\/wp\/v2\/categories?post=40725"},{"taxonomy":"post_tag","embeddable":true,"href":"https:\/\/www.europesays.com\/hu\/wp-json\/wp\/v2\/tags?post=40725"}],"curies":[{"name":"wp","href":"https:\/\/api.w.org\/{rel}","templated":true}]}}